{"id":12508,"date":"2025-06-26T16:12:13","date_gmt":"2025-06-26T19:12:13","guid":{"rendered":"https:\/\/sgpsolucoes.com.br\/site\/?p=12508"},"modified":"2025-06-26T17:27:27","modified_gmt":"2025-06-26T20:27:27","slug":"cop30-presidencia-divulga-cartas-orientativas-sobre-justica-climatica-transicao-energetica-e-bioeconomia","status":"publish","type":"post","link":"https:\/\/sgpsolucoes.com.br\/site\/cop30-presidencia-divulga-cartas-orientativas-sobre-justica-climatica-transicao-energetica-e-bioeconomia\/","title":{"rendered":"COP30: Presid\u00eancia divulga cartas orientativas sobre justi\u00e7a clim\u00e1tica, transi\u00e7\u00e3o energ\u00e9tica e bioeconomia"},"content":{"rendered":"<p><em><strong>Iniciativa fortalece o compromisso institucional com a agenda clim\u00e1tica e a mobiliza\u00e7\u00e3o nacional para o sucesso da COP30, em conson\u00e2ncia com os valores da sustentabilidade, equidade e participa\u00e7\u00e3o social<\/strong><\/em><\/p><p>A Presid\u00eancia da Rep\u00fablica compartilhou, por meio de Of\u00edcio Circular, as Cartas da Presid\u00eancia da 30\u00aa Confer\u00eancia das Partes (COP30) da Conven\u00e7\u00e3o-Quadro das Na\u00e7\u00f5es Unidas sobre Mudan\u00e7a do Clima (UNFCCC). Os documentos est\u00e3o dispon\u00edveis para acesso p\u00fablico no&nbsp;<a href=\"https:\/\/cop30.br\/pt-br\/presidencia-da-cop30\/cartas-da-presidencia\">portal oficial da COP30<\/a>.<\/p><p>As cartas t\u00eam o objetivo de orientar, inspirar e mobilizar os diversos setores da sociedade brasileira em torno dos compromissos e preparativos para a COP30, que ser\u00e1 sediada em Bel\u00e9m (PA), em novembro de 2025. Os textos das cartas abordam temas como justi\u00e7a clim\u00e1tica, transi\u00e7\u00e3o energ\u00e9tica, bioeconomia e protagonismo dos povos da Amaz\u00f4nia, refor\u00e7ando a import\u00e2ncia da a\u00e7\u00e3o coordenada e inclusiva frente \u00e0 emerg\u00eancia clim\u00e1tica global.<\/p><p>A iniciativa fortalece o compromisso institucional com a agenda clim\u00e1tica e a mobiliza\u00e7\u00e3o nacional para o sucesso da COP30, em conson\u00e2ncia com os valores da sustentabilidade, equidade e participa\u00e7\u00e3o social.<\/p><p><strong>COP<\/strong><\/p><p>A Confer\u00eancia das Partes (COP) \u00e9 o maior evento global para discuss\u00e3o e negocia\u00e7\u00f5es sobre as mudan\u00e7as do clima. O encontro \u00e9 realizado anualmente e a presid\u00eancia se alterna entre as cinco regi\u00f5es reconhecidas pela ONU.<\/p><p>Em 2025, o Brasil sediar\u00e1 a 30\u00aa Confer\u00eancia das Partes (COP30), que acontecer\u00e1 em Bel\u00e9m, no Par\u00e1. A cidade escolhida oferecer\u00e1 ao mundo uma plataforma \u00fanica para debater solu\u00e7\u00f5es para a mudan\u00e7a do clima com os p\u00e9s fincados no cora\u00e7\u00e3o da Amaz\u00f4nia.<\/p><p>Como pa\u00eds anfitri\u00e3o, o Brasil est\u00e1 comprometido em fortalecer o multilateralismo e na busca por consensos nas metas globais para a redu\u00e7\u00e3o da emiss\u00e3o de gases que promovem o aquecimento do planeta Terra.<\/p><p>Para mais informa\u00e7\u00f5es sobre a COP,&nbsp;<a href=\"https:\/\/unfccc.int\/\">visite o site<\/a>&nbsp;da UNFCCC.<\/p><p><strong>Fonte: CGU<\/strong><\/p>\n    <div class=\"xs_social_share_widget xs_share_url after_content \t\tmain_content  wslu-style-1 wslu-share-box-shaped wslu-fill-colored wslu-none wslu-share-horizontal wslu-theme-font-no wslu-main_content\">\n\n\t\t\n        <ul>\n\t\t\t        <\/ul>\n    <\/div> \n","protected":false},"excerpt":{"rendered":"<p>A Presid\u00eancia da Rep\u00fablica compartilhou, por meio de Of\u00edcio Circular, as Cartas da Presid\u00eancia da 30\u00aa Confer\u00eancia das Partes (COP30) da Conven\u00e7\u00e3o-Quadro das Na\u00e7\u00f5es Unidas sobre Mudan\u00e7a do Clima (UNFCCC). Os documentos est\u00e3o dispon\u00edveis para acesso p\u00fablico no\u00a0portal oficial da COP30.<\/p>\n","protected":false},"author":5,"featured_media":0,"comment_status":"open","ping_status":"open","sticky":false,"template":"","format":"standard","meta":{"postBodyCss":"","postBodyMargin":[],"postBodyPadding":[],"postBodyBackground":{"backgroundType":"classic","gradient":""},"_price":"","_stock":"","_tribe_ticket_header":"","_tribe_default_ticket_provider":"","_tribe_ticket_capacity":"0","_ticket_start_date":"","_ticket_end_date":"","_tribe_ticket_show_description":"","_tribe_ticket_show_not_going":false,"_tribe_ticket_use_global_stock":"","_tribe_ticket_global_stock_level":"","_global_stock_mode":"","_global_stock_cap":"","_tribe_rsvp_for_event":"","_tribe_ticket_going_count":"","_tribe_ticket_not_going_count":"","_tribe_tickets_list":"[]","_tribe_ticket_has_attendee_info_fields":false,"footnotes":""},"categories":[46],"tags":[12159,12152,12151,12155,12147,1409,12157,12149,3087,12150,12154,12160,12161,12153,12156,12148,4562,205,2893,12158],"class_list":["post-12508","post","type-post","status-publish","format-standard","hentry","category-noticias","tag-30a-conferencia-das-partes","tag-agenda-climatica","tag-bioeconomia","tag-cartas-da-presidencia","tag-cartas-orientativas","tag-cgu","tag-convencao-quadro-das-nacoes-unidas","tag-cop30","tag-equidade","tag-justica-climatica","tag-mobilizacao-nacional","tag-mudanca-do-clima","tag-oficio-circular","tag-participacao-social","tag-portal-oficial-da-cop30","tag-presidencia","tag-presidencia-da-republica","tag-sustentabilidade","tag-transicao-energetica","tag-unfccc"],"acf":[],"_links":{"self":[{"href":"https:\/\/sgpsolucoes.com.br\/site\/wp-json\/wp\/v2\/posts\/12508"}],"collection":[{"href":"https:\/\/sgpsolucoes.com.br\/site\/wp-json\/wp\/v2\/posts"}],"about":[{"href":"https:\/\/sgpsolucoes.com.br\/site\/wp-json\/wp\/v2\/types\/post"}],"author":[{"embeddable":true,"href":"https:\/\/sgpsolucoes.com.br\/site\/wp-json\/wp\/v2\/users\/5"}],"replies":[{"embeddable":true,"href":"https:\/\/sgpsolucoes.com.br\/site\/wp-json\/wp\/v2\/comments?post=12508"}],"version-history":[{"count":0,"href":"https:\/\/sgpsolucoes.com.br\/site\/wp-json\/wp\/v2\/posts\/12508\/revisions"}],"wp:attachment":[{"href":"https:\/\/sgpsolucoes.com.br\/site\/wp-json\/wp\/v2\/media?parent=12508"}],"wp:term":[{"taxonomy":"category","embeddable":true,"href":"https:\/\/sgpsolucoes.com.br\/site\/wp-json\/wp\/v2\/categories?post=12508"},{"taxonomy":"post_tag","embeddable":true,"href":"https:\/\/sgpsolucoes.com.br\/site\/wp-json\/wp\/v2\/tags?post=12508"}],"curies":[{"name":"wp","href":"https:\/\/api.w.org\/{rel}","templated":true}]}}