{"id":12548,"date":"2025-06-30T14:54:37","date_gmt":"2025-06-30T17:54:37","guid":{"rendered":"https:\/\/sgpsolucoes.com.br\/site\/?p=12548"},"modified":"2025-06-30T14:54:38","modified_gmt":"2025-06-30T17:54:38","slug":"tribunal-de-contas-lancara-exposicao-sobre-washington-luis-e-os-100-anos-do-tcesp","status":"publish","type":"post","link":"https:\/\/sgpsolucoes.com.br\/site\/tribunal-de-contas-lancara-exposicao-sobre-washington-luis-e-os-100-anos-do-tcesp\/","title":{"rendered":"Tribunal de Contas lan\u00e7ar\u00e1 exposi\u00e7\u00e3o sobre Washington Lu\u00eds e os 100 anos do TCESP"},"content":{"rendered":"<p>O Memorial do Tribunal de Contas do Estado de S\u00e3o Paulo (TCESP) lan\u00e7ar\u00e1, na quarta-feira (2\/7), \u00e0s 14h30, a exposi\u00e7\u00e3o com o tema \u201cO Paulista de Maca\u00e9: Washington Lu\u00eds e os 100 anos do TCESP\u201d.<br><br>Realizada na sede do Memorial da Corte, na Capital, a a\u00e7\u00e3o que conta com a parceria do Arquivo P\u00fablico do Estado de S\u00e3o Paulo (APESP) e o apoio do Museu Paulista-Universidade de S\u00e3o Paulo (USP) e da Sociedade Numism\u00e1tica Brasileira, trar\u00e1 um paralelo da trajet\u00f3ria do ex-Presidente da Rep\u00fablica que desempenhou um papel fundamental na cria\u00e7\u00e3o e organiza\u00e7\u00e3o do Tribunal de Contas, com a hist\u00f3ria do \u00f3rg\u00e3o que completou 100 anos em 2024.<br><br>A exposi\u00e7\u00e3o contar\u00e1 com as presen\u00e7as do Presidente do TCESP, Conselheiro Antonio Roque Citadini; do Coordenador do Arquivo P\u00fablico do Estado de S\u00e3o Paulo (APESP), Professor e Doutor Thiago Lima Nicodemo; do Docente do Museu Paulista-USP e Supervisor do Museu Republicano de Itu, Professor Doutor Francisco de Carvalho Dias de Andrade; e do Diretor Presidente da Sociedade Numism\u00e1tica Brasileira (SNB), Bruno Henrique Miniuchi Pellizzari.<br><br>Ap\u00f3s o lan\u00e7amento, a exposi\u00e7\u00e3o ficar\u00e1 aberta, de maneira gratuita, a todos os interessados de segunda a sexta, das 10h00 \u00e0s 15h00, na sede do Memorial do TCESP.<\/p><p><strong>Fonte: TCE-SP<\/strong><\/p>\n    <div class=\"xs_social_share_widget xs_share_url after_content \t\tmain_content  wslu-style-1 wslu-share-box-shaped wslu-fill-colored wslu-none wslu-share-horizontal wslu-theme-font-no wslu-main_content\">\n\n\t\t\n        <ul>\n\t\t\t        <\/ul>\n    <\/div> \n","protected":false},"excerpt":{"rendered":"<p>O Memorial do Tribunal de Contas do Estado de S\u00e3o Paulo (TCESP) lan\u00e7ar\u00e1, na quarta-feira (2\/7), \u00e0s 14h30, a exposi\u00e7\u00e3o com o tema \u201cO Paulista de Maca\u00e9: Washington Lu\u00eds e os 100 anos do TCESP\u201d.<\/p>\n","protected":false},"author":5,"featured_media":0,"comment_status":"open","ping_status":"open","sticky":false,"template":"","format":"standard","meta":{"postBodyCss":"","postBodyMargin":[],"postBodyPadding":[],"postBodyBackground":{"backgroundType":"classic","gradient":""},"_price":"","_stock":"","_tribe_ticket_header":"","_tribe_default_ticket_provider":"","_tribe_ticket_capacity":"0","_ticket_start_date":"","_ticket_end_date":"","_tribe_ticket_show_description":"","_tribe_ticket_show_not_going":false,"_tribe_ticket_use_global_stock":"","_tribe_ticket_global_stock_level":"","_global_stock_mode":"","_global_stock_cap":"","_tribe_rsvp_for_event":"","_tribe_ticket_going_count":"","_tribe_ticket_not_going_count":"","_tribe_tickets_list":"[]","_tribe_ticket_has_attendee_info_fields":false,"footnotes":""},"categories":[46],"tags":[12192,12197,12194,12199,12198,2529,9403,10416,2271,12196,12191,12195,535,12190,1420,451,272,339,12193],"class_list":["post-12548","post","type-post","status-publish","format-standard","hentry","category-noticias","tag-100-anos","tag-100-anos-do-tce-sp","tag-100-anos-do-tcesp","tag-apesp","tag-arquivo-publico-do-estado-de-sao-paulo","tag-criacao","tag-ex-presidente-da-republica","tag-exposicao","tag-historia","tag-memorial","tag-museu-paulista-universidade-de-sao-paulo","tag-o-paulista-de-macae","tag-organizacao","tag-sociedade-numismatica-brasileira","tag-tce-sp","tag-tribunal-de-contas","tag-tribunal-de-contas-do-estado-de-sao-paulo","tag-usp","tag-washington-luis"],"acf":[],"_links":{"self":[{"href":"https:\/\/sgpsolucoes.com.br\/site\/wp-json\/wp\/v2\/posts\/12548"}],"collection":[{"href":"https:\/\/sgpsolucoes.com.br\/site\/wp-json\/wp\/v2\/posts"}],"about":[{"href":"https:\/\/sgpsolucoes.com.br\/site\/wp-json\/wp\/v2\/types\/post"}],"author":[{"embeddable":true,"href":"https:\/\/sgpsolucoes.com.br\/site\/wp-json\/wp\/v2\/users\/5"}],"replies":[{"embeddable":true,"href":"https:\/\/sgpsolucoes.com.br\/site\/wp-json\/wp\/v2\/comments?post=12548"}],"version-history":[{"count":0,"href":"https:\/\/sgpsolucoes.com.br\/site\/wp-json\/wp\/v2\/posts\/12548\/revisions"}],"wp:attachment":[{"href":"https:\/\/sgpsolucoes.com.br\/site\/wp-json\/wp\/v2\/media?parent=12548"}],"wp:term":[{"taxonomy":"category","embeddable":true,"href":"https:\/\/sgpsolucoes.com.br\/site\/wp-json\/wp\/v2\/categories?post=12548"},{"taxonomy":"post_tag","embeddable":true,"href":"https:\/\/sgpsolucoes.com.br\/site\/wp-json\/wp\/v2\/tags?post=12548"}],"curies":[{"name":"wp","href":"https:\/\/api.w.org\/{rel}","templated":true}]}}