{"id":12571,"date":"2025-06-30T17:23:47","date_gmt":"2025-06-30T20:23:47","guid":{"rendered":"https:\/\/sgpsolucoes.com.br\/site\/?p=12571"},"modified":"2025-06-30T17:23:48","modified_gmt":"2025-06-30T20:23:48","slug":"justica-valida-reestruturacao-administrativa-no-trt9","status":"publish","type":"post","link":"https:\/\/sgpsolucoes.com.br\/site\/justica-valida-reestruturacao-administrativa-no-trt9\/","title":{"rendered":"Justi\u00e7a valida reestrutura\u00e7\u00e3o administrativa no TRT9"},"content":{"rendered":"<p><em><strong>A decis\u00e3o permite o remanejamento de cargos de acordo com as necessidades do Tribunal Regional do Trabalho da 9\u00aa Regi\u00e3o<\/strong><\/em><\/p><p>Em recente decis\u00e3o (26\/06) do Tribunal Regional Federal da 4\u00aa Regi\u00e3o (TRF4), a Advocacia-Geral da Uni\u00e3o garantiu o remanejamento de cargos comissionados e fun\u00e7\u00f5es de confian\u00e7a, conforme determinado pelos atos administrativos do Tribunal Regional do Trabalho da 9\u00aa Regi\u00e3o (TRT9).<\/p><p>&nbsp;A Procuradoria Regional da Uni\u00e3o da 4\u00aa Regi\u00e3o (PRU4), unidade da AGU que atuou no caso, defendeu a discricionariedade administrativa e a legalidade do ato do TRT9 que promoveu a reestrutura\u00e7\u00e3o de cargos e fun\u00e7\u00f5es comissionadas, revertendo senten\u00e7a da 6\u00aa Vara Federal de Curitiba.<\/p><p>A controv\u00e9rsia surgiu ap\u00f3s um grupo de servidores ajuizar a\u00e7\u00e3o questionando os Atos n\u00ba 171 e n\u00ba 173, de 2022, da Presid\u00eancia do TRT9, que transformaram cargos comissionados de Assistente de Diretor de Secretaria em cargos comissionados de Assistente de Juiz, bem como fun\u00e7\u00f5es comissionadas de Assistente de Juiz em fun\u00e7\u00f5es comissionadas de Assistente de Diretor de Secretaria.<\/p><p>A senten\u00e7a de primeiro grau havia declarado nulos os atos administrativos do TRT9, entendendo que as mudan\u00e7as configuravam troca indevida entre cargos e fun\u00e7\u00f5es comissionadas, o que seria vedado por lei.<\/p><p><strong>Seguran\u00e7a jur\u00eddica<\/strong><\/p><p>No entanto, a PRU4 apelou ao TRF4 sustentando o princ\u00edpio da discricionariedade administrativa. A AGU tamb\u00e9m comprovou que as altera\u00e7\u00f5es foram realizadas sem extrapolar os limites or\u00e7ament\u00e1rios de cada esp\u00e9cie de cargo ou fun\u00e7\u00e3o, conforme previsto no art. 24 da Lei n\u00ba 11.416\/2006.<\/p><p>O TRF4 acatou os argumentos apresentados pela AGU, refor\u00e7ados por memoriais e despacho com o relator do processo, concluindo que a reestrutura\u00e7\u00e3o respeitou os limites legais e or\u00e7ament\u00e1rios.<\/p><p>Segundo o advogado da Uni\u00e3o Pedro Augusto Rodrigues Costa, coordenador regional de servidores civis da PRU4, \u201ca decis\u00e3o da 12\u00aa Turma do TRF4 representou uma vit\u00f3ria da liberdade discricion\u00e1ria da atividade administrativa da Corte Regional (TRT9), na medida em que privilegiou a racionalidade gerencial de cargos e fun\u00e7\u00f5es comissionadas, de forma a permitir o seu remanejamento de acordo com as necessidades da atividade jurisdicional, evitando-se, ainda, a exonera\u00e7\u00e3o dos seus atuais ocupantes.\u201d<\/p><p><strong>Processo de refer\u00eancia:<\/strong>&nbsp;Apela\u00e7\u00e3o C\u00edvel n. 5049731-08.2022.4.04.7000<\/p><p><strong>Fonte: Assessoria Especial de Comunica\u00e7\u00e3o Social da AGU<\/strong><\/p>\n    <div class=\"xs_social_share_widget xs_share_url after_content \t\tmain_content  wslu-style-1 wslu-share-box-shaped wslu-fill-colored wslu-none wslu-share-horizontal wslu-theme-font-no wslu-main_content\">\n\n\t\t\n        <ul>\n\t\t\t        <\/ul>\n    <\/div> \n","protected":false},"excerpt":{"rendered":"<p>Em recente decis\u00e3o (26\/06) do Tribunal Regional Federal da 4\u00aa Regi\u00e3o (TRF4), a Advocacia-Geral da Uni\u00e3o garantiu o remanejamento de cargos comissionados e fun\u00e7\u00f5es de confian\u00e7a, conforme determinado pelos atos administrativos do Tribunal Regional do Trabalho da 9\u00aa Regi\u00e3o (TRT9).<\/p>\n","protected":false},"author":5,"featured_media":0,"comment_status":"open","ping_status":"open","sticky":false,"template":"","format":"standard","meta":{"postBodyCss":"","postBodyMargin":[],"postBodyPadding":[],"postBodyBackground":{"backgroundType":"classic","gradient":""},"_price":"","_stock":"","_tribe_ticket_header":"","_tribe_default_ticket_provider":"","_tribe_ticket_capacity":"0","_ticket_start_date":"","_ticket_end_date":"","_tribe_ticket_show_description":"","_tribe_ticket_show_not_going":false,"_tribe_ticket_use_global_stock":"","_tribe_ticket_global_stock_level":"","_global_stock_mode":"","_global_stock_cap":"","_tribe_rsvp_for_event":"","_tribe_ticket_going_count":"","_tribe_ticket_not_going_count":"","_tribe_tickets_list":"[]","_tribe_ticket_has_attendee_info_fields":false,"footnotes":""},"categories":[46],"tags":[12243,1408,79,2574,1461,12244,6321,394,2595,12246,12245,12241,7737,12247,12242,12238,3637,12239,3638,12240],"class_list":["post-12571","post","type-post","status-publish","format-standard","hentry","category-noticias","tag-6a-vara-federal-de-curitiba","tag-advocacia-geral-da-uniao","tag-agu","tag-cargos-comissionados","tag-decisao","tag-discricionariedade-administrativa","tag-funcoes-de-confianca","tag-justica","tag-legalidade","tag-procuradoria-regional-da-uniao-da-4a-regiao","tag-pru4","tag-reestruturacao-administrativa","tag-reestruturacao-de-cargos","tag-reestruturacao-de-funcoes-comissionadas","tag-remanejamento","tag-remanejamento-de-cargos","tag-trf4","tag-tribunal-regional-do-trabalho-da-9a-regiao","tag-tribunal-regional-federal-da-4a-regiao","tag-trt9"],"acf":[],"_links":{"self":[{"href":"https:\/\/sgpsolucoes.com.br\/site\/wp-json\/wp\/v2\/posts\/12571"}],"collection":[{"href":"https:\/\/sgpsolucoes.com.br\/site\/wp-json\/wp\/v2\/posts"}],"about":[{"href":"https:\/\/sgpsolucoes.com.br\/site\/wp-json\/wp\/v2\/types\/post"}],"author":[{"embeddable":true,"href":"https:\/\/sgpsolucoes.com.br\/site\/wp-json\/wp\/v2\/users\/5"}],"replies":[{"embeddable":true,"href":"https:\/\/sgpsolucoes.com.br\/site\/wp-json\/wp\/v2\/comments?post=12571"}],"version-history":[{"count":0,"href":"https:\/\/sgpsolucoes.com.br\/site\/wp-json\/wp\/v2\/posts\/12571\/revisions"}],"wp:attachment":[{"href":"https:\/\/sgpsolucoes.com.br\/site\/wp-json\/wp\/v2\/media?parent=12571"}],"wp:term":[{"taxonomy":"category","embeddable":true,"href":"https:\/\/sgpsolucoes.com.br\/site\/wp-json\/wp\/v2\/categories?post=12571"},{"taxonomy":"post_tag","embeddable":true,"href":"https:\/\/sgpsolucoes.com.br\/site\/wp-json\/wp\/v2\/tags?post=12571"}],"curies":[{"name":"wp","href":"https:\/\/api.w.org\/{rel}","templated":true}]}}