{"id":12621,"date":"2025-07-02T12:54:18","date_gmt":"2025-07-02T15:54:18","guid":{"rendered":"https:\/\/sgpsolucoes.com.br\/site\/?p=12621"},"modified":"2025-07-02T12:54:19","modified_gmt":"2025-07-02T15:54:19","slug":"boletim-repercussao-geral-n-340-do-stf","status":"publish","type":"post","link":"https:\/\/sgpsolucoes.com.br\/site\/boletim-repercussao-geral-n-340-do-stf\/","title":{"rendered":"Boletim Repercuss\u00e3o Geral n\u00b0 340 do STF"},"content":{"rendered":"<p>O N\u00facleo de Gerenciamento de Precedentes do Supremo Tribunal Federal disponibilizou a&nbsp;edi\u00e7\u00e3o n\u00b0 340 do Boletim Repercuss\u00e3o Geral \u2013 em pauta.<\/p><p>Confira nossos destaques:<\/p><p><strong>Julgamentos<\/strong><br>Tema: 533 | Processo(s): RE 1.057.258 | Relator: Min. Luiz Fux<br>Tema: 987 | Processo(s): RE 1.037.396 | Relator: Min. Dias Toffoli<br>T\u00edtulo: Dever de empresa hospedeira de s\u00edtio na internet fiscalizar o conte\u00fado publicado e de retir\u00e1-lo do ar quando considerado ofensivo, sem interven\u00e7\u00e3o do Judici\u00e1rio.<\/p><p><\/p><p><strong>Agenda 2030 da ONU:<\/strong><br>Tema: 977 | Processo(s): ARE 1.042.075 | Relator: Min. Dias Toffoli<br>T\u00edtulo: Aferi\u00e7\u00e3o da licitude da prova produzida durante o inqu\u00e9rito policial relativa ao acesso, sem autoriza-\u00e7\u00e3o judicial, a registros e informa\u00e7\u00f5es contidos em aparelho de telefone celular, relacionados \u00e0 conduta delitiva e h\u00e1beis a identificar o agente do crime.<\/p><p><\/p><p>Tema: 995 | Processo(s): RE 1.075.412-ED-segundos | Red. do Ac\u00f3rd\u00e3o: Min. Edson Fachin<br>T\u00edtulo: Controv\u00e9rsia relativa \u00e0 liberdade de express\u00e3o e ao direito \u00e0 indeniza\u00e7\u00e3o por danos morais, devidos em raz\u00e3o da publica\u00e7\u00e3o de mat\u00e9ria jornal\u00edstica na qual terceiro entrevistado imputa a pr\u00e1tica de ato il\u00edcito a determinada pessoa.<\/p><p><\/p><p>Tema: 1.405 | Processo(s): ARE 1.550.294 | Relator: Min. Lu\u00eds Roberto Barroso (Presidente)<br>T\u00edtulo: Compet\u00eancia da Justi\u00e7a Federal para processo e julgamento de a\u00e7\u00f5es possess\u00f3rias ajuizadas por concession\u00e1ria de servi\u00e7o p\u00fablico ferrovi\u00e1rio, nas quais a Uni\u00e3o e as suas entidades de administra\u00e7\u00e3o indireta manifestaram desinteresse no processo.<\/p><p><\/p><p>Tema: 1.394 | Processo(s): RE 1.542.700 | Relator: Min. Lu\u00eds Roberto Barroso (Presidente)<br>T\u00edtulo: Utiliza\u00e7\u00e3o do ICMS incidente sobre opera\u00e7\u00f5es de aquisi\u00e7\u00e3o para apura\u00e7\u00e3o de cr\u00e9dito de PIS\/COFINS.<\/p><p><\/p><p><strong>Acesse a \u00edntegra deste Boletim o link abaixo:<\/strong><\/p><p><a href=\"http:\/\/www.stf.jus.br\/arquivo\/cms\/newsletterInformativoRG\/anexo\/Edio340.pdf\" target=\"_blank\" rel=\"noreferrer noopener\">Boletim Repercuss\u00e3o Geral n\u00ba 340 <\/a><\/p><p><strong>Fonte: STF<\/strong><\/p>\n    <div class=\"xs_social_share_widget xs_share_url after_content \t\tmain_content  wslu-style-1 wslu-share-box-shaped wslu-fill-colored wslu-none wslu-share-horizontal wslu-theme-font-no wslu-main_content\">\n\n\t\t\n        <ul>\n\t\t\t        <\/ul>\n    <\/div> \n","protected":false},"excerpt":{"rendered":"<p>O N\u00facleo de Gerenciamento de Precedentes do Supremo Tribunal Federal disponibilizou a\u00a0edi\u00e7\u00e3o n\u00b0 340 do Boletim Repercuss\u00e3o Geral \u2013 em pauta.<\/p>\n","protected":false},"author":5,"featured_media":0,"comment_status":"open","ping_status":"open","sticky":false,"template":"","format":"standard","meta":{"postBodyCss":"","postBodyMargin":[],"postBodyPadding":[],"postBodyBackground":{"backgroundType":"classic","gradient":""},"_price":"","_stock":"","_tribe_ticket_header":"","_tribe_default_ticket_provider":"","_tribe_ticket_capacity":"0","_ticket_start_date":"","_ticket_end_date":"","_tribe_ticket_show_description":"","_tribe_ticket_show_not_going":false,"_tribe_ticket_use_global_stock":"","_tribe_ticket_global_stock_level":"","_global_stock_mode":"","_global_stock_cap":"","_tribe_rsvp_for_event":"","_tribe_ticket_going_count":"","_tribe_ticket_not_going_count":"","_tribe_tickets_list":"[]","_tribe_ticket_has_attendee_info_fields":false,"footnotes":""},"categories":[46],"tags":[274,5725,12321,12322,3777,3243,1731,347,348],"class_list":["post-12621","post","type-post","status-publish","format-standard","hentry","category-noticias","tag-boletim","tag-boletim-repercussao-geral","tag-boletim-repercussao-geral-n-340-do-stf","tag-edicao-n-340","tag-em-pauta","tag-nucleo-de-gerenciamento-de-precedentes","tag-repercussao-geral","tag-stf","tag-supremo-tribunal-federal"],"acf":[],"_links":{"self":[{"href":"https:\/\/sgpsolucoes.com.br\/site\/wp-json\/wp\/v2\/posts\/12621"}],"collection":[{"href":"https:\/\/sgpsolucoes.com.br\/site\/wp-json\/wp\/v2\/posts"}],"about":[{"href":"https:\/\/sgpsolucoes.com.br\/site\/wp-json\/wp\/v2\/types\/post"}],"author":[{"embeddable":true,"href":"https:\/\/sgpsolucoes.com.br\/site\/wp-json\/wp\/v2\/users\/5"}],"replies":[{"embeddable":true,"href":"https:\/\/sgpsolucoes.com.br\/site\/wp-json\/wp\/v2\/comments?post=12621"}],"version-history":[{"count":0,"href":"https:\/\/sgpsolucoes.com.br\/site\/wp-json\/wp\/v2\/posts\/12621\/revisions"}],"wp:attachment":[{"href":"https:\/\/sgpsolucoes.com.br\/site\/wp-json\/wp\/v2\/media?parent=12621"}],"wp:term":[{"taxonomy":"category","embeddable":true,"href":"https:\/\/sgpsolucoes.com.br\/site\/wp-json\/wp\/v2\/categories?post=12621"},{"taxonomy":"post_tag","embeddable":true,"href":"https:\/\/sgpsolucoes.com.br\/site\/wp-json\/wp\/v2\/tags?post=12621"}],"curies":[{"name":"wp","href":"https:\/\/api.w.org\/{rel}","templated":true}]}}