{"id":12662,"date":"2025-07-02T16:29:43","date_gmt":"2025-07-02T19:29:43","guid":{"rendered":"https:\/\/sgpsolucoes.com.br\/site\/?p=12662"},"modified":"2025-07-02T16:29:44","modified_gmt":"2025-07-02T19:29:44","slug":"primeira-camara-do-tce-pe-aprecia-cautelar-sobre-contrato-de-publicidade-do-governo-estadual","status":"publish","type":"post","link":"https:\/\/sgpsolucoes.com.br\/site\/primeira-camara-do-tce-pe-aprecia-cautelar-sobre-contrato-de-publicidade-do-governo-estadual\/","title":{"rendered":"Primeira C\u00e2mara do TCE-PE aprecia cautelar sobre contrato de publicidade do governo estadual"},"content":{"rendered":"<p>&nbsp;Por unanimidade, a Primeira C\u00e2mara do Tribunal de Contas de Pernambuco (TCE-PE) confirmou uma medida cautelar emitida pelo conselheiro Eduardo Porto, determinando que o governo estadual suspenda os pagamentos decorrentes da licita\u00e7\u00e3o que contratou ag\u00eancias de publicidade institucional.&nbsp;<\/p><p>No entanto, o colegiado modulou a decis\u00e3o para permitir o pagamento dos servi\u00e7os j\u00e1 prestados at\u00e9 a data da decis\u00e3o monocr\u00e1tica (19\/06\/2025). Tamb\u00e9m autorizou a realiza\u00e7\u00e3o de campanhas referentes a a\u00e7\u00f5es emergenciais at\u00e9 o julgamento da auditoria especial (n\u00ba 25101126-4) instaurada.&nbsp;<\/p><p>A auditoria vai analisar com profundidade quest\u00f5es relativas ao edital, ao contrato e \u00e0 execu\u00e7\u00e3o dos servi\u00e7os.Tamb\u00e9m ir\u00e1 avaliar se \u00e9 necess\u00e1rio refazer a licita\u00e7\u00e3o. O prazo para conclus\u00e3o dos trabalhos \u00e9 de 60 dias.<\/p><p>Na decis\u00e3o confirmada pela C\u00e2mara, o conselheiro relator acolheu os argumentos da den\u00fancia, segundo a qual a subcomiss\u00e3o t\u00e9cnica (respons\u00e1vel por avaliar as propostas) n\u00e3o apresentou as notas individualizadas de cada julgador \u2013 conforme determina a lei n\u00ba 12.232\/2010.&nbsp;<\/p><p>A decis\u00e3o n\u00e3o suspende o contrato, apenas os pagamentos posteriores \u00e0 medida cautelar, e at\u00e9 a data de julgamento da auditoria.&nbsp;&nbsp;<\/p><p><strong>MEDIDA CAUTELAR<\/strong>&nbsp;\u2013 \u00c9 uma decis\u00e3o tomada em car\u00e1ter de urg\u00eancia, quando h\u00e1 riscos ao interesse p\u00fablico. Toda cautelar deve ser posteriormente votada em uma das C\u00e2maras do TCE-PE, compostas por tr\u00eas conselheiros cada.<\/p><p><strong>SERVI\u00c7O&nbsp;<\/strong><strong>\ud83d\udccc<\/strong><\/p><p>Processo TC n\u00ba 25101035-1<br>Data da decis\u00e3o: 1\/7\/2025<br>Modalidade: Medida cautelar<br>\u00d3rg\u00e3o: Secretaria de Comunica\u00e7\u00e3o de Pernambuco (SECOM)<br>Relator: Eduardo Porto<br>Exerc\u00edcio: 2025<\/p><h2 class=\"wp-block-heading\">&nbsp;<\/h2><p><strong>Fonte: TCE-PE<\/strong><\/p>\n    <div class=\"xs_social_share_widget xs_share_url after_content \t\tmain_content  wslu-style-1 wslu-share-box-shaped wslu-fill-colored wslu-none wslu-share-horizontal wslu-theme-font-no wslu-main_content\">\n\n\t\t\n        <ul>\n\t\t\t        <\/ul>\n    <\/div> \n","protected":false},"excerpt":{"rendered":"<p>\u00a0Por unanimidade, a Primeira C\u00e2mara do Tribunal de Contas de Pernambuco (TCE-PE) confirmou uma medida cautelar emitida pelo conselheiro Eduardo Porto, determinando que o governo estadual suspenda os pagamentos decorrentes da licita\u00e7\u00e3o que contratou ag\u00eancias de publicidade institucional.\u00a0<\/p>\n","protected":false},"author":5,"featured_media":0,"comment_status":"open","ping_status":"open","sticky":false,"template":"","format":"standard","meta":{"postBodyCss":"","postBodyMargin":[],"postBodyPadding":[],"postBodyBackground":{"backgroundType":"classic","gradient":""},"_price":"","_stock":"","_tribe_ticket_header":"","_tribe_default_ticket_provider":"","_tribe_ticket_capacity":"0","_ticket_start_date":"","_ticket_end_date":"","_tribe_ticket_show_description":"","_tribe_ticket_show_not_going":false,"_tribe_ticket_use_global_stock":"","_tribe_ticket_global_stock_level":"","_global_stock_mode":"","_global_stock_cap":"","_tribe_rsvp_for_event":"","_tribe_ticket_going_count":"","_tribe_ticket_not_going_count":"","_tribe_tickets_list":"[]","_tribe_ticket_has_attendee_info_fields":false,"footnotes":""},"categories":[46],"tags":[12401,819,12402,5562,4159,138,1394,3950,678,1345,5454,1043],"class_list":["post-12662","post","type-post","status-publish","format-standard","hentry","category-noticias","tag-agencias-de-publicidade-institucional","tag-cautelar","tag-conselheiro-eduardo-porto","tag-contrato-de-publicidade","tag-governo-estadual","tag-licitacao-2","tag-medida-cautelar","tag-pagamentos","tag-primeira-camara","tag-tce-pe","tag-tribunal-de-contas-de-pernambuco","tag-unanimidade"],"acf":[],"_links":{"self":[{"href":"https:\/\/sgpsolucoes.com.br\/site\/wp-json\/wp\/v2\/posts\/12662"}],"collection":[{"href":"https:\/\/sgpsolucoes.com.br\/site\/wp-json\/wp\/v2\/posts"}],"about":[{"href":"https:\/\/sgpsolucoes.com.br\/site\/wp-json\/wp\/v2\/types\/post"}],"author":[{"embeddable":true,"href":"https:\/\/sgpsolucoes.com.br\/site\/wp-json\/wp\/v2\/users\/5"}],"replies":[{"embeddable":true,"href":"https:\/\/sgpsolucoes.com.br\/site\/wp-json\/wp\/v2\/comments?post=12662"}],"version-history":[{"count":0,"href":"https:\/\/sgpsolucoes.com.br\/site\/wp-json\/wp\/v2\/posts\/12662\/revisions"}],"wp:attachment":[{"href":"https:\/\/sgpsolucoes.com.br\/site\/wp-json\/wp\/v2\/media?parent=12662"}],"wp:term":[{"taxonomy":"category","embeddable":true,"href":"https:\/\/sgpsolucoes.com.br\/site\/wp-json\/wp\/v2\/categories?post=12662"},{"taxonomy":"post_tag","embeddable":true,"href":"https:\/\/sgpsolucoes.com.br\/site\/wp-json\/wp\/v2\/tags?post=12662"}],"curies":[{"name":"wp","href":"https:\/\/api.w.org\/{rel}","templated":true}]}}