{"id":12671,"date":"2025-07-02T16:44:35","date_gmt":"2025-07-02T19:44:35","guid":{"rendered":"https:\/\/sgpsolucoes.com.br\/site\/?p=12671"},"modified":"2025-07-02T16:44:36","modified_gmt":"2025-07-02T19:44:36","slug":"messias-acao-no-stf-busca-preservar-competencia-do-presidente-da-republica-sobre-politica-tributaria","status":"publish","type":"post","link":"https:\/\/sgpsolucoes.com.br\/site\/messias-acao-no-stf-busca-preservar-competencia-do-presidente-da-republica-sobre-politica-tributaria\/","title":{"rendered":"Messias: a\u00e7\u00e3o no STF busca preservar compet\u00eancia do presidente da Rep\u00fablica sobre pol\u00edtica tribut\u00e1ria"},"content":{"rendered":"<p><em><strong>O advogado-geral da Uni\u00e3o esclareceu os motivos do pedido de declara\u00e7\u00e3o de constitucionalidade de decreto presidencial sobre o IOF<\/strong><\/em><\/p><p>O advogado-geral da Uni\u00e3o, Jorge Messias, afirmou nesta ter\u00e7a-feira (1\u00ba\/7), que o Governo Federal recorreu ao Supremo Tribunal Federal (STF), por meio de uma A\u00e7\u00e3o Declarat\u00f3ria de Constitucionalidade (ADC), para preservar a prerrogativa do presidente da Rep\u00fablica em editar atos relacionados \u00e0 pol\u00edtica tribut\u00e1ria. A declara\u00e7\u00e3o foi dada em uma coletiva de imprensa, na sede da Advocacia-Geral da Uni\u00e3o, em Bras\u00edlia (DF).<\/p><p>Por meio da a\u00e7\u00e3o, a AGU busca restabelecer o Decreto Presidencial n\u00ba 12.499\/2025 que alterou as al\u00edquotas do Imposto sobre Opera\u00e7\u00f5es Financeiras (IOF) e teve seus efeitos suspensos pelo Decreto Legislativo n\u00ba 176\/2025, com a aprova\u00e7\u00e3o do Congresso Nacional.<\/p><p>O advogado-geral da Uni\u00e3o, Jorge Messias, explicou que o ajuizamento da a\u00e7\u00e3o \u00e9 fruto de uma ampla e estrita an\u00e1lise t\u00e9cnica-jur\u00eddica dos atos \u00e0 luz da Constitui\u00e7\u00e3o Federal e da pr\u00f3pria jurisprud\u00eancia da Corte. \u201cA avalia\u00e7\u00e3o t\u00e9cnica dos nossos advogados, e que foi evidentemente submetida ao presidente da Rep\u00fablica, foi que a medida adotada pelo Congresso Nacional acabou por violar o princ\u00edpio da separa\u00e7\u00e3o de Poderes\u201d, disse. \u201cN\u00f3s temos uma grande preocupa\u00e7\u00e3o de que a condu\u00e7\u00e3o da pol\u00edtica econ\u00f4mica e tribut\u00e1ria seja preservada como uma atribui\u00e7\u00e3o pr\u00f3pria do Poder Executivo Federal e que h\u00e1, neste momento, um grande esfor\u00e7o do Governo Federal para produzir um volume significativo de medidas aptas \u00e0 promo\u00e7\u00e3o da justi\u00e7a fiscal, da justi\u00e7a social com a responsabilidade fiscal que a sociedade nos exige\u201d, acrescentou.<\/p><p>Foto: Daniel Estev\u00e3o\/AscomAGU<\/p><p>Messias lembrou que cabe privativamente \u00e0 Uni\u00e3o instituir imposto sobre \u201copera\u00e7\u00f5es de cr\u00e9dito, c\u00e2mbio e seguro, ou relativas a t\u00edtulos ou valores mobili\u00e1rios\u201d. Afirmou, ainda, que o decreto presidencial alterou as al\u00edquotas dentro dos limites e condi\u00e7\u00f5es estabelecidos pela pr\u00f3pria Constitui\u00e7\u00e3o Federal e que o Congresso Nacional s\u00f3 pode sustar atos do poder Executivo, de natureza regulamentar, em car\u00e1ter excepcional\u00edssimo, de modo restritivo e mediante a flagrante e a patente inconstitucionalidade. \u201cDe outra forma, \u00e9 dizer: tendo o decreto do presidente da Rep\u00fablica preservado a sua integridade, n\u00e3o poderia prevalecer, evidentemente, o decreto legislativo que o susta\u201d.<\/p><figure class=\"wp-block-image size-full is-resized\"><img decoding=\"async\" src=\"https:\/\/sgpsolucoes.com.br\/site\/wp-content\/uploads\/2025\/07\/image.png\" alt=\"\" class=\"wp-image-12673\" style=\"width:840px;height:auto\"\/><figcaption class=\"wp-element-caption\"><em>Foto: Daniel Estev\u00e3o\/AscomAGU<\/em><\/figcaption><\/figure><p>Messias ressaltou, por fim, que o Governo Federal tem trabalhado para retomar a normalidade institucional e que o di\u00e1logo entre os Poderes \u00e9 fundamental. \u201cTemos trabalhado intensamente, em diversas frentes, para estabelecer um di\u00e1logo interinstitucional saud\u00e1vel, republicano, transparente, em benef\u00edcio da sociedade, em benef\u00edcio da coletividade\u201d, disse. \u201cDe nenhuma maneira, de nenhuma forma, n\u00f3s estamos, neste momento, colocando em xeque, digamos assim, a intera\u00e7\u00e3o sempre bem-vinda e necess\u00e1ria com o Congresso Nacional. \u00c9 muito importante que n\u00f3s tenhamos as condi\u00e7\u00f5es de preservar integralmente as compet\u00eancias do chefe do Poder Executivo. A democracia brasileira necessita fundamentalmente que os Poderes possam ser independentes, embora todos n\u00f3s tenhamos a condi\u00e7\u00e3o de trabalhar pela harmonia entre os Poderes\u201d, disse. \u201c, concluiu.<\/p><p><a href=\"https:\/\/www.youtube.com\/watch?v=ldluo6o_n98\" target=\"_blank\" rel=\"noreferrer noopener\">Confira a \u00edntegra do pronunciamento do advogado-geral da Uni\u00e3o<\/a><\/p><p><strong>Fonte: Assessoria Especial de Comunica\u00e7\u00e3o Social da AGU<\/strong><\/p>\n    <div class=\"xs_social_share_widget xs_share_url after_content \t\tmain_content  wslu-style-1 wslu-share-box-shaped wslu-fill-colored wslu-none wslu-share-horizontal wslu-theme-font-no wslu-main_content\">\n\n\t\t\n        <ul>\n\t\t\t        <\/ul>\n    <\/div> \n","protected":false},"excerpt":{"rendered":"<p>O advogado-geral da Uni\u00e3o, Jorge Messias, afirmou nesta ter\u00e7a-feira (1\u00ba\/7), que o Governo Federal recorreu ao Supremo Tribunal Federal (STF), por meio de uma A\u00e7\u00e3o Declarat\u00f3ria de Constitucionalidade (ADC), para preservar a prerrogativa do presidente da Rep\u00fablica em editar atos relacionados \u00e0 pol\u00edtica tribut\u00e1ria. A declara\u00e7\u00e3o foi dada em uma coletiva de imprensa, na sede da Advocacia-Geral da Uni\u00e3o, em Bras\u00edlia (DF).<\/p>\n","protected":false},"author":5,"featured_media":0,"comment_status":"open","ping_status":"open","sticky":false,"template":"","format":"standard","meta":{"postBodyCss":"","postBodyMargin":[],"postBodyPadding":[],"postBodyBackground":{"backgroundType":"classic","gradient":""},"_price":"","_stock":"","_tribe_ticket_header":"","_tribe_default_ticket_provider":"","_tribe_ticket_capacity":"0","_ticket_start_date":"","_ticket_end_date":"","_tribe_ticket_show_description":"","_tribe_ticket_show_not_going":false,"_tribe_ticket_use_global_stock":"","_tribe_ticket_global_stock_level":"","_global_stock_mode":"","_global_stock_cap":"","_tribe_rsvp_for_event":"","_tribe_ticket_going_count":"","_tribe_ticket_not_going_count":"","_tribe_tickets_list":"[]","_tribe_ticket_has_attendee_info_fields":false,"footnotes":""},"categories":[46],"tags":[3793,12264,12416,1408,6286,79,12411,8656,12410,12415,524,10946,12413,12414,12412,2835,347,348],"class_list":["post-12671","post","type-post","status-publish","format-standard","hentry","category-noticias","tag-acao","tag-acao-declaratoria-de-constitucionalidade","tag-adc","tag-advocacia-geral-da-uniao","tag-advogado-geral-da-uniao","tag-agu","tag-competencia-do-presidente-da-republica","tag-declaracao","tag-declaracao-de-constitucionalidade","tag-decreto-presidencial","tag-governo-federal","tag-iof","tag-jorge-messias","tag-messias","tag-politica-tributaria","tag-presidente-da-republica","tag-stf","tag-supremo-tribunal-federal"],"acf":[],"_links":{"self":[{"href":"https:\/\/sgpsolucoes.com.br\/site\/wp-json\/wp\/v2\/posts\/12671"}],"collection":[{"href":"https:\/\/sgpsolucoes.com.br\/site\/wp-json\/wp\/v2\/posts"}],"about":[{"href":"https:\/\/sgpsolucoes.com.br\/site\/wp-json\/wp\/v2\/types\/post"}],"author":[{"embeddable":true,"href":"https:\/\/sgpsolucoes.com.br\/site\/wp-json\/wp\/v2\/users\/5"}],"replies":[{"embeddable":true,"href":"https:\/\/sgpsolucoes.com.br\/site\/wp-json\/wp\/v2\/comments?post=12671"}],"version-history":[{"count":0,"href":"https:\/\/sgpsolucoes.com.br\/site\/wp-json\/wp\/v2\/posts\/12671\/revisions"}],"wp:attachment":[{"href":"https:\/\/sgpsolucoes.com.br\/site\/wp-json\/wp\/v2\/media?parent=12671"}],"wp:term":[{"taxonomy":"category","embeddable":true,"href":"https:\/\/sgpsolucoes.com.br\/site\/wp-json\/wp\/v2\/categories?post=12671"},{"taxonomy":"post_tag","embeddable":true,"href":"https:\/\/sgpsolucoes.com.br\/site\/wp-json\/wp\/v2\/tags?post=12671"}],"curies":[{"name":"wp","href":"https:\/\/api.w.org\/{rel}","templated":true}]}}