{"id":12682,"date":"2025-07-02T16:58:28","date_gmt":"2025-07-02T19:58:28","guid":{"rendered":"https:\/\/sgpsolucoes.com.br\/site\/?p=12682"},"modified":"2025-07-02T16:58:29","modified_gmt":"2025-07-02T19:58:29","slug":"stf-desobriga-compartilhamento-de-torres-por-empresas-de-telecomunicacoes","status":"publish","type":"post","link":"https:\/\/sgpsolucoes.com.br\/site\/stf-desobriga-compartilhamento-de-torres-por-empresas-de-telecomunicacoes\/","title":{"rendered":"STF desobriga compartilhamento de torres por empresas de telecomunica\u00e7\u00f5es"},"content":{"rendered":"<p><em><strong>Por maioria, Plen\u00e1rio n\u00e3o confirmou decis\u00e3o liminar do ministro Fl\u00e1vio Dino\u00a0<\/strong><\/em><\/p><p>O Supremo Tribunal Federal (STF) decidiu, por maioria, restabelecer a norma que dispensa as empresas de telecomunica\u00e7\u00f5es da obriga\u00e7\u00e3o de compartilhar torres transmissoras. A decis\u00e3o foi tomada na an\u00e1lise de liminar na A\u00e7\u00e3o Direta de Inconstitucionalidade&nbsp;<strong><a href=\"https:\/\/portal.stf.jus.br\/processos\/detalhe.asp?incidente=7019032\" target=\"_blank\" rel=\"noreferrer noopener\">(ADI) 7708<\/a><\/strong>, na sess\u00e3o virtual encerrada em 24\/6. Por 8 votos a 3, o Plen\u00e1rio n\u00e3o confirmou uma decis\u00e3o provis\u00f3ria do ministro Fl\u00e1vio Dino, relator da a\u00e7\u00e3o.<\/p><p>Na ADI, a Associa\u00e7\u00e3o Brasileira de Infraestrutura para Telecomunica\u00e7\u00f5es (Abrintel) questiona trecho da Lei 14.173\/2021 que revogou um dispositivo de lei de 2009 que obrigava o compartilhamento de torres entre prestadoras de servi\u00e7os de telecomunica\u00e7\u00f5es que utilizassem esta\u00e7\u00f5es transmissoras de radiocomunica\u00e7\u00e3o quando a dist\u00e2ncia entre elas fosse inferior a 500 metros. Em 18 de setembro do ano passado, Dino suspendeu esse dispositivo por liminar e, por consequ\u00eancia, restabeleceu a norma anterior. Agora, o Plen\u00e1rio manteve a validade da altera\u00e7\u00e3o legislativa.&nbsp;&nbsp;<\/p><h5 class=\"wp-block-heading\"><strong>Sem jabuti&nbsp;<\/strong><\/h5><p>A maioria seguiu a diverg\u00eancia apresentada pelo ministro Lu\u00eds Roberto Barroso, presidente do Tribunal. Para ele, n\u00e3o houve irregularidade na aprova\u00e7\u00e3o da medida pelo Congresso, e o caso n\u00e3o se trata de um \u201cjabuti\u201d. O termo \u00e9 usado quando h\u00e1 aprova\u00e7\u00e3o de uma emenda parlamentar sem rela\u00e7\u00e3o com o tema debatido na proposta de lei.&nbsp; A norma que revogou o dever de compartilhamento das torres resultou de um projeto de lei de convers\u00e3o de uma medida provis\u00f3ria que tratava da desonera\u00e7\u00e3o tribut\u00e1ria dos servi\u00e7os de banda larga por sat\u00e9lite.&nbsp;<\/p><p>Barroso tamb\u00e9m descartou inconstitucionalidades no teor do dispositivo. Conforme o ministro, a revoga\u00e7\u00e3o faz parte de um conjunto de mudan\u00e7as legislativas voltadas \u00e0 expans\u00e3o da infraestrutura de telecomunica\u00e7\u00f5es no contexto da implanta\u00e7\u00e3o da tecnologia 5G. A seu ver, a imposi\u00e7\u00e3o de regras r\u00edgidas e desatualizadas pode gerar distor\u00e7\u00f5es no setor e atrapalhar a sua expans\u00e3o. Outro ponto rejeitado foi o alegado preju\u00edzo ao meio ambiente.&nbsp;&nbsp;&nbsp;<\/p><p>Seguiram o voto de Barroso os ministros Gilmar Mendes, Cristiano Zanin, Andr\u00e9 Mendon\u00e7a, Alexandre de Moraes, Edson Fachin, C\u00e1rmen L\u00facia e Luiz Fux.&nbsp;<\/p><h5 class=\"wp-block-heading\"><strong>Relator&nbsp;&nbsp;<\/strong><\/h5><p>Ficaram vencidos o relator, Fl\u00e1vio Dino, e os ministros Dias Toffoli e Nunes Marques. Para Dino, a revoga\u00e7\u00e3o do compartilhamento provoca um grave retrocesso socioambiental, porque tende a multiplicar as infraestruturas de solo, causando impactos urban\u00edsticos, paisag\u00edsticos e ambientais.&nbsp;<\/p><p><em>Foto: Marcelo Camargo\/Ag\u00eancia Brasil<\/em><\/p><p><strong>Fonte: STF<\/strong><\/p>\n    <div class=\"xs_social_share_widget xs_share_url after_content \t\tmain_content  wslu-style-1 wslu-share-box-shaped wslu-fill-colored wslu-none wslu-share-horizontal wslu-theme-font-no wslu-main_content\">\n\n\t\t\n        <ul>\n\t\t\t        <\/ul>\n    <\/div> \n","protected":false},"excerpt":{"rendered":"<p>O Supremo Tribunal Federal (STF) decidiu, por maioria, restabelecer a norma que dispensa as empresas de telecomunica\u00e7\u00f5es da obriga\u00e7\u00e3o de compartilhar torres transmissoras. A decis\u00e3o foi tomada na an\u00e1lise de liminar na A\u00e7\u00e3o Direta de Inconstitucionalidade\u00a0(ADI) 7708, na sess\u00e3o virtual encerrada em 24\/6. Por 8 votos a 3, o Plen\u00e1rio n\u00e3o confirmou uma decis\u00e3o provis\u00f3ria do ministro Fl\u00e1vio Dino, relator da a\u00e7\u00e3o.<\/p>\n","protected":false},"author":5,"featured_media":0,"comment_status":"open","ping_status":"open","sticky":false,"template":"","format":"standard","meta":{"postBodyCss":"","postBodyMargin":[],"postBodyPadding":[],"postBodyBackground":{"backgroundType":"classic","gradient":""},"_price":"","_stock":"","_tribe_ticket_header":"","_tribe_default_ticket_provider":"","_tribe_ticket_capacity":"0","_ticket_start_date":"","_ticket_end_date":"","_tribe_ticket_show_description":"","_tribe_ticket_show_not_going":false,"_tribe_ticket_use_global_stock":"","_tribe_ticket_global_stock_level":"","_global_stock_mode":"","_global_stock_cap":"","_tribe_rsvp_for_event":"","_tribe_ticket_going_count":"","_tribe_ticket_not_going_count":"","_tribe_tickets_list":"[]","_tribe_ticket_has_attendee_info_fields":false,"footnotes":""},"categories":[46],"tags":[12433,1054,12432,12431,12429,3790,12428,12434,7103,1837,2639,351,347,348,1648,12430],"class_list":["post-12682","post","type-post","status-publish","format-standard","hentry","category-noticias","tag-abrintel","tag-acao-direta-de-inconstitucionalidade","tag-adi-7708","tag-associacao-brasileira-de-infraestrutura-para-telecomunicacoes","tag-compartilhamento-de-torres","tag-decisao-liminar","tag-empresas-de-telecomunicacoes","tag-lei-14-173-2021","tag-maioria","tag-ministro-flavio-dino","tag-norma","tag-plenario","tag-stf","tag-supremo-tribunal-federal","tag-telecomunicacoes","tag-torres-transmissoras"],"acf":[],"_links":{"self":[{"href":"https:\/\/sgpsolucoes.com.br\/site\/wp-json\/wp\/v2\/posts\/12682"}],"collection":[{"href":"https:\/\/sgpsolucoes.com.br\/site\/wp-json\/wp\/v2\/posts"}],"about":[{"href":"https:\/\/sgpsolucoes.com.br\/site\/wp-json\/wp\/v2\/types\/post"}],"author":[{"embeddable":true,"href":"https:\/\/sgpsolucoes.com.br\/site\/wp-json\/wp\/v2\/users\/5"}],"replies":[{"embeddable":true,"href":"https:\/\/sgpsolucoes.com.br\/site\/wp-json\/wp\/v2\/comments?post=12682"}],"version-history":[{"count":0,"href":"https:\/\/sgpsolucoes.com.br\/site\/wp-json\/wp\/v2\/posts\/12682\/revisions"}],"wp:attachment":[{"href":"https:\/\/sgpsolucoes.com.br\/site\/wp-json\/wp\/v2\/media?parent=12682"}],"wp:term":[{"taxonomy":"category","embeddable":true,"href":"https:\/\/sgpsolucoes.com.br\/site\/wp-json\/wp\/v2\/categories?post=12682"},{"taxonomy":"post_tag","embeddable":true,"href":"https:\/\/sgpsolucoes.com.br\/site\/wp-json\/wp\/v2\/tags?post=12682"}],"curies":[{"name":"wp","href":"https:\/\/api.w.org\/{rel}","templated":true}]}}