{"id":12687,"date":"2025-07-03T13:44:53","date_gmt":"2025-07-03T16:44:53","guid":{"rendered":"https:\/\/sgpsolucoes.com.br\/site\/?p=12687"},"modified":"2025-07-03T13:44:55","modified_gmt":"2025-07-03T16:44:55","slug":"stf-suspende-convocacao-de-aprovados-em-cadastro-de-reserva-da-pm-am-e-de-estaduais-da-bahia","status":"publish","type":"post","link":"https:\/\/sgpsolucoes.com.br\/site\/stf-suspende-convocacao-de-aprovados-em-cadastro-de-reserva-da-pm-am-e-de-estaduais-da-bahia\/","title":{"rendered":"STF suspende convoca\u00e7\u00e3o de aprovados em cadastro de reserva da PM-AM e de estaduais da Bahia"},"content":{"rendered":"<p><em><strong>Para o presidente da Corte, ministro Barroso, decis\u00f5es de tribunais locais que determinaram as convoca\u00e7\u00f5es contrariam o entendimento do STF sobre a quest\u00e3o<\/strong><\/em><\/p><p>O presidente do Supremo Tribunal Federal (STF), ministro Lu\u00eds Roberto Barroso, suspendeu as convoca\u00e7\u00f5es de candidatos aprovados em cadastro de reserva nos concursos para a Pol\u00edcia Militar do Amazonas (PM-AM) e para a Companhia de G\u00e1s da Bahia (Bahiag\u00e1s). A medida visa evitar preju\u00edzos \u00e0 ordem e \u00e0 economia p\u00fablica e, no caso do Amazonas, tamb\u00e9m \u00e0 seguran\u00e7a p\u00fablica.<\/p><figure class=\"wp-block-image size-large\"><img decoding=\"async\" src=\"https:\/\/sgpsolucoes.com.br\/site\/wp-content\/uploads\/2025\/07\/image-1-1024x713.png\" alt=\"\" class=\"wp-image-12688\"\/><figcaption class=\"wp-element-caption\"><em>Foto: Fellipe Sampaio\/STF<\/em><\/figcaption><\/figure><p>Em rela\u00e7\u00e3o ao Amazonas, a decis\u00e3o foi proferida na Suspens\u00e3o de Liminar&nbsp;<strong><a href=\"https:\/\/portal.stf.jus.br\/processos\/detalhe.asp?incidente=7290910\" target=\"_blank\" rel=\"noreferrer noopener\">(SL) 1825<\/a><\/strong>&nbsp;, em que a quest\u00e3o do governo estadual sobre a ordem do Tribunal de Justi\u00e7a local (TJ-AM) que havia estipulado a convoca\u00e7\u00e3o de candidatos aprovados fora do n\u00famero de vagas previstas no edital do concurso para soldado combatente da PM-AM, em raz\u00e3o da cria\u00e7\u00e3o de novas vagas por lei estadual editada durante a vig\u00eancia do concurso.<\/p><p>J\u00e1 a segunda medida foi adotada por Barroso na Suspens\u00e3o da Tutela Provis\u00f3ria&nbsp;<strong><a href=\"https:\/\/portal.stf.jus.br\/processos\/detalhe.asp?incidente=7212276\" target=\"_blank\" rel=\"noreferrer noopener\">(STP) 1070<\/a><\/strong>&nbsp;, em que o governo da Bahia e a Bahiag\u00e1s contestaram a decis\u00e3o do Tribunal de Justi\u00e7a estadual (TJ-BA) que havia determinado uma posse de candidatos do cadastro de reserva. Ao acionarem o Judici\u00e1rio local, os candidatos argumentaram que a empresa estaria sendo contratada para as mesmas fun\u00e7\u00f5es dos aprovados no concurso.<\/p><h5 class=\"wp-block-heading\"><strong>Entendimento do STF<\/strong><\/h5><p>Segundo Barroso, tanto o TJ-AM quanto o TJ-BA adotaram entendimento contr\u00e1rio ao do STF sobre a mat\u00e9ria. Ele lembrou que, de acordo com a tese de repercuss\u00e3o geral inclu\u00edda no Tema 784, os candidatos aprovados em cadastro de reserva ou fora do n\u00famero de vagas do edital somente t\u00eam direito \u00e0 nomea\u00e7\u00e3o se, tendo novas vagas, forem preteridos de forma arbitr\u00e1ria e imotivados pela administra\u00e7\u00e3o p\u00fablica.&nbsp;<\/p><p>No caso do Amazonas, o ministro destacou a urg\u00eancia da suspens\u00e3o, uma vez que a convoca\u00e7\u00e3o de candidatos para o PM geraria despesas n\u00e3o planejadas com inspe\u00e7\u00e3o de sa\u00fade, testes de f\u00edsica, avalia\u00e7\u00e3o psicol\u00f3gica e curso de forma\u00e7\u00e3o. Esses gastos n\u00e3o poderiam ser restitu\u00eddos caso eventualmente recursos revertessem a decis\u00e3o do TJ-AM. Barroso tamb\u00e9m ressaltou que, se houvesse nomes, os pagamentos peri\u00f3dicos n\u00e3o poderiam ser recuperados, por sua natureza alimentar.<\/p><p>No caso da Bahia, o presidente do STF levou o entendimento da Justi\u00e7a local de que a contrata\u00e7\u00e3o de terceirizados seria uma forma de preterir candidatos sem justificativa. Ele lembrou que a Bahiag\u00e1s \u00e9 uma sociedade de economia mista e, portanto, segue regras do setor privado. Assim, mesmo que voc\u00ea selecione seus trabalhadores por concurso p\u00fablico, essa exig\u00eancia n\u00e3o elimina o espa\u00e7o m\u00ednimo de autogest\u00e3o da empresa, \u201cque engloba a defini\u00e7\u00e3o de sua estrutura funcional e de seu modelo de contrata\u00e7\u00e3o de m\u00e3o de obra\u201d.<\/p><p>Leia a \u00edntegra da decis\u00e3o no&nbsp;<a href=\"https:\/\/portal.stf.jus.br\/processos\/downloadPeca.asp?id=15378294355&amp;ext=.pdf\" target=\"_blank\" rel=\"noreferrer noopener\"><strong>SL 1825<\/strong><\/a>&nbsp;e na&nbsp;<strong><a href=\"https:\/\/portal.stf.jus.br\/processos\/downloadPeca.asp?id=15378302230&amp;ext=.pdf\" target=\"_blank\" rel=\"noreferrer noopener\">STP 1070<\/a><\/strong>&nbsp;.<\/p><p><strong>Fonte: STF<\/strong><\/p>\n    <div class=\"xs_social_share_widget xs_share_url after_content \t\tmain_content  wslu-style-1 wslu-share-box-shaped wslu-fill-colored wslu-none wslu-share-horizontal wslu-theme-font-no wslu-main_content\">\n\n\t\t\n        <ul>\n\t\t\t        <\/ul>\n    <\/div> \n","protected":false},"excerpt":{"rendered":"<p>Para o presidente da Corte, ministro Barroso, decis\u00f5es de tribunais locais que determinaram as convoca\u00e7\u00f5es contrariam o entendimento do STF sobre a quest\u00e3o O presidente do Supremo Tribunal Federal (STF), ministro Lu\u00eds Roberto Barroso, suspendeu as convoca\u00e7\u00f5es de candidatos aprovados em cadastro de reserva nos concursos para a Pol\u00edcia Militar do Amazonas (PM-AM) e para [&hellip;]<\/p>\n","protected":false},"author":5,"featured_media":0,"comment_status":"open","ping_status":"open","sticky":false,"template":"","format":"standard","meta":{"postBodyCss":"","postBodyMargin":[],"postBodyPadding":[],"postBodyBackground":{"backgroundType":"classic","gradient":""},"_price":"","_stock":"","_tribe_ticket_header":"","_tribe_default_ticket_provider":"","_tribe_ticket_capacity":"0","_ticket_start_date":"","_ticket_end_date":"","_tribe_ticket_show_description":"","_tribe_ticket_show_not_going":false,"_tribe_ticket_use_global_stock":"","_tribe_ticket_global_stock_level":"","_global_stock_mode":"","_global_stock_cap":"","_tribe_rsvp_for_event":"","_tribe_ticket_going_count":"","_tribe_ticket_not_going_count":"","_tribe_tickets_list":"[]","_tribe_ticket_has_attendee_info_fields":false,"footnotes":""},"categories":[46],"tags":[10007,1391,1843,12443,10520,6865,616,12445,12438,1392,1187,613,12435,12439,856,4159,7019,7983,12437,12436,12440,4751,2493,2205,12444,5659,347,348,12442,12441,3721,619],"class_list":["post-12687","post","type-post","status-publish","format-standard","hentry","category-noticias","tag-amazonas","tag-aprovados","tag-bahia","tag-bahiagas","tag-cadastro","tag-cadastro-de-reserva","tag-candidatos","tag-combatente","tag-companhia-de-gas-da-bahia","tag-concurso","tag-concursos","tag-convocacao","tag-convocacoes","tag-economia-publica","tag-edital","tag-governo-estadual","tag-lei-estadual","tag-ministro-luis-roberto-barroso","tag-ordem","tag-pm-am","tag-policia-miltar-do-amazonas","tag-prejuizos","tag-reserva","tag-seguranca-publica","tag-sl-1825","tag-soldado","tag-stf","tag-supremo-tribunal-federal","tag-suspensao-de-liminar","tag-tj-am","tag-tribunal-de-justica","tag-vagas"],"acf":[],"_links":{"self":[{"href":"https:\/\/sgpsolucoes.com.br\/site\/wp-json\/wp\/v2\/posts\/12687"}],"collection":[{"href":"https:\/\/sgpsolucoes.com.br\/site\/wp-json\/wp\/v2\/posts"}],"about":[{"href":"https:\/\/sgpsolucoes.com.br\/site\/wp-json\/wp\/v2\/types\/post"}],"author":[{"embeddable":true,"href":"https:\/\/sgpsolucoes.com.br\/site\/wp-json\/wp\/v2\/users\/5"}],"replies":[{"embeddable":true,"href":"https:\/\/sgpsolucoes.com.br\/site\/wp-json\/wp\/v2\/comments?post=12687"}],"version-history":[{"count":0,"href":"https:\/\/sgpsolucoes.com.br\/site\/wp-json\/wp\/v2\/posts\/12687\/revisions"}],"wp:attachment":[{"href":"https:\/\/sgpsolucoes.com.br\/site\/wp-json\/wp\/v2\/media?parent=12687"}],"wp:term":[{"taxonomy":"category","embeddable":true,"href":"https:\/\/sgpsolucoes.com.br\/site\/wp-json\/wp\/v2\/categories?post=12687"},{"taxonomy":"post_tag","embeddable":true,"href":"https:\/\/sgpsolucoes.com.br\/site\/wp-json\/wp\/v2\/tags?post=12687"}],"curies":[{"name":"wp","href":"https:\/\/api.w.org\/{rel}","templated":true}]}}