{"id":12737,"date":"2025-07-04T19:31:34","date_gmt":"2025-07-04T22:31:34","guid":{"rendered":"https:\/\/sgpsolucoes.com.br\/site\/?p=12737"},"modified":"2025-07-04T19:31:35","modified_gmt":"2025-07-04T22:31:35","slug":"periodico-sam-no-73-julho-de-2025-comemorativo-de-6-anos","status":"publish","type":"post","link":"https:\/\/sgpsolucoes.com.br\/site\/periodico-sam-no-73-julho-de-2025-comemorativo-de-6-anos\/","title":{"rendered":"Peri\u00f3dico SAM n\u00ba 73, julho de 2025 &#8211; Comemorativo de 6 anos"},"content":{"rendered":"<p>\ud83d\uddd3\ufe0f M\u00eas 07\/2025 &#8211; Confira a Edi\u00e7\u00e3o n\u00ba 73 comemorativa de 6 anos do peri\u00f3dico SAM &#8211; Solu\u00e7\u00e3o em Direito Administrativo e Municipal<\/p><div class=\"wp-block-media-text is-stacked-on-mobile\"><figure class=\"wp-block-media-text__media\"><video controls src=\"https:\/\/sgpsolucoes.com.br\/site\/wp-content\/uploads\/2025\/07\/WhatsApp-Video-2025-07-04-at-17.30.10.mp4\"><\/video><\/figure><div class=\"wp-block-media-text__content\"><p>\ud83c\udfa4SE\u00c7\u00c3O ENTREVISTA COM O MESTRE\ud83c\udfa4<\/p>\n\n<p>\u2b50Entrevistado Dr. Ismar dos Santos Viana\u2b50<\/p>\n\n<p>\ud83d\udde3\ufe0f\ud83d\udcac Tema: &#8220;Atos de Gest\u00e3o praticados por Prefeitos e Controle Externo&#8221;<\/p>\n\n<p>\ud83d\udc8e SE\u00c7\u00c3O SOLU\u00c7\u00d5ES AUTORAIS \ud83d\udc8e<\/p>\n\n<p>\ud83d\udcda &#8220;Regula\u00e7\u00e3o municipal dos servi\u00e7os de transporte remunerado individual de passageiros por motocicletas (motot\u00e1xi), Amauri Saad<\/p>\n\n<p>\ud83d\udcda &#8220;O financiamento da sa\u00fade municipal e o impacto das ONGs na despesa com pessoal&#8221;, Flavio Corr\u00eaa de Toledo Junior<\/p>\n\n<p>\ud83d\udcda &#8220;O efetivo conte\u00fado do artigo 142 da Constitui\u00e7\u00e3o&#8221;, S\u00e9rgio Ferraz<\/p>\n\n<p>\ud83d\udcda &#8220;O marco legal para a gest\u00e3o dos res\u00edduos s\u00f3lidos e a disposi\u00e7\u00e3o final ambientalmente adequada dos rejeitos&#8221;, Gina Copola<\/p><\/div><\/div><p>\ud83d\udcda &#8220;Constitui\u00e7\u00e3o com 135 emendas, mais 6 de revis\u00e3o. Algu\u00e9m consegue entender o que \u00e9 isso?&#8221;, Ivan Barbosa Rigolin<\/p><p>\ud83d\udcda &#8220;A import\u00e2ncia do contradit\u00f3rio e da ampla defesa nos processos dos Conselhos Tutelares: o papel das prefeituras e a necessidade de sigilo e puni\u00e7\u00e3o&#8221;, Marcelo Silva Souza<\/p><p>\ud83d\udcda &#8220;As diretrizes de revers\u00e3o e transi\u00e7\u00e3o no caso de extin\u00e7\u00e3o das delega\u00e7\u00f5es de servi\u00e7os p\u00fablicos de saneamento b\u00e1sico&#8221;, Nahima Peron Coelho Razuk e Emerson Gabardo<\/p><p>\ud83d\udca5SE\u00c7\u00c3O SOLU\u00c7\u00d5ES ABRADADE\ud83d\udca5<\/p><p>\ud83d\udcda &#8220;Os desafios regulat\u00f3rios da comunica\u00e7\u00e3o p\u00fablica na era digital&#8221;, Otavio Venturini<\/p><p>\u26a0\ufe0f Sobre a ABRADADE: A Associa\u00e7\u00e3o Brasileira de Direito Administrativo e Econ\u00f4mico \u2013 ABRADADE tem como base a heterogeneidade de ideias e o espa\u00e7o amplo e diversificado de debates. Trata-se de uma associa\u00e7\u00e3o civil sem fins lucrativos e partid\u00e1rios com qualquer grupo pol\u00edtico ou econ\u00f4mico, tendo por objetivo principal oferecer espa\u00e7o aos mais diversos profissionais que militam na \u00e1rea, proporcionando-lhes a intera\u00e7\u00e3o com o ambiente acad\u00eamico e de pesquisa.<\/p><p>\ud83d\udcc3E tem muito mais! Confira nosso Sum\u00e1rio\ud83d\udcc3<\/p><p>\ud83d\udcf1\ud83d\udcbb\ud83d\udda5\ufe0f Fa\u00e7a agora mesmo uma degusta\u00e7\u00e3o gratuita&nbsp; em nosso site \ud83d\udc40<\/p><p>\ud83d\ude4fAgradecemos imensamente ao entrevistado do m\u00eas e a todos os ilustres colaboradores, que abrilhantaram este peri\u00f3dico com suas ideias e pensamentos.<\/p><p>\u2705 Adquira sua assinatura, com edi\u00e7\u00e3o on-line ou impressa.<\/p><p>\ud83d\udca1 Publique conosco seu artigo. Torne-se um de nossos colaboradores.<\/p><p>\ud83d\ude4b\u200d\u2640\ud83d\ude4b\u200d\u2642 Para assinaturas, publica\u00e7\u00f5es e quaisquer esclarecimentos, entre em contato conosco:<\/p><p>\ud83d\udcde WhatsApp: (11) 97443-5898<\/p><p>\ud83d\udcde Fixo: (11) 3237-4232<\/p><p>\ud83d\udce7atendimento@sgpsolucoes.com.br<\/p><p>\ud83c\udf10www.sgpsolucoes.com.br<\/p><p>\ud83e\udd14 Quer saber mais?<\/p><p>\ud83d\udc49 Acesse o CANAL SGP e fique sempre por dentro das principais novidades do universo do Direito P\u00fablico.<\/p><p>\u271d &#8220;A sabedoria oferece prote\u00e7\u00e3o, como o faz o dinheiro, mas a vantagem do conhecimento \u00e9 esta: a sabedoria preserva a vida de quem a possui&#8221; (Eclesiastes 7:12).<\/p>\n    <div class=\"xs_social_share_widget xs_share_url after_content \t\tmain_content  wslu-style-1 wslu-share-box-shaped wslu-fill-colored wslu-none wslu-share-horizontal wslu-theme-font-no wslu-main_content\">\n\n\t\t\n        <ul>\n\t\t\t        <\/ul>\n    <\/div> \n","protected":false},"excerpt":{"rendered":"<p>\ud83d\uddd3\ufe0f M\u00eas 07\/2025 &#8211; Confira a Edi\u00e7\u00e3o n\u00ba 73 comemorativa de 6 anos do peri\u00f3dico SAM &#8211; Solu\u00e7\u00e3o em Direito Administrativo e Municipal<\/p>\n","protected":false},"author":5,"featured_media":0,"comment_status":"open","ping_status":"open","sticky":false,"template":"","format":"standard","meta":{"postBodyCss":"","postBodyMargin":[],"postBodyPadding":[],"postBodyBackground":{"backgroundType":"classic","gradient":""},"_price":"","_stock":"","_tribe_ticket_header":"","_tribe_default_ticket_provider":"","_tribe_ticket_capacity":"0","_ticket_start_date":"","_ticket_end_date":"","_tribe_ticket_show_description":"","_tribe_ticket_show_not_going":false,"_tribe_ticket_use_global_stock":"","_tribe_ticket_global_stock_level":"","_global_stock_mode":"","_global_stock_cap":"","_tribe_rsvp_for_event":"","_tribe_ticket_going_count":"","_tribe_ticket_not_going_count":"","_tribe_tickets_list":"[]","_tribe_ticket_has_attendee_info_fields":false,"footnotes":""},"categories":[46],"tags":[12512,9573,12517,12516,176,246,12514,12520,1541,3706,198,12515,166,12519,12511,12518,12513,244,9572,245,1516],"class_list":["post-12737","post","type-post","status-publish","format-standard","hentry","category-noticias","tag-6-anos","tag-abradade","tag-amauri-saad","tag-atos-de-gestao-praticados-por-prefeitos-e-controle-externo","tag-direito-administrativo","tag-direito-municipal","tag-edicao-no-73","tag-emerson-gabardo","tag-entrevista-com-o-mestre","tag-flavio-correa-de-toledo-junior","tag-gina-copola","tag-ismar-dos-santos-viana","tag-ivan-barbosa-rigolin","tag-marcelo-silva-souza","tag-mes-07-2025","tag-nahima-peron-coelho-razuk","tag-periodico-sam","tag-sam","tag-sergio-ferraz","tag-solucao-em-direito-administrativo-e-municipal","tag-solucoes-autorais"],"acf":[],"_links":{"self":[{"href":"https:\/\/sgpsolucoes.com.br\/site\/wp-json\/wp\/v2\/posts\/12737"}],"collection":[{"href":"https:\/\/sgpsolucoes.com.br\/site\/wp-json\/wp\/v2\/posts"}],"about":[{"href":"https:\/\/sgpsolucoes.com.br\/site\/wp-json\/wp\/v2\/types\/post"}],"author":[{"embeddable":true,"href":"https:\/\/sgpsolucoes.com.br\/site\/wp-json\/wp\/v2\/users\/5"}],"replies":[{"embeddable":true,"href":"https:\/\/sgpsolucoes.com.br\/site\/wp-json\/wp\/v2\/comments?post=12737"}],"version-history":[{"count":0,"href":"https:\/\/sgpsolucoes.com.br\/site\/wp-json\/wp\/v2\/posts\/12737\/revisions"}],"wp:attachment":[{"href":"https:\/\/sgpsolucoes.com.br\/site\/wp-json\/wp\/v2\/media?parent=12737"}],"wp:term":[{"taxonomy":"category","embeddable":true,"href":"https:\/\/sgpsolucoes.com.br\/site\/wp-json\/wp\/v2\/categories?post=12737"},{"taxonomy":"post_tag","embeddable":true,"href":"https:\/\/sgpsolucoes.com.br\/site\/wp-json\/wp\/v2\/tags?post=12737"}],"curies":[{"name":"wp","href":"https:\/\/api.w.org\/{rel}","templated":true}]}}