{"id":12750,"date":"2025-07-07T11:17:03","date_gmt":"2025-07-07T14:17:03","guid":{"rendered":"https:\/\/sgpsolucoes.com.br\/site\/?p=12750"},"modified":"2025-07-07T11:17:32","modified_gmt":"2025-07-07T14:17:32","slug":"estatuto-da-pessoa-com-deficiencia-completa-10-anos","status":"publish","type":"post","link":"https:\/\/sgpsolucoes.com.br\/site\/estatuto-da-pessoa-com-deficiencia-completa-10-anos\/","title":{"rendered":"Estatuto da Pessoa com Defici\u00eancia completa 10 anos"},"content":{"rendered":"<p><em><strong>STF refor\u00e7a direitos das pessoas com defici\u00eancia por meio de decis\u00f5es que garantem inclus\u00e3o e igualdade<\/strong><\/em><\/p><p>Neste domingo (6), a Lei Brasileira de Inclus\u00e3o da Pessoa com Defici\u00eancia (Estatuto da Pessoa com Defici\u00eancia) completa 10 anos. Sancionada em 6 de julho de 2015 pela ent\u00e3o presidente Dilma Rousseff, a Lei 13.146 tem como objetivo assegurar e promover, em condi\u00e7\u00f5es de igualdade, os direitos e as liberdades fundamentais das pessoas com defici\u00eancia, visando \u00e0 sua inclus\u00e3o social e ao pleno exerc\u00edcio da cidadania.<\/p><figure class=\"wp-block-image size-full\"><img decoding=\"async\" src=\"https:\/\/sgpsolucoes.com.br\/site\/wp-content\/uploads\/2025\/07\/image-2.png\" alt=\"\" class=\"wp-image-12751\"\/><figcaption class=\"wp-element-caption\"><em>Foto: Gustavo Moreno\/STF<\/em><\/figcaption><\/figure><p>De acordo com a norma, \u00e9 considerada pessoa com defici\u00eancia quem tem algum impedimento f\u00edsico, mental, intelectual ou sensorial de longa dura\u00e7\u00e3o que, ao enfrentar barreiras no dia a dia, possa ter sua participa\u00e7\u00e3o na sociedade limitada.<\/p><p>Em rela\u00e7\u00e3o ao tema, o Supremo Tribunal Federal (STF), em diversas decis\u00f5es, tem refor\u00e7ado a import\u00e2ncia da acessibilidade e da promo\u00e7\u00e3o de um ambiente mais inclusivo e igualit\u00e1rio para todos.<\/p><h5 class=\"wp-block-heading\"><strong>Inser\u00e7\u00e3o no ensino regular<\/strong><\/h5><p>Entre os processos de maior destaque sobre o tema est\u00e1 a A\u00e7\u00e3o Direta de Inconstitucionalidade (ADI) 5357, em que o Plen\u00e1rio decidiu que escolas particulares devem cumprir normas do Estatuto que as obrigam a inserir pessoas com defici\u00eancia no ensino regular e fazer as adapta\u00e7\u00f5es necess\u00e1rias sem repassar custos \u00e0s mensalidades, anuidades e matr\u00edculas.<\/p><h5 class=\"wp-block-heading\"><strong>Concursos p\u00fablicos<\/strong><\/h5><p>No julgamento da ADI 6476, o Supremo afastou interpreta\u00e7\u00f5es do Decreto 9.546\/2018 que retiravam o direito de candidatos com defici\u00eancia \u00e0 adapta\u00e7\u00e3o razo\u00e1vel em provas f\u00edsicas de concursos p\u00fablicos. O Tribunal tamb\u00e9m considerou inconstitucional submeter candidatos com e sem defici\u00eancia aos mesmos crit\u00e9rios em provas f\u00edsicas sem demonstrar sua necessidade para o exerc\u00edcio da fun\u00e7\u00e3o p\u00fablica.<\/p><h5 class=\"wp-block-heading\"><strong>Dedu\u00e7\u00e3o de IR<\/strong><\/h5><p>Na ADI 5583, o STF entendeu que trabalhador com defici\u00eancia pode ser considerado dependente para dedu\u00e7\u00e3o do imposto sobre a renda. O Plen\u00e1rio decidiu que, na apura\u00e7\u00e3o do imposto, a pessoa com defici\u00eancia com mais de 21 anos e capacitada para o trabalho pode ser considerada dependente quando sua remunera\u00e7\u00e3o n\u00e3o exceder as dedu\u00e7\u00f5es autorizadas por lei.<\/p><h5 class=\"wp-block-heading\"><strong>Adapta\u00e7\u00e3o de computadores<\/strong><\/h5><p>Ao julgar agravo regimental no Recurso Extraordin\u00e1rio (RE) 665381, a Segunda Turma do STF considerou v\u00e1lida lei do Munic\u00edpio do Rio de Janeiro que tornou obrigat\u00f3ria a adapta\u00e7\u00e3o de computadores para pessoas com defici\u00eancia visual em lan houses, cyber caf\u00e9s e estabelecimentos similares. O colegiado fixou entendimento de que, na aus\u00eancia de lei nacional e estadual sobre a quest\u00e3o, o munic\u00edpio tem compet\u00eancia para cuidar da mat\u00e9ria em seu territ\u00f3rio.<\/p><h5 class=\"wp-block-heading\"><strong>Ve\u00edculos adaptados em locadoras<\/strong><\/h5><p>O Supremo tamb\u00e9m se pronunciou sobre cotas de ve\u00edculos adaptados para pessoas com defici\u00eancia em locadoras. Em decis\u00e3o un\u00e2nime na ADI 5452, o Tribunal manteve a validade de dispositivo do Estatuto da Pessoa com Defici\u00eancia que exige um ve\u00edculo adaptado a cada 20 autom\u00f3veis da frota.<\/p><h5 class=\"wp-block-heading\"><strong>Educa\u00e7\u00e3o inclusiva<\/strong><\/h5><p>O Plen\u00e1rio invalidou lei do Amap\u00e1 que criava condi\u00e7\u00f5es para o reconhecimento de defici\u00eancia de estudantes da rede p\u00fablica e exigia comprova\u00e7\u00e3o por laudo m\u00e9dico para recebimento dos benef\u00edcios. A norma tamb\u00e9m liberava institui\u00e7\u00f5es de ensino consideradas despreparadas de receber estudantes com defici\u00eancia.<\/p><p>Por unanimidade, no julgamento da ADI 7028, a Corte entendeu que a norma, embora priorizasse pessoas com defici\u00eancia em escolas p\u00fablicas pr\u00f3ximas \u00e0 resid\u00eancia, criou conceitos e condi\u00e7\u00f5es que afrontam a Constitui\u00e7\u00e3o Federal. Tamb\u00e9m concluiu que a lei poderia fixar prazo razo\u00e1vel para adapta\u00e7\u00e3o das escolas, mas n\u00e3o exclu\u00ed-las do dever de prestar educa\u00e7\u00e3o inclusiva.<\/p><h5 class=\"wp-block-heading\"><strong>Supermercados<\/strong><\/h5><p>O Plen\u00e1rio validou lei do Estado de S\u00e3o Paulo que exige que supermercados, hipermercados e estabelecimentos semelhantes tenham 5% dos carrinhos de compras adaptados para crian\u00e7as com defici\u00eancia ou mobilidade reduzida. A decis\u00e3o foi tomada no julgamento do&nbsp;<a href=\"https:\/\/nam02.safelinks.protection.outlook.com\/?url=https%3A%2F%2Fportal.stf.jus.br%2Fprocessos%2Fdetalhe.asp%3Fincidente%3D5660013&amp;data=05%7C02%7Ccarmem.feijo%40stf.jus.br%7C3da72a98fb2c46effb4408ddbb51560e%7C52e207685e724c998e252a6d81a83903%7C0%7C0%7C638872680193032537%7CUnknown%7CTWFpbGZsb3d8eyJFbXB0eU1hcGkiOnRydWUsIlYiOiIwLjAuMDAwMCIsIlAiOiJXaW4zMiIsIkFOIjoiTWFpbCIsIldUIjoyfQ%3D%3D%7C0%7C%7C%7C&amp;sdata=NwlKSpnXR1wonM7HVX1bQf%2F6wUU%2Fv9VTPXnuEFXcgnY%3D&amp;reserved=0\">RE 1198269<\/a>&nbsp;(Tema 1.286 da repercuss\u00e3o geral). Para a Corte, a iniciativa est\u00e1 alinhada aos compromissos constitucionais de facilitar a mobilidade dessa por\u00e7\u00e3o da popula\u00e7\u00e3o, e os estados t\u00eam o dever de adotar medidas efetivas para garantir a m\u00e1xima independ\u00eancia poss\u00edvel a essas pessoas.<\/p><h5 class=\"wp-block-heading\"><strong>Acessibilidade no STF<\/strong><\/h5><p>No \u00e2mbito institucional, o Tribunal conta com o programa STF Sem Barreiras, cuja miss\u00e3o \u00e9 fortalecer a acessibilidade em todas as \u00e1reas do Tribunal e eliminar as barreiras encontradas por pessoas com defici\u00eancia na sua experi\u00eancia di\u00e1ria. Entre as iniciativas destacam-se o uso no portal do STF da ferramenta VLibras, em que um avatar virtual traduz conte\u00fados escritos para a L\u00edngua Brasileira de Sinais (Libras); a tradu\u00e7\u00e3o em Libras nas transmiss\u00f5es das sess\u00f5es de julgamento e o uso de legendas e audiodescri\u00e7\u00e3o nas transmiss\u00f5es pelo YouTube; a presen\u00e7a de tradutores de Libras nas visitas guiadas da Corte; as descri\u00e7\u00f5es detalhadas das imagens em posts nas redes sociais; o oferecimento de triciclos motorizados (\u201cscooters\u201d) para auxiliar a locomo\u00e7\u00e3o de pessoas com mobilidade reduzida; e o uso de QR Codes com audiodescri\u00e7\u00e3o em exposi\u00e7\u00f5es.<\/p><p>A Biblioteca do STF oferece exemplares da Constitui\u00e7\u00e3o e c\u00f3digos em braile, al\u00e9m de tecnologia assistiva para pessoas com defici\u00eancia visual, como o OrCam MyEye, que transforma texto em \u00e1udio, e o scanner Sara CE, que l\u00ea livros e documentos impressos.<\/p><p>Na estrutura f\u00edsica, foi instalado piso t\u00e1til em todas as \u00e1reas de circula\u00e7\u00e3o. As garagens contam com vagas acess\u00edveis, novas catracas e adapta\u00e7\u00f5es para facilitar o embarque de pessoas com mobilidade reduzida. A entrada do anexo I ganhou uma rampa de acesso, e as escadas foram reformadas. Em maio deste ano, foi instalado um banheiro exclusivo para pessoas ostomizadas, a fim de garantir seguran\u00e7a e dignidade para quem usa bolsa de colostomia. \u00c9 o primeiro banheiro com essa finalidade em tribunais no Brasil.<\/p><p>Veja mais informa\u00e7\u00f5es na&nbsp;<strong><a href=\"https:\/\/portal.stf.jus.br\/acessibilidade\/\" target=\"_blank\" rel=\"noreferrer noopener\">p\u00e1gina do programa<\/a><\/strong>.<\/p><p><strong>Fonte: STF<\/strong><\/p><p><\/p>\n    <div class=\"xs_social_share_widget xs_share_url after_content \t\tmain_content  wslu-style-1 wslu-share-box-shaped wslu-fill-colored wslu-none wslu-share-horizontal wslu-theme-font-no wslu-main_content\">\n\n\t\t\n        <ul>\n\t\t\t        <\/ul>\n    <\/div> \n","protected":false},"excerpt":{"rendered":"<p>Neste domingo (6), a Lei Brasileira de Inclus\u00e3o da Pessoa com Defici\u00eancia (Estatuto da Pessoa com Defici\u00eancia) completa 10 anos. Sancionada em 6 de julho de 2015 pela ent\u00e3o presidente Dilma Rousseff, a Lei 13.146 tem como objetivo assegurar e promover, em condi\u00e7\u00f5es de igualdade, os direitos e as liberdades fundamentais das pessoas com defici\u00eancia, visando \u00e0 sua inclus\u00e3o social e ao pleno exerc\u00edcio da cidadania.<\/p>\n","protected":false},"author":5,"featured_media":0,"comment_status":"open","ping_status":"open","sticky":false,"template":"","format":"standard","meta":{"postBodyCss":"","postBodyMargin":[],"postBodyPadding":[],"postBodyBackground":{"backgroundType":"classic","gradient":""},"_price":"","_stock":"","_tribe_ticket_header":"","_tribe_default_ticket_provider":"","_tribe_ticket_capacity":"0","_ticket_start_date":"","_ticket_end_date":"","_tribe_ticket_show_description":"","_tribe_ticket_show_not_going":false,"_tribe_ticket_use_global_stock":"","_tribe_ticket_global_stock_level":"","_global_stock_mode":"","_global_stock_cap":"","_tribe_rsvp_for_event":"","_tribe_ticket_going_count":"","_tribe_ticket_not_going_count":"","_tribe_tickets_list":"[]","_tribe_ticket_has_attendee_info_fields":false,"footnotes":""},"categories":[46],"tags":[12529,1348,12527,5118,8088,2441,3881,12530,12528,347],"class_list":["post-12750","post","type-post","status-publish","format-standard","hentry","category-noticias","tag-10-anos","tag-deficiencia","tag-direitos-das-pessoas-com-deficiencia","tag-estatuto","tag-estatuto-da-pessoa-com-deficiencia","tag-igualdade","tag-inclusao","tag-lei-brasileira-de-inclusao-da-pessoa-com-deficiencia","tag-pessoa","tag-stf"],"acf":[],"_links":{"self":[{"href":"https:\/\/sgpsolucoes.com.br\/site\/wp-json\/wp\/v2\/posts\/12750"}],"collection":[{"href":"https:\/\/sgpsolucoes.com.br\/site\/wp-json\/wp\/v2\/posts"}],"about":[{"href":"https:\/\/sgpsolucoes.com.br\/site\/wp-json\/wp\/v2\/types\/post"}],"author":[{"embeddable":true,"href":"https:\/\/sgpsolucoes.com.br\/site\/wp-json\/wp\/v2\/users\/5"}],"replies":[{"embeddable":true,"href":"https:\/\/sgpsolucoes.com.br\/site\/wp-json\/wp\/v2\/comments?post=12750"}],"version-history":[{"count":0,"href":"https:\/\/sgpsolucoes.com.br\/site\/wp-json\/wp\/v2\/posts\/12750\/revisions"}],"wp:attachment":[{"href":"https:\/\/sgpsolucoes.com.br\/site\/wp-json\/wp\/v2\/media?parent=12750"}],"wp:term":[{"taxonomy":"category","embeddable":true,"href":"https:\/\/sgpsolucoes.com.br\/site\/wp-json\/wp\/v2\/categories?post=12750"},{"taxonomy":"post_tag","embeddable":true,"href":"https:\/\/sgpsolucoes.com.br\/site\/wp-json\/wp\/v2\/tags?post=12750"}],"curies":[{"name":"wp","href":"https:\/\/api.w.org\/{rel}","templated":true}]}}