{"id":12755,"date":"2025-07-07T11:23:40","date_gmt":"2025-07-07T14:23:40","guid":{"rendered":"https:\/\/sgpsolucoes.com.br\/site\/?p=12755"},"modified":"2025-07-07T11:23:42","modified_gmt":"2025-07-07T14:23:42","slug":"repetitivo-do-stj-afasta-pis-cofins-sobre-produtos-e-servicos-destinados-a-zona-franca-de-manaus","status":"publish","type":"post","link":"https:\/\/sgpsolucoes.com.br\/site\/repetitivo-do-stj-afasta-pis-cofins-sobre-produtos-e-servicos-destinados-a-zona-franca-de-manaus\/","title":{"rendered":"Repetitivo do STJ afasta PIS\/Cofins sobre produtos e servi\u00e7os destinados \u00e0 Zona Franca de Manaus"},"content":{"rendered":"<p>A Primeira Se\u00e7\u00e3o do Superior Tribunal de Justi\u00e7a (STJ) estabeleceu que as receitas decorrentes da presta\u00e7\u00e3o de servi\u00e7os e da venda de produtos nacionais e nacionalizados no \u00e2mbito da Zona Franca de Manaus, seja para pessoas f\u00edsicas ou jur\u00eddicas, est\u00e3o livres da contribui\u00e7\u00e3o ao Programa de Integra\u00e7\u00e3o Social (PIS) e da Contribui\u00e7\u00e3o para o Financiamento da Seguridade Social (Cofins).<\/p><p>Ao fixar o entendimento sob o rito dos recursos&nbsp;repetitivos&nbsp;(<a href=\"https:\/\/processo.stj.jus.br\/repetitivos\/temas_repetitivos\/pesquisa.jsp?novaConsulta=true&amp;tipo_pesquisa=T&amp;cod_tema_inicial=1239&amp;cod_tema_final=1239\">Tema 1.239<\/a>), o colegiado considerou que a concess\u00e3o de incentivos fiscais \u00e0 Zona Franca de Manaus deve ter interpreta\u00e7\u00e3o extensiva, de modo a reduzir as desigualdades sociais e regionais e contribuir para a prote\u00e7\u00e3o do meio ambiente e a promo\u00e7\u00e3o da cultura da regi\u00e3o amaz\u00f4nica.<\/p><p>Com a defini\u00e7\u00e3o da tese, podem voltar a tramitar todos os&nbsp;recursos especiais&nbsp;e&nbsp;agravos em recurso especial&nbsp;sobre o mesmo assunto, na segunda inst\u00e2ncia ou no STJ, que estavam suspensos \u00e0 espera do precedente.<\/p><h2 class=\"wp-block-heading\">Decreto-lei n\u00e3o pro\u00edbe incentivo quando destinat\u00e1rio da venda \u00e9 pessoa f\u00edsica<\/h2><p>O relator do&nbsp;repetitivo, ministro Gurgel de Faria, apontou que a an\u00e1lise do tema exige a interpreta\u00e7\u00e3o conjunta da realidade mercadol\u00f3gica atual, dos dispositivos constitucionais que tratam da finalidade da Zona Franca de Manaus e do&nbsp;<a href=\"https:\/\/www.planalto.gov.br\/ccivil_03\/decreto-lei\/del0288.htm#art4\">artigo 4\u00ba do Decreto-Lei 288\/1967<\/a>, que regula essa zona econ\u00f4mica especial.<\/p><p>&#8220;O decreto-lei n\u00e3o traz nenhuma refer\u00eancia \u00e0 caracter\u00edstica do consumidor destinat\u00e1rio da venda na Zona Franca de Manaus, ou seja, se esse \u00e9 pessoa f\u00edsica ou jur\u00eddica, motivo por que n\u00e3o h\u00e1 raz\u00e3o para afastar os incentivos fiscais voltados \u00e0 Zona Franca de Manaus quando o adquirente\/consumidor for pessoa f\u00edsica residente naquela regi\u00e3o&#8221;, observou o ministro.<\/p><p>Segundo ele, tamb\u00e9m \u00e9 irrelevante saber se o neg\u00f3cio ocorre entre pessoas situadas na Zona Franca de Manaus ou se o vendedor est\u00e1 fora dos limites do polo industrial, por respeito ao princ\u00edpio da isonomia. &#8220;A ado\u00e7\u00e3o de compreens\u00e3o diversa aumentaria a carga tribut\u00e1ria exatamente dos empreendedores da regi\u00e3o \u2013 que devem ser beneficiados com os incentivos fiscais \u2013, desestimulando a economia dentro da pr\u00f3pria \u00e1rea&#8221;, explicou.<\/p><h2 class=\"wp-block-heading\">Leis que regem PIS e Cofins afastam incid\u00eancia desses tributos na exporta\u00e7\u00e3o<\/h2><p>Ao analisar a legisla\u00e7\u00e3o que trata do PIS e da Cofins, Gurgel de Faria comentou que a isen\u00e7\u00e3o para as receitas de exporta\u00e7\u00e3o estava prevista no&nbsp;<a href=\"https:\/\/www.planalto.gov.br\/CCivil_03\/leis\/L7714.htm#art5\">artigo 5\u00ba da Lei 7.714\/1988<\/a>&nbsp;e no&nbsp;<a href=\"https:\/\/www.planalto.gov.br\/ccivil_03\/leis\/lcp\/lcp70.htm#art7\">artigo 7\u00ba da Lei Complementar 70\/1991<\/a>. Posteriormente, com a entrada em vigor das Leis&nbsp;<a href=\"https:\/\/www.planalto.gov.br\/ccivil_03\/leis\/2002\/l10637.htm\">10.637\/2002<\/a>&nbsp;e&nbsp;<a href=\"https:\/\/www.planalto.gov.br\/ccivil_03\/leis\/2003\/l10.833.htm\">10.833\/2003<\/a>&nbsp;e a introdu\u00e7\u00e3o do regime n\u00e3o cumulativo do PIS\/Cofins, houve a expressa desonera\u00e7\u00e3o das receitas decorrentes de exporta\u00e7\u00e3o.<\/p><p>&#8220;Portanto, como as leis referidas, quando cuidam da exporta\u00e7\u00e3o, afastam expressamente a incid\u00eancia da contribui\u00e7\u00e3o ao PIS e \u00e0 Cofins em sentido amplo (pessoa f\u00edsica, jur\u00eddica, mercadoria e presta\u00e7\u00e3o de servi\u00e7os), esse tratamento, automaticamente, deve ser concedido \u00e0 Zona Franca em raz\u00e3o da interpreta\u00e7\u00e3o sistem\u00e1tica que deve ser conferida \u00e0s referidas normas e ao artigo 4\u00ba do Decreto-Lei 288\/1967&#8221;, concluiu o ministro.<\/p><p><a href=\"https:\/\/processo.stj.jus.br\/processo\/julgamento\/eletronico\/documento\/mediado\/?documento_tipo=integra&amp;documento_sequencial=319852533&amp;registro_numero=202302426426&amp;peticao_numero=&amp;publicacao_data=20250618&amp;formato=PDF\">Leia o ac\u00f3rd\u00e3o no REsp 2.093.050<\/a>.<\/p><p><strong>Esta not\u00edcia refere-se ao(s)\u00a0processo(s):<\/strong><\/p><p><strong><a href=\"https:\/\/ww2.stj.jus.br\/processo\/pesquisa\/?aplicacao=processos.ea&amp;tipoPesquisa=tipoPesquisaGenerica&amp;termo=REsp%202093050\">REsp 2093050<\/a><\/strong><\/p><p><strong><a href=\"https:\/\/ww2.stj.jus.br\/processo\/pesquisa\/?aplicacao=processos.ea&amp;tipoPesquisa=tipoPesquisaGenerica&amp;termo=REsp%202093052\">REsp 2093052<\/a><\/strong><\/p><p><strong><a href=\"https:\/\/ww2.stj.jus.br\/processo\/pesquisa\/?aplicacao=processos.ea&amp;tipoPesquisa=tipoPesquisaGenerica&amp;termo=REsp%202152381\">REsp 2152381<\/a><\/strong><\/p><p><strong><a href=\"https:\/\/ww2.stj.jus.br\/processo\/pesquisa\/?aplicacao=processos.ea&amp;tipoPesquisa=tipoPesquisaGenerica&amp;termo=REsp%202152904\">REsp 2152904<\/a><\/strong><\/p><p><strong><a href=\"https:\/\/ww2.stj.jus.br\/processo\/pesquisa\/?aplicacao=processos.ea&amp;tipoPesquisa=tipoPesquisaGenerica&amp;termo=REsp%202152161\">REsp 2152161<\/a><a href=\"https:\/\/ww2.stj.jus.br\/processo\/pesquisa\/?aplicacao=processos.ea&amp;tipoPesquisa=tipoPesquisaGenerica&amp;termo=AREsp%202613918\">AREsp 2613918<\/a><\/strong><\/p><p><\/p><p>Saiba o significado de termos publicados nesta not\u00edcia:<\/p><ol class=\"wp-block-list\"><li>1\u00ba termo &#8211; Repetitivos:\u00a0Recurso repetitivo \u00e9 um recurso escolhido para ser julgado como representativo de uma quest\u00e3o jur\u00eddica presente em muitos outros processos, para que a tese fixada pelo tribunal seja aplicada na solu\u00e7\u00e3o dos casos semelhantes em todo o pa\u00eds.<\/li>\n\n<li>2\u00ba termo &#8211; recursos especiais:\u00a0O recurso especial (sigla REsp) \u00e9 dirigido ao STJ para contestar poss\u00edvel m\u00e1 aplica\u00e7\u00e3o da lei federal por um tribunal de segundo grau. Assim, o REsp serve para que o STJ uniformize a interpreta\u00e7\u00e3o da legisla\u00e7\u00e3o federal em todo o pa\u00eds.<\/li>\n\n<li>3\u00ba termo &#8211; agravos em recurso especial:\u00a0Agravo em recurso especial (sigla AREsp) \u00e9 o recurso contra decis\u00e3o do presidente ou do vice-presidente do tribunal de origem que n\u00e3o admitiu a subida do recurso especial para o STJ. Seu objetivo \u00e9 convencer o STJ a aceitar o recurso especial para julgamento do m\u00e9rito.<\/li><\/ol><p><br><strong>Fonte: STJ<\/strong><\/p>\n    <div class=\"xs_social_share_widget xs_share_url after_content \t\tmain_content  wslu-style-1 wslu-share-box-shaped wslu-fill-colored wslu-none wslu-share-horizontal wslu-theme-font-no wslu-main_content\">\n\n\t\t\n        <ul>\n\t\t\t        <\/ul>\n    <\/div> \n","protected":false},"excerpt":{"rendered":"<p>A Primeira Se\u00e7\u00e3o do Superior Tribunal de Justi\u00e7a (STJ) estabeleceu que as receitas decorrentes da presta\u00e7\u00e3o de servi\u00e7os e da venda de produtos nacionais e nacionalizados no \u00e2mbito da Zona Franca de Manaus, seja para pessoas f\u00edsicas ou jur\u00eddicas, est\u00e3o livres da contribui\u00e7\u00e3o ao Programa de Integra\u00e7\u00e3o Social (PIS) e da Contribui\u00e7\u00e3o para o Financiamento da Seguridade Social (Cofins).<\/p>\n","protected":false},"author":5,"featured_media":0,"comment_status":"open","ping_status":"open","sticky":false,"template":"","format":"standard","meta":{"postBodyCss":"","postBodyMargin":[],"postBodyPadding":[],"postBodyBackground":{"backgroundType":"classic","gradient":""},"_price":"","_stock":"","_tribe_ticket_header":"","_tribe_default_ticket_provider":"","_tribe_ticket_capacity":"0","_ticket_start_date":"","_ticket_end_date":"","_tribe_ticket_show_description":"","_tribe_ticket_show_not_going":false,"_tribe_ticket_use_global_stock":"","_tribe_ticket_global_stock_level":"","_global_stock_mode":"","_global_stock_cap":"","_tribe_rsvp_for_event":"","_tribe_ticket_going_count":"","_tribe_ticket_not_going_count":"","_tribe_tickets_list":"[]","_tribe_ticket_has_attendee_info_fields":false,"footnotes":""},"categories":[46],"tags":[1730,1378,2862,8489,593,595,1735,2220,4115,12531,12534,2859,4200,2692,500,229,230,944,12533,12532],"class_list":["post-12755","post","type-post","status-publish","format-standard","hentry","category-noticias","tag-cofins","tag-contribuicao","tag-contribuicao-para-o-financiamento-da-seguridade-social","tag-manaus","tag-pessoas-fisicas","tag-pessoas-juridicas","tag-pis","tag-primeira-secao","tag-produtos","tag-produtos-nacionais","tag-produtos-nacionalizados","tag-programa-de-integracao-social","tag-receitas","tag-repetitivo","tag-servicos-2","tag-stj","tag-superior-tribunal-de-justica","tag-venda","tag-zona-franca","tag-zona-franca-de-manaus"],"acf":[],"_links":{"self":[{"href":"https:\/\/sgpsolucoes.com.br\/site\/wp-json\/wp\/v2\/posts\/12755"}],"collection":[{"href":"https:\/\/sgpsolucoes.com.br\/site\/wp-json\/wp\/v2\/posts"}],"about":[{"href":"https:\/\/sgpsolucoes.com.br\/site\/wp-json\/wp\/v2\/types\/post"}],"author":[{"embeddable":true,"href":"https:\/\/sgpsolucoes.com.br\/site\/wp-json\/wp\/v2\/users\/5"}],"replies":[{"embeddable":true,"href":"https:\/\/sgpsolucoes.com.br\/site\/wp-json\/wp\/v2\/comments?post=12755"}],"version-history":[{"count":0,"href":"https:\/\/sgpsolucoes.com.br\/site\/wp-json\/wp\/v2\/posts\/12755\/revisions"}],"wp:attachment":[{"href":"https:\/\/sgpsolucoes.com.br\/site\/wp-json\/wp\/v2\/media?parent=12755"}],"wp:term":[{"taxonomy":"category","embeddable":true,"href":"https:\/\/sgpsolucoes.com.br\/site\/wp-json\/wp\/v2\/categories?post=12755"},{"taxonomy":"post_tag","embeddable":true,"href":"https:\/\/sgpsolucoes.com.br\/site\/wp-json\/wp\/v2\/tags?post=12755"}],"curies":[{"name":"wp","href":"https:\/\/api.w.org\/{rel}","templated":true}]}}