{"id":12764,"date":"2025-07-07T11:41:43","date_gmt":"2025-07-07T14:41:43","guid":{"rendered":"https:\/\/sgpsolucoes.com.br\/site\/?p=12764"},"modified":"2025-07-07T11:41:44","modified_gmt":"2025-07-07T14:41:44","slug":"tce-pr-recomenda-que-fundo-estadual-de-saude-aprimore-fiscalizacao-de-terceirizados","status":"publish","type":"post","link":"https:\/\/sgpsolucoes.com.br\/site\/tce-pr-recomenda-que-fundo-estadual-de-saude-aprimore-fiscalizacao-de-terceirizados\/","title":{"rendered":"TCE-PR recomenda que Fundo Estadual de Sa\u00fade aprimore fiscaliza\u00e7\u00e3o de terceirizados"},"content":{"rendered":"<p>O Tribunal de Contas do Estado do Paran\u00e1 (TCE-PR) recomendou ao Fundo Estadual de Sa\u00fade do Paran\u00e1 (Funsa\u00fade) que verifique mensalmente, por meio de suas unidades designadas &#8211; gestor e fiscal dos contratos -, a ocorr\u00eancia da efetiva presta\u00e7\u00e3o dos servi\u00e7os contratados mediante terceiriza\u00e7\u00e3o; e que aprimore o planejamento e o controle sobre seus contratos de servi\u00e7os, especialmente os terceirizados.<\/p><p>A entidade deve garantir n\u00e3o haja disp\u00eandios com fornecedores sem a devida contrapresta\u00e7\u00e3o dos respectivos servi\u00e7os contratados referentes aos Apontamentos Preliminares de Achados (APAs) n\u00fameros 27505, 27506, 27507, 27508, 27509, 27510 e 27511 do TCE-PR.<\/p><p>As recomenda\u00e7\u00f5es foram expedidas no processo em que o TCE-PR julgou regular com ressalva a Presta\u00e7\u00e3o de Contas Anual (PCA) de 2023 do fundo, em conson\u00e2ncia com o opinativo da sua ent\u00e3o Coordenadoria de Gest\u00e3o Estadual (CGE) na instru\u00e7\u00e3o do processo e com a manifesta\u00e7\u00e3o do Minist\u00e9rio P\u00fablico de Contas do Estado do Paran\u00e1 (MPC-PR) nos autos.<\/p><p><strong>Ressalvas<\/strong><\/p><p>O Tribunal ressalvou as defici\u00eancias na fiscaliza\u00e7\u00e3o da execu\u00e7\u00e3o dos contratos celebrados com empresas terceirizadas e n\u00e3o apresenta\u00e7\u00e3o de documentos, em rela\u00e7\u00e3o a sete contratos firmados pelo Funsa\u00fade.<\/p><p>As duas primeiras ressalvas referem-se ao pagamento de dias de atestado e horas de licen\u00e7a remunerada aos funcion\u00e1rios que ocupam postos de trabalho objeto do contrato, sem comprova\u00e7\u00e3o de substitui\u00e7\u00e3o dos postos e sem o respectivo abatimento do faturamento, vez que nenhum desconto foi observado nas notas fiscais emitidas. Elas dizem respeito \u00e0 aus\u00eancia de todos os documentos solicitados referentes aos contratos n\u00ba 86\/22 e n\u00ba 96\/22 da unidade CAM-Piraquara.<\/p><p>As seguintes s\u00e3o relativas aos dias de aus\u00eancias ao trabalho dos funcion\u00e1rios que ocupam os postos da unidade do Laborat\u00f3rio Central do Estado (Lacen) &#8211; Guatup\u00ea e das unidades que s\u00e3o objeto dos contratos n\u00ba 87\/22, n\u00ba 360\/22 e n\u00ba 375\/22. Elas dizem respeito \u00e0 aus\u00eancia de todos os documentos solicitados referentes aos contratos n\u00b0 94\/22 da unidade da 2\u00aa Regional de Sa\u00fade (RS) CAM Piraquara e n\u00b0 375\/22 da unidade 10\u00aa RS.<\/p><p>Outras tr\u00eas ressalvas s\u00e3o inerentes aos dias de aus\u00eancias ao trabalho dos funcion\u00e1rios que ocupam os postos das unidades que s\u00e3o objeto dos contratos n\u00ba 87\/22, n\u00ba 360\/22 e n\u00ba 375\/22; dos postos das unidades que s\u00e3o objeto dos contratos n\u00b0 85\/22, 359\/22 e 373\/22; e do posto que \u00e9 objeto do Contrato n\u00ba 93\/22, sem o respectivo abatimento do faturamento. Elas dizem respeito \u00e0 aus\u00eancia de todos os documentos solicitados referentes aos contratos n\u00b0 85\/22 da unidade 2\u00aa RS e do Contrato n\u00b0 93\/22 da unidade Hemepar.<\/p><p><strong>Decis\u00e3o<\/strong><\/p><p>Ao fundamentar seu voto, o relator do processo, conselheiro Augustinho Zucchi, afirmou que PCA de 2023 foi submetida ao crivo da metodologia t\u00e9cnica adotada pela Primeira Inspetoria de Controle Externo (1\u00aa ICE) do TCE-PR, que destacou a exist\u00eancia de achados de fiscaliza\u00e7\u00e3o. Ele frisou que, embora tenham sido apresentadas justificativas e documentos em contradit\u00f3rio, a entidade n\u00e3o conseguiu sanar as irregularidades apontadas.<\/p><p>Assim, o conselheiro concordou com a CGE e o MPC-PR quanto \u00e0 imposi\u00e7\u00e3o de ressalvas e recomenda\u00e7\u00f5es, pois algumas irregularidades n\u00e3o eram suscet\u00edveis de corre\u00e7\u00e3o que pudessem ser justificadas no momento da apresenta\u00e7\u00e3o da presta\u00e7\u00e3o de contas ou na fase do contradit\u00f3rio, como a apresenta\u00e7\u00e3o de documentos fora do prazo legal, pois n\u00e3o h\u00e1 como retroagir no tempo para sanar tal irregularidade.<\/p><p>Os conselheiros aprovaram por unanimidade o voto do relator, na Sess\u00e3o de Plen\u00e1rio Virtual n\u00ba 11\/25 do Tribunal Pleno do TCE-PR, conclu\u00edda em 18 de junho. A decis\u00e3o, contra a qual cabe recurso, est\u00e1 expressa no Ac\u00f3rd\u00e3o n\u00ba 1555\/25 &#8211; Tribunal Pleno, disponibilizado em 30 de junho, na&nbsp;<a href=\"https:\/\/www1.tce.pr.gov.br\/multimidia\/2025\/6\/pdf\/00395918.pdf\">edi\u00e7\u00e3o n\u00ba 3.472 do&nbsp;Di\u00e1rio Eletr\u00f4nico&nbsp;do TCE-PR (DETC)<\/a>.<\/p><p><strong>Servi\u00e7o<\/strong><\/p><figure class=\"wp-block-table\"><table class=\"has-fixed-layout\"><tbody><tr><td><strong>Processo<\/strong>&nbsp;<strong>n\u00ba<\/strong>:<\/td><td>300306\/24<\/td><\/tr><tr><td><strong>Ac\u00f3rd\u00e3o n\u00ba<\/strong><\/td><td>1555\/25 &#8211; Tribunal Pleno<\/td><\/tr><tr><td><strong>Assunto<\/strong>:<\/td><td>Presta\u00e7\u00e3o de Contas Anual<\/td><\/tr><tr><td><strong>Entidade<\/strong>:<\/td><td>Fundo Estadual de Sa\u00fade do Paran\u00e1<\/td><\/tr><tr><td><strong>Interessados<\/strong>:<\/td><td>Carlos Alberto Gebrim Preto e C\u00e9sar Augusto Neves Luiz<\/td><\/tr><tr><td><strong>Relator<\/strong>:<\/td><td>Conselheiro Augustinho Zucchi<\/td><\/tr><\/tbody><\/table><\/figure><p><strong>Fonte:&nbsp;TCE\/PR<\/strong><\/p>\n    <div class=\"xs_social_share_widget xs_share_url after_content \t\tmain_content  wslu-style-1 wslu-share-box-shaped wslu-fill-colored wslu-none wslu-share-horizontal wslu-theme-font-no wslu-main_content\">\n\n\t\t\n        <ul>\n\t\t\t        <\/ul>\n    <\/div> \n","protected":false},"excerpt":{"rendered":"<p>O Tribunal de Contas do Estado do Paran\u00e1 (TCE-PR) recomendou ao Fundo Estadual de Sa\u00fade do Paran\u00e1 (Funsa\u00fade) que verifique mensalmente, por meio de suas unidades designadas &#8211; gestor e fiscal dos contratos -, a ocorr\u00eancia da efetiva presta\u00e7\u00e3o dos servi\u00e7os contratados mediante terceiriza\u00e7\u00e3o; e que aprimore o planejamento e o controle sobre seus contratos de servi\u00e7os, especialmente os terceirizados.<\/p>\n","protected":false},"author":5,"featured_media":0,"comment_status":"open","ping_status":"open","sticky":false,"template":"","format":"standard","meta":{"postBodyCss":"","postBodyMargin":[],"postBodyPadding":[],"postBodyBackground":{"backgroundType":"classic","gradient":""},"_price":"","_stock":"","_tribe_ticket_header":"","_tribe_default_ticket_provider":"","_tribe_ticket_capacity":"0","_ticket_start_date":"","_ticket_end_date":"","_tribe_ticket_show_description":"","_tribe_ticket_show_not_going":false,"_tribe_ticket_use_global_stock":"","_tribe_ticket_global_stock_level":"","_global_stock_mode":"","_global_stock_cap":"","_tribe_rsvp_for_event":"","_tribe_ticket_going_count":"","_tribe_ticket_not_going_count":"","_tribe_tickets_list":"[]","_tribe_ticket_has_attendee_info_fields":false,"footnotes":""},"categories":[46],"tags":[12550,174,498,12548,89,12546,12543,12545,454,12549,12547,4114,354,2134,12544,356],"class_list":["post-12764","post","type-post","status-publish","format-standard","hentry","category-noticias","tag-contratos-de-servicos","tag-controle","tag-fiscal","tag-fiscal-dos-contratos","tag-fiscalizacao","tag-fundo-estadual-de-saude","tag-fundo-estadual-de-saude-do-parana","tag-funsaude","tag-gestor","tag-gestor-dos-contratos","tag-mensalmente","tag-planejamento","tag-tce-pr","tag-terceirizacao","tag-terceirizados","tag-tribunal-de-contas-do-estado-do-parana"],"acf":[],"_links":{"self":[{"href":"https:\/\/sgpsolucoes.com.br\/site\/wp-json\/wp\/v2\/posts\/12764"}],"collection":[{"href":"https:\/\/sgpsolucoes.com.br\/site\/wp-json\/wp\/v2\/posts"}],"about":[{"href":"https:\/\/sgpsolucoes.com.br\/site\/wp-json\/wp\/v2\/types\/post"}],"author":[{"embeddable":true,"href":"https:\/\/sgpsolucoes.com.br\/site\/wp-json\/wp\/v2\/users\/5"}],"replies":[{"embeddable":true,"href":"https:\/\/sgpsolucoes.com.br\/site\/wp-json\/wp\/v2\/comments?post=12764"}],"version-history":[{"count":0,"href":"https:\/\/sgpsolucoes.com.br\/site\/wp-json\/wp\/v2\/posts\/12764\/revisions"}],"wp:attachment":[{"href":"https:\/\/sgpsolucoes.com.br\/site\/wp-json\/wp\/v2\/media?parent=12764"}],"wp:term":[{"taxonomy":"category","embeddable":true,"href":"https:\/\/sgpsolucoes.com.br\/site\/wp-json\/wp\/v2\/categories?post=12764"},{"taxonomy":"post_tag","embeddable":true,"href":"https:\/\/sgpsolucoes.com.br\/site\/wp-json\/wp\/v2\/tags?post=12764"}],"curies":[{"name":"wp","href":"https:\/\/api.w.org\/{rel}","templated":true}]}}