{"id":12790,"date":"2025-07-08T17:43:43","date_gmt":"2025-07-08T20:43:43","guid":{"rendered":"https:\/\/sgpsolucoes.com.br\/site\/?p=12790"},"modified":"2025-07-08T17:43:44","modified_gmt":"2025-07-08T20:43:44","slug":"boletim-de-jurisprudencia-n-545-do-tcu","status":"publish","type":"post","link":"https:\/\/sgpsolucoes.com.br\/site\/boletim-de-jurisprudencia-n-545-do-tcu\/","title":{"rendered":"BOLETIM DE JURISPRUD\u00caNCIA N\u00b0 545 DO TCU"},"content":{"rendered":"<p>J\u00e1 est\u00e1 dispon\u00edvel o Boletim de Jurisprud\u00eancia n\u00b0 545&nbsp;do Tribunal de Contas da Uni\u00e3o, referente \u00e0s sess\u00f5es de 17 e 18 de junho de 2025.<\/p><p><strong>Confira os nossos destaques:<\/strong><\/p><p><strong>* Ac\u00f3rd\u00e3o 1348\/2025 Plen\u00e1rio <\/strong>(Representa\u00e7\u00e3o, Revisor Ministro Jorge Oliveira)<\/p><p>Gest\u00e3o Administrativa. Administra\u00e7\u00e3o federal. Resolu\u00e7\u00e3o consensual. Regulamenta\u00e7\u00e3o. Lei de Introdu\u00e7\u00e3o \u00e0s Normas do Direito Brasileiro.<\/p><p><\/p><p><strong>* Ac\u00f3rd\u00e3o 1349\/2025 Plen\u00e1rio <\/strong>(Recurso de Reconsidera\u00e7\u00e3o, Relator Ministro Walton Alencar Rodrigues)<\/p><p>Responsabilidade. D\u00e9bito. Prescri\u00e7\u00e3o. Prescri\u00e7\u00e3o intercorrente. Interrup\u00e7\u00e3o. Despacho de expediente. Instru\u00e7\u00e3o de processo.<\/p><p><\/p><p><strong>* Ac\u00f3rd\u00e3o 1351\/2025 Plen\u00e1rio <\/strong>(Pedido de Reexame, Relator Ministro Walton Alencar Rodrigues)<\/p><p>Licita\u00e7\u00e3o. Registro de pre\u00e7os. Cabimento. Contrata\u00e7\u00e3o. Princ\u00edpio da razoabilidade.<\/p><p><\/p><p><strong>* Ac\u00f3rd\u00e3o 1354\/2025 Plen\u00e1rio <\/strong>(Representa\u00e7\u00e3o, Relator Ministro Benjamin Zymler)<\/p><p>Licita\u00e7\u00e3o. Julgamento. Crit\u00e9rio. Desconto. Limite m\u00e1ximo. Pre\u00e7o m\u00ednimo. Veda\u00e7\u00e3o.<\/p><p><\/p><p><strong>* Ac\u00f3rd\u00e3o 1364\/2025 Plen\u00e1rio <\/strong>(Den\u00fancia, Relator Ministro-Substituto Weder de Oliveira)<\/p><p>Pessoal. Conselho de fiscaliza\u00e7\u00e3o profissional. Di\u00e1rias. Eventualidade. Natureza jur\u00eddica. Remunera\u00e7\u00e3o. Veda\u00e7\u00e3o.<\/p><p><\/p><p><strong>* Ac\u00f3rd\u00e3o 3232\/2025 Segunda C\u00e2mara <\/strong>(Tomada de Contas Especial, Relator Ministro Augusto Nardes)<\/p><p>Pessoal. Acumula\u00e7\u00e3o de cargo p\u00fablico. Irregularidade. Vencimentos. Proventos. Ressarcimento.<\/p><p><\/p><p><strong>* Ac\u00f3rd\u00e3o 3232\/2025 Segunda C\u00e2mara <\/strong>(Tomada de Contas Especial, Relator Ministro Augusto Nardes)<\/p><p>Responsabilidade. D\u00e9bito. Prescri\u00e7\u00e3o. Termo inicial. Irregularidade continuada. Tomada de contas especial.<\/p><p><\/p><p>E tem muito mais. Acesse a \u00edntegra deste Boletim nos links abaixo:<\/p><p><a href=\"https:\/\/contas.tcu.gov.br\/egestao\/ObterDocumentoSisdoc?codArqCatalogado=31621850\" target=\"_blank\" rel=\"noreferrer noopener\">vers\u00e3o PDF<\/a><\/p><p><a href=\"https:\/\/contas.tcu.gov.br\/egestao\/ObterDocumentoSisdoc?codArqCatalogado=31621850&amp;codVersao=1\" target=\"_blank\" rel=\"noreferrer noopener\">vers\u00e3o DOCX<\/a><\/p><p><strong>Fonte: TCU<\/strong><\/p>\n    <div class=\"xs_social_share_widget xs_share_url after_content \t\tmain_content  wslu-style-1 wslu-share-box-shaped wslu-fill-colored wslu-none wslu-share-horizontal wslu-theme-font-no wslu-main_content\">\n\n\t\t\n        <ul>\n\t\t\t        <\/ul>\n    <\/div> \n","protected":false},"excerpt":{"rendered":"<p>J\u00e1 est\u00e1 dispon\u00edvel o Boletim de Jurisprud\u00eancia n\u00b0 545\u00a0do Tribunal de Contas da Uni\u00e3o, referente \u00e0s sess\u00f5es de 17 e 18 de junho de 2025.<\/p>\n","protected":false},"author":5,"featured_media":0,"comment_status":"open","ping_status":"open","sticky":false,"template":"","format":"standard","meta":{"postBodyCss":"","postBodyMargin":[],"postBodyPadding":[],"postBodyBackground":{"backgroundType":"classic","gradient":""},"_price":"","_stock":"","_tribe_ticket_header":"","_tribe_default_ticket_provider":"","_tribe_ticket_capacity":"0","_ticket_start_date":"","_ticket_end_date":"","_tribe_ticket_show_description":"","_tribe_ticket_show_not_going":false,"_tribe_ticket_use_global_stock":"","_tribe_ticket_global_stock_level":"","_global_stock_mode":"","_global_stock_cap":"","_tribe_rsvp_for_event":"","_tribe_ticket_going_count":"","_tribe_ticket_not_going_count":"","_tribe_tickets_list":"[]","_tribe_ticket_has_attendee_info_fields":false,"footnotes":""},"categories":[46],"tags":[12590,12589,12588,12591,12587,12592,274,447,12586,445,351,372,258,450],"class_list":["post-12790","post","type-post","status-publish","format-standard","hentry","category-noticias","tag-acordao-1348-2025","tag-acordao-1349-2025","tag-acordao-1351-2025","tag-acordao-1354-2025","tag-acordao-1364-2025","tag-acordao-3232-2025","tag-boletim","tag-boletim-de-jurisprudencia","tag-boletim-de-jurisprudencia-n-545","tag-jurisprudencia","tag-plenario","tag-segunda-camara","tag-tcu","tag-tribunal-de-contas-da-uniao"],"acf":[],"_links":{"self":[{"href":"https:\/\/sgpsolucoes.com.br\/site\/wp-json\/wp\/v2\/posts\/12790"}],"collection":[{"href":"https:\/\/sgpsolucoes.com.br\/site\/wp-json\/wp\/v2\/posts"}],"about":[{"href":"https:\/\/sgpsolucoes.com.br\/site\/wp-json\/wp\/v2\/types\/post"}],"author":[{"embeddable":true,"href":"https:\/\/sgpsolucoes.com.br\/site\/wp-json\/wp\/v2\/users\/5"}],"replies":[{"embeddable":true,"href":"https:\/\/sgpsolucoes.com.br\/site\/wp-json\/wp\/v2\/comments?post=12790"}],"version-history":[{"count":0,"href":"https:\/\/sgpsolucoes.com.br\/site\/wp-json\/wp\/v2\/posts\/12790\/revisions"}],"wp:attachment":[{"href":"https:\/\/sgpsolucoes.com.br\/site\/wp-json\/wp\/v2\/media?parent=12790"}],"wp:term":[{"taxonomy":"category","embeddable":true,"href":"https:\/\/sgpsolucoes.com.br\/site\/wp-json\/wp\/v2\/categories?post=12790"},{"taxonomy":"post_tag","embeddable":true,"href":"https:\/\/sgpsolucoes.com.br\/site\/wp-json\/wp\/v2\/tags?post=12790"}],"curies":[{"name":"wp","href":"https:\/\/api.w.org\/{rel}","templated":true}]}}