{"id":12793,"date":"2025-07-08T17:51:57","date_gmt":"2025-07-08T20:51:57","guid":{"rendered":"https:\/\/sgpsolucoes.com.br\/site\/?p=12793"},"modified":"2025-07-08T17:51:58","modified_gmt":"2025-07-08T20:51:58","slug":"tribunal-de-contas-de-minas-quer-tornar-sua-linguagem-mais-clara-e-acessivel","status":"publish","type":"post","link":"https:\/\/sgpsolucoes.com.br\/site\/tribunal-de-contas-de-minas-quer-tornar-sua-linguagem-mais-clara-e-acessivel\/","title":{"rendered":"Tribunal de Contas de Minas quer tornar sua linguagem mais clara e acess\u00edvel"},"content":{"rendered":"<p>\u201cO relator concedeu a liminar, considerando a presen\u00e7a do&nbsp;<strong>fumus boni iuris<\/strong>&nbsp;e o&nbsp;<strong>periculum in mora<\/strong>\u201d. \u201cAnalisando a&nbsp;<strong>exordial<\/strong>, verificou-se que a den\u00fancia \u00e9 referente a 2024\u201d. \u201cO Tribunal decidiu que n\u00e3o h\u00e1 necessidade de se buscar elementos probat\u00f3rios&nbsp;<strong>alhures<\/strong>\u201d. &#8220;O TCEMG apreciou o relat\u00f3rio de auditoria e&nbsp;<strong>exarou<\/strong>&nbsp;decis\u00e3o determinando a ado\u00e7\u00e3o de medidas corretivas pela Administra\u00e7\u00e3o P\u00fablica&#8221;. \u201cA Corte fundamentou sua decis\u00e3o no artigo 123 da Constitui\u00e7\u00e3o Estadual, que serviu de&nbsp;<strong>suped\u00e2neo<\/strong>&nbsp;para a determina\u00e7\u00e3o de responsabilidade dos gestores p\u00fablicos\u201d.<\/p><p>Voc\u00ea compreendeu as frases acima? Nem a gente. Pensando nisso, o Tribunal de Contas de Minas Gerais criou o projeto Simplifica TCE. Ele tem por objetivo tornar as comunica\u00e7\u00f5es mais claras, acess\u00edveis e compreens\u00edveis em processos e documentos do Tribunal. Como pontap\u00e9 inicial do projeto, foram lan\u00e7adas duas pesquisas, uma para o p\u00fablico interno e outra para os jurisdicionados, opa, quer dizer, para os \u00f3rg\u00e3os e entidades fiscalizadas pelo TCEMG.<\/p><p>Na pesquisa externa, o Tribunal busca entender como as pessoas percebem os documentos elaborados pelo Tribunal, se s\u00e3o claros e compreens\u00edveis em sua linguagem ou se podem ser mais simples. Responda a pesquisa&nbsp;<a href=\"https:\/\/forms.office.com\/pages\/responsepage.aspx?id=0ezJIEm9o0S3GsiQPCoJ74VzVcudYG1PvwTl7ZAy06BUOTU4VjhKOEQxQVJEMVRSVU1CTkhSQ1JOSy4u&amp;route=shorturl\" target=\"_blank\" rel=\"noreferrer noopener\">clicando aqui<\/a>.<\/p><p>Segundo o presidente do TCEMG, Durval \u00c2ngelo, &#8220;a participa\u00e7\u00e3o dos servidores e servidoras da Casa, al\u00e9m dos nossos jurisdicionados em todos os cantos do estado visa ampliar as discuss\u00f5es sobre o tema e construir, democraticamente, as solu\u00e7\u00f5es para simplifica\u00e7\u00e3o dos nossos documentos&#8221;.<\/p><p>A diretora da Secretaria do Pleno e gestora do projeto, Fl\u00e1via \u00c1vila,&nbsp; lembra que simplificar a linguagem n\u00e3o \u00e9 torn\u00e1-la simpl\u00f3ria ou informal. &#8220;Como diria Clarice Lispector, s\u00f3 se consegue a simplicidade atrav\u00e9s de muito trabalho e adotar tal simplicidade nos documentos p\u00fablicos, especialmente na sociedade brasileira, \u00e9 um dever de of\u00edcio, que democratiza as informa\u00e7\u00f5es e permite o exerc\u00edcio da cidadania.&#8221;<\/p><p>O Projeto Simplifica TCE segue v\u00e1rias normas e leis importantes. Ele est\u00e1 alinhado com recomenda\u00e7\u00f5es da&nbsp;<a href=\"https:\/\/atricon.org.br\/wp-content\/uploads\/2023\/10\/Nota-Recomendatoria-Atricon-n%C2%B0-04_2023.docx-1.pdf\" target=\"_blank\" rel=\"noreferrer noopener\">Atricon<\/a>&nbsp;e da ABNT sobre linguagem simples, al\u00e9m de cumprir leis que garantem os&nbsp;<a href=\"https:\/\/www.planalto.gov.br\/ccivil_03\/_ato2015-2018\/2017\/lei\/l13460.htm\" target=\"_blank\" rel=\"noreferrer noopener\">direitos dos usu\u00e1rios de servi\u00e7os p\u00fablicos<\/a>&nbsp;e que buscam tornar os processos do governo&nbsp;<a href=\"https:\/\/www.almg.gov.br\/legislacao-mineira\/texto\/DEC\/47441\/2018\/?cons=1\" target=\"_blank\" rel=\"noreferrer noopener\">mais simples&nbsp;<\/a>e&nbsp;<a href=\"https:\/\/www.planalto.gov.br\/ccivil_03\/_ato2015-2018\/2018\/lei\/l13726.htm\" target=\"_blank\" rel=\"noreferrer noopener\">menos burocr\u00e1ticos<\/a>. Tamb\u00e9m segue&nbsp;<a href=\"https:\/\/advocaciageral.mg.gov.br\/legislacao\/resolucao-conjunta-seplag-fjp-age-secom-no-10-922\/\" target=\"_blank\" rel=\"noreferrer noopener\">regras do Governo de Minas Gerais<\/a>&nbsp;que orientam o uso da linguagem simples nos documentos e comunica\u00e7\u00f5es oficiais.<\/p><p>Ah, e vamos explicar:&nbsp;<\/p><p><strong>fumus boni iuris \u2013&nbsp;<\/strong>fuma\u00e7a do bom direito, apar\u00eancia de conformidade com o direito, quando existem sinais de que a causa possui fundamento legal<\/p><p><strong>periculum in mora \u2013&nbsp;<\/strong>perigo da demora na tomada de decis\u00e3o<\/p><p><strong>exordial \u2013&nbsp;<\/strong>peti\u00e7\u00e3o inicial; pedido inicial<\/p><p><strong>alhures \u2013&nbsp;<\/strong>em outro lugar<\/p><p><strong>exarou \u2013&nbsp;<\/strong>registrou por escrito<\/p><p><strong>suped\u00e2neo \u2013&nbsp;<\/strong>base, fundamento<\/p><p>Agora, releia o primeiro par\u00e1grafo, substituindo os termos complexos pela linguagem simples. Ficou bem mais f\u00e1cil, n\u00e9?<\/p><p>A linguagem simples e o direito visual auxiliam na transpar\u00eancia e na cidadania. Responda a pesquisa e contribua para essa constru\u00e7\u00e3o coletiva.<\/p><p><strong>Fonte: TCE-MG<\/strong><\/p>\n    <div class=\"xs_social_share_widget xs_share_url after_content \t\tmain_content  wslu-style-1 wslu-share-box-shaped wslu-fill-colored wslu-none wslu-share-horizontal wslu-theme-font-no wslu-main_content\">\n\n\t\t\n        <ul>\n\t\t\t        <\/ul>\n    <\/div> \n","protected":false},"excerpt":{"rendered":"<p>\u201cO relator concedeu a liminar, considerando a presen\u00e7a do\u00a0fumus boni iuris\u00a0e o\u00a0periculum in mora\u201d. \u201cAnalisando a\u00a0exordial, verificou-se que a den\u00fancia \u00e9 referente a 2024\u201d. \u201cO Tribunal decidiu que n\u00e3o h\u00e1 necessidade de se buscar elementos probat\u00f3rios\u00a0alhures\u201d. &#8220;O TCEMG apreciou o relat\u00f3rio de auditoria e\u00a0exarou\u00a0decis\u00e3o determinando a ado\u00e7\u00e3o de medidas corretivas pela Administra\u00e7\u00e3o P\u00fablica&#8221;. \u201cA Corte fundamentou sua decis\u00e3o no artigo 123 da Constitui\u00e7\u00e3o Estadual, que serviu de\u00a0suped\u00e2neo\u00a0para a determina\u00e7\u00e3o de responsabilidade dos gestores p\u00fablicos\u201d.<br \/>\nVoc\u00ea compreendeu as frases acima? Nem a gente. Pensando nisso, o Tribunal de Contas de Minas Gerais criou o projeto Simplifica TCE. Ele tem por objetivo tornar as comunica\u00e7\u00f5es mais claras, acess\u00edveis e compreens\u00edveis em processos e documentos do Tribunal. Como pontap\u00e9 inicial do projeto, foram lan\u00e7adas duas pesquisas, uma para o p\u00fablico interno e outra para os jurisdicionados, opa, quer dizer, para os \u00f3rg\u00e3os e entidades fiscalizadas pelo TCEMG.<\/p>\n","protected":false},"author":5,"featured_media":0,"comment_status":"open","ping_status":"open","sticky":false,"template":"","format":"standard","meta":{"postBodyCss":"","postBodyMargin":[],"postBodyPadding":[],"postBodyBackground":{"backgroundType":"classic","gradient":""},"_price":"","_stock":"","_tribe_ticket_header":"","_tribe_default_ticket_provider":"","_tribe_ticket_capacity":"0","_ticket_start_date":"","_ticket_end_date":"","_tribe_ticket_show_description":"","_tribe_ticket_show_not_going":false,"_tribe_ticket_use_global_stock":"","_tribe_ticket_global_stock_level":"","_global_stock_mode":"","_global_stock_cap":"","_tribe_rsvp_for_event":"","_tribe_ticket_going_count":"","_tribe_ticket_not_going_count":"","_tribe_tickets_list":"[]","_tribe_ticket_has_attendee_info_fields":false,"footnotes":""},"categories":[46],"tags":[12596,10982,6577,12597,12593,12594,12595,361,7049],"class_list":["post-12793","post","type-post","status-publish","format-standard","hentry","category-noticias","tag-acessiveis","tag-acessivel","tag-clara","tag-compreensiveis","tag-comunicacoes-mais-claras","tag-linguagem","tag-simplifica-tce","tag-tce-mg","tag-tribunal-de-contas-de-minas"],"acf":[],"_links":{"self":[{"href":"https:\/\/sgpsolucoes.com.br\/site\/wp-json\/wp\/v2\/posts\/12793"}],"collection":[{"href":"https:\/\/sgpsolucoes.com.br\/site\/wp-json\/wp\/v2\/posts"}],"about":[{"href":"https:\/\/sgpsolucoes.com.br\/site\/wp-json\/wp\/v2\/types\/post"}],"author":[{"embeddable":true,"href":"https:\/\/sgpsolucoes.com.br\/site\/wp-json\/wp\/v2\/users\/5"}],"replies":[{"embeddable":true,"href":"https:\/\/sgpsolucoes.com.br\/site\/wp-json\/wp\/v2\/comments?post=12793"}],"version-history":[{"count":0,"href":"https:\/\/sgpsolucoes.com.br\/site\/wp-json\/wp\/v2\/posts\/12793\/revisions"}],"wp:attachment":[{"href":"https:\/\/sgpsolucoes.com.br\/site\/wp-json\/wp\/v2\/media?parent=12793"}],"wp:term":[{"taxonomy":"category","embeddable":true,"href":"https:\/\/sgpsolucoes.com.br\/site\/wp-json\/wp\/v2\/categories?post=12793"},{"taxonomy":"post_tag","embeddable":true,"href":"https:\/\/sgpsolucoes.com.br\/site\/wp-json\/wp\/v2\/tags?post=12793"}],"curies":[{"name":"wp","href":"https:\/\/api.w.org\/{rel}","templated":true}]}}