{"id":12814,"date":"2025-07-08T18:34:32","date_gmt":"2025-07-08T21:34:32","guid":{"rendered":"https:\/\/sgpsolucoes.com.br\/site\/?p=12814"},"modified":"2025-07-08T18:34:33","modified_gmt":"2025-07-08T21:34:33","slug":"decreto-que-proibe-ensino-a-distancia-em-cursos-superiores-e-questionado-no-stf","status":"publish","type":"post","link":"https:\/\/sgpsolucoes.com.br\/site\/decreto-que-proibe-ensino-a-distancia-em-cursos-superiores-e-questionado-no-stf\/","title":{"rendered":"Decreto que pro\u00edbe ensino a dist\u00e2ncia em cursos superiores \u00e9 questionado no STF"},"content":{"rendered":"<p><em><strong>Argumento \u00e9 que a norma do Executivo federal cria obriga\u00e7\u00f5es e restri\u00e7\u00f5es sem respaldo em lei<\/strong><\/em><\/p><p>Chegou ao Supremo Tribunal Federal (STF) um questionamento sobre a constitucionalidade do decreto presidencial que determina que cursos de gradua\u00e7\u00e3o em direito, medicina, enfermagem, odontologia, psicologia, bem como os cursos de licenciatura, t\u00eam de ser exclusivamente presenciais. A A\u00e7\u00e3o Direta de Inconstitucionalidade \u00a0<a href=\"https:\/\/portal.stf.jus.br\/processos\/detalhe.asp?incidente=7306661\"><strong>(ADI) 7845<\/strong><\/a>, proposta pela Associa\u00e7\u00e3o Brasileira dos Estudantes de Educa\u00e7\u00e3o \u00e0 Dist\u00e2ncia (ABE-EAD), foi distribu\u00edda ao ministro Andr\u00e9 Mendon\u00e7a, que pediu informa\u00e7\u00f5es \u00e0s autoridades envolvidas.<\/p><p><img decoding=\"async\" src=\"https:\/\/noticias-stf-wp-prd.s3.sa-east-1.amazonaws.com\/wp-content\/uploads\/wpallimport\/uploads\/2024\/11\/06183120\/esplanada-dos-ministerios-agencia-brasil.jpeg\" alt=\"Vista a\u00e9rea da Esplanada dos Minist\u00e9rios, em Bras\u00edlia, a partir do Congresso Nacional\"><em>Foto: Ag\u00eancia Brasil<\/em><\/p><p>A entidade sustenta que a medida, prevista no Decreto presidencial 12.456\/2025, cria obriga\u00e7\u00f5es e restri\u00e7\u00f5es sem respaldo em lei e afronta o direito fundamental \u00e0 educa\u00e7\u00e3o, a autonomia universit\u00e1ria e a Lei de Diretrizes e Bases da Educa\u00e7\u00e3o Nacional. Questiona, ainda, a autoriza\u00e7\u00e3o dada pelo decreto para que o ministro da Educa\u00e7\u00e3o amplie, por ato infralegal, o rol de cursos proibidos. Para a autora, essa previs\u00e3o \u00e9 uma delega\u00e7\u00e3o normativa indevida, que ofende os princ\u00edpios da separa\u00e7\u00e3o dos Poderes e da legalidade.<\/p><p>Conforme a ABE-EAD, a vig\u00eancia do decreto implicar\u00e1 \u201co fechamento de cursos, a interrup\u00e7\u00e3o de matr\u00edculas, a frustra\u00e7\u00e3o de projetos pedag\u00f3gicos legitimamente aprovados, a exclus\u00e3o educacional em massa e o retrocesso injustific\u00e1vel no processo de democratiza\u00e7\u00e3o do ensino superior brasileiro\u201d.<\/p><p><strong>Fonte: STF<\/strong><\/p>\n    <div class=\"xs_social_share_widget xs_share_url after_content \t\tmain_content  wslu-style-1 wslu-share-box-shaped wslu-fill-colored wslu-none wslu-share-horizontal wslu-theme-font-no wslu-main_content\">\n\n\t\t\n        <ul>\n\t\t\t        <\/ul>\n    <\/div> \n","protected":false},"excerpt":{"rendered":"<p>Chegou ao Supremo Tribunal Federal (STF) um questionamento sobre a constitucionalidade do decreto presidencial que determina que cursos de gradua\u00e7\u00e3o em direito, medicina, enfermagem, odontologia, psicologia, bem como os cursos de licenciatura, t\u00eam de ser exclusivamente presenciais. A A\u00e7\u00e3o Direta de Inconstitucionalidade \u00a0(ADI) 7845, proposta pela Associa\u00e7\u00e3o Brasileira dos Estudantes de Educa\u00e7\u00e3o \u00e0 Dist\u00e2ncia (ABE-EAD), foi distribu\u00edda ao ministro Andr\u00e9 Mendon\u00e7a, que pediu informa\u00e7\u00f5es \u00e0s autoridades envolvidas.<\/p>\n","protected":false},"author":5,"featured_media":0,"comment_status":"open","ping_status":"open","sticky":false,"template":"","format":"standard","meta":{"postBodyCss":"","postBodyMargin":[],"postBodyPadding":[],"postBodyBackground":{"backgroundType":"classic","gradient":""},"_price":"","_stock":"","_tribe_ticket_header":"","_tribe_default_ticket_provider":"","_tribe_ticket_capacity":"0","_ticket_start_date":"","_ticket_end_date":"","_tribe_ticket_show_description":"","_tribe_ticket_show_not_going":false,"_tribe_ticket_use_global_stock":"","_tribe_ticket_global_stock_level":"","_global_stock_mode":"","_global_stock_cap":"","_tribe_rsvp_for_event":"","_tribe_ticket_going_count":"","_tribe_ticket_not_going_count":"","_tribe_tickets_list":"[]","_tribe_ticket_has_attendee_info_fields":false,"footnotes":""},"categories":[46],"tags":[12645,1054,12647,12644,12643,1792,12642,12641,12638,64,12415,391,4777,12636,5508,12637,10311,12640,3023,12646,1775,12639,347,348],"class_list":["post-12814","post","type-post","status-publish","format-standard","hentry","category-noticias","tag-abe-ead","tag-acao-direta-de-inconstitucionalidade","tag-adi-7845","tag-andre-mendonca","tag-associacao-brasileira-dos-estudantes-de-educacao-a-distancia","tag-constitucionalidade","tag-cursos-de-graduacao","tag-cursos-de-licenciatura","tag-cursos-superiores","tag-decreto","tag-decreto-presidencial","tag-direito","tag-enfermagem","tag-ensino-a-distancia","tag-medicina","tag-norma-do-executivo-federal","tag-obrigacoes","tag-odontologia","tag-proibe","tag-psicologia","tag-restricoes","tag-sem-respaldo-em-lei","tag-stf","tag-supremo-tribunal-federal"],"acf":[],"_links":{"self":[{"href":"https:\/\/sgpsolucoes.com.br\/site\/wp-json\/wp\/v2\/posts\/12814"}],"collection":[{"href":"https:\/\/sgpsolucoes.com.br\/site\/wp-json\/wp\/v2\/posts"}],"about":[{"href":"https:\/\/sgpsolucoes.com.br\/site\/wp-json\/wp\/v2\/types\/post"}],"author":[{"embeddable":true,"href":"https:\/\/sgpsolucoes.com.br\/site\/wp-json\/wp\/v2\/users\/5"}],"replies":[{"embeddable":true,"href":"https:\/\/sgpsolucoes.com.br\/site\/wp-json\/wp\/v2\/comments?post=12814"}],"version-history":[{"count":0,"href":"https:\/\/sgpsolucoes.com.br\/site\/wp-json\/wp\/v2\/posts\/12814\/revisions"}],"wp:attachment":[{"href":"https:\/\/sgpsolucoes.com.br\/site\/wp-json\/wp\/v2\/media?parent=12814"}],"wp:term":[{"taxonomy":"category","embeddable":true,"href":"https:\/\/sgpsolucoes.com.br\/site\/wp-json\/wp\/v2\/categories?post=12814"},{"taxonomy":"post_tag","embeddable":true,"href":"https:\/\/sgpsolucoes.com.br\/site\/wp-json\/wp\/v2\/tags?post=12814"}],"curies":[{"name":"wp","href":"https:\/\/api.w.org\/{rel}","templated":true}]}}