{"id":12828,"date":"2025-07-10T14:09:11","date_gmt":"2025-07-10T17:09:11","guid":{"rendered":"https:\/\/sgpsolucoes.com.br\/site\/?p=12828"},"modified":"2025-07-10T14:09:12","modified_gmt":"2025-07-10T17:09:12","slug":"pgr-questiona-regras-do-zoneamento-ecologico-economico-do-maranhao","status":"publish","type":"post","link":"https:\/\/sgpsolucoes.com.br\/site\/pgr-questiona-regras-do-zoneamento-ecologico-economico-do-maranhao\/","title":{"rendered":"PGR questiona regras do Zoneamento Ecol\u00f3gico-Econ\u00f4mico do Maranh\u00e3o"},"content":{"rendered":"<p><em><strong>Segundo o \u00f3rg\u00e3o, norma estadual estabelece novo conceito de floresta e reduz \u00e1reas de reserva legal<\/strong><\/em><\/p><p>O procurador-geral da Rep\u00fablica, Paulo Gonet, ajuizou no Supremo Tribunal Federal (STF) uma A\u00e7\u00e3o Direta de Inconstitucionalidade (<strong><a href=\"https:\/\/portal.stf.jus.br\/processos\/detalhe.asp?incidente=7302873\" target=\"_blank\" rel=\"noreferrer noopener\">ADI 7841<\/a><\/strong>) contra dispositivos da lei do Maranh\u00e3o que instituiu o Zoneamento Ecol\u00f3gico-Econ\u00f4mico (ZEE) do Bioma Amaz\u00f4nico. A a\u00e7\u00e3o foi distribu\u00edda ao ministro Dias Toffoli.<\/p><p>De acordo com Gonet, a Lei estadual 11.269\/2020 cria um novo conceito de floresta e reduz as \u00e1reas de reserva legal em diversos munic\u00edpios. Ele argumenta que o conceito adotado pela norma permite diminuir a reserva legal de im\u00f3veis rurais localizados em \u00e1reas de floresta, caso essa tenha sido desmatada antes do mapeamento de refer\u00eancia. J\u00e1 a legisla\u00e7\u00e3o federal (C\u00f3digo Florestal) exige a manuten\u00e7\u00e3o de no m\u00ednimo 80% de reserva legal, mesmo que a vegeta\u00e7\u00e3o nativa tenha sido removida anteriormente.<\/p><p>Gonet sustenta que a lei maranhense contraria normas gerais editadas pela Uni\u00e3o sobre a prote\u00e7\u00e3o de ecossistemas. Al\u00e9m disso, viola regras e princ\u00edpios constitucionais relativos ao direito ao meio ambiente equilibrado e ao dever do Estado de proteg\u00ea-lo.<\/p><p><strong>Fonte: STF<\/strong><\/p>\n    <div class=\"xs_social_share_widget xs_share_url after_content \t\tmain_content  wslu-style-1 wslu-share-box-shaped wslu-fill-colored wslu-none wslu-share-horizontal wslu-theme-font-no wslu-main_content\">\n\n\t\t\n        <ul>\n\t\t\t        <\/ul>\n    <\/div> \n","protected":false},"excerpt":{"rendered":"<p>O procurador-geral da Rep\u00fablica, Paulo Gonet, ajuizou no Supremo Tribunal Federal (STF) uma A\u00e7\u00e3o Direta de Inconstitucionalidade (ADI 7841) contra dispositivos da lei do Maranh\u00e3o que instituiu o Zoneamento Ecol\u00f3gico-Econ\u00f4mico (ZEE) do Bioma Amaz\u00f4nico. A a\u00e7\u00e3o foi distribu\u00edda ao ministro Dias Toffoli.<\/p>\n","protected":false},"author":5,"featured_media":0,"comment_status":"open","ping_status":"open","sticky":false,"template":"","format":"standard","meta":{"postBodyCss":"","postBodyMargin":[],"postBodyPadding":[],"postBodyBackground":{"backgroundType":"classic","gradient":""},"_price":"","_stock":"","_tribe_ticket_header":"","_tribe_default_ticket_provider":"","_tribe_ticket_capacity":"0","_ticket_start_date":"","_ticket_end_date":"","_tribe_ticket_show_description":"","_tribe_ticket_show_not_going":false,"_tribe_ticket_use_global_stock":"","_tribe_ticket_global_stock_level":"","_global_stock_mode":"","_global_stock_cap":"","_tribe_rsvp_for_event":"","_tribe_ticket_going_count":"","_tribe_ticket_not_going_count":"","_tribe_tickets_list":"[]","_tribe_ticket_has_attendee_info_fields":false,"footnotes":""},"categories":[46],"tags":[1054,12658,12661,3262,12660,12659,3377,12496,5184,12656,11265,1816,10705,1805,4647,347,348,12657,12655],"class_list":["post-12828","post","type-post","status-publish","format-standard","hentry","category-noticias","tag-acao-direta-de-inconstitucionalidade","tag-adi-7841","tag-bioma-amazonico","tag-floresta","tag-lei-do-maranhao","tag-lei-estadual-11-269-2020","tag-maranhao","tag-ministro-dias-toffoli","tag-norma-estadual","tag-novo-conceito","tag-paulo-gonet","tag-pgr","tag-procurador-geral-da-republica","tag-regras","tag-reserva-legal","tag-stf","tag-supremo-tribunal-federal","tag-zee","tag-zoneamento-ecologico-economico"],"acf":[],"_links":{"self":[{"href":"https:\/\/sgpsolucoes.com.br\/site\/wp-json\/wp\/v2\/posts\/12828"}],"collection":[{"href":"https:\/\/sgpsolucoes.com.br\/site\/wp-json\/wp\/v2\/posts"}],"about":[{"href":"https:\/\/sgpsolucoes.com.br\/site\/wp-json\/wp\/v2\/types\/post"}],"author":[{"embeddable":true,"href":"https:\/\/sgpsolucoes.com.br\/site\/wp-json\/wp\/v2\/users\/5"}],"replies":[{"embeddable":true,"href":"https:\/\/sgpsolucoes.com.br\/site\/wp-json\/wp\/v2\/comments?post=12828"}],"version-history":[{"count":0,"href":"https:\/\/sgpsolucoes.com.br\/site\/wp-json\/wp\/v2\/posts\/12828\/revisions"}],"wp:attachment":[{"href":"https:\/\/sgpsolucoes.com.br\/site\/wp-json\/wp\/v2\/media?parent=12828"}],"wp:term":[{"taxonomy":"category","embeddable":true,"href":"https:\/\/sgpsolucoes.com.br\/site\/wp-json\/wp\/v2\/categories?post=12828"},{"taxonomy":"post_tag","embeddable":true,"href":"https:\/\/sgpsolucoes.com.br\/site\/wp-json\/wp\/v2\/tags?post=12828"}],"curies":[{"name":"wp","href":"https:\/\/api.w.org\/{rel}","templated":true}]}}