{"id":12840,"date":"2025-07-10T14:55:42","date_gmt":"2025-07-10T17:55:42","guid":{"rendered":"https:\/\/sgpsolucoes.com.br\/site\/?p=12840"},"modified":"2025-07-10T14:55:43","modified_gmt":"2025-07-10T17:55:43","slug":"tce-es-determina-anulacao-parcial-de-concorrencia-do-der-para-conservacao-de-rodovias-estaduais","status":"publish","type":"post","link":"https:\/\/sgpsolucoes.com.br\/site\/tce-es-determina-anulacao-parcial-de-concorrencia-do-der-para-conservacao-de-rodovias-estaduais\/","title":{"rendered":"TCE-ES determina anula\u00e7\u00e3o parcial de concorr\u00eancia do DER para conserva\u00e7\u00e3o de rodovias estaduais"},"content":{"rendered":"<p>Os conselheiros do&nbsp;<mark>Tribunal de Contas do Estado do Esp\u00edrito Santo (TCE-ES)<\/mark>&nbsp;determinaram a anula\u00e7\u00e3o parcial de uma concorr\u00eancia eletr\u00f4nica feita pelo&nbsp;<strong><a href=\"https:\/\/der.es.gov.br\/\" target=\"_blank\" rel=\"noreferrer noopener\">Departamento de Edifica\u00e7\u00f5es e de Rodovias (DER)<\/a><\/strong>&nbsp;para a realiza\u00e7\u00e3o de reparos em rodovias estaduais. A decis\u00e3o determina que o edital retorne \u00e0 fase de an\u00e1lise e julgamento das propostas j\u00e1 apresentadas.&nbsp;<\/p><p>Tamb\u00e9m foi determinado que o DER n\u00e3o prorrogue eventuais contrata\u00e7\u00f5es decorrentes desta concorr\u00eancia eletr\u00f4nica, ap\u00f3s o t\u00e9rmino dos dois primeiros anos. Pela decis\u00e3o, o DER dever\u00e1 apresentar, at\u00e9 31 de dezembro deste ano, a abertura de um novo processo licitat\u00f3rio para os mesmos servi\u00e7os \u2013 processo que dever\u00e1 estar alinhado \u00e0 Nova Lei de Licita\u00e7\u00f5es e Contratos (14.133\/2021) e \u00e0s determina\u00e7\u00f5es deste processo.&nbsp;<\/p><h5 class=\"wp-block-heading\">Irregularidades&nbsp;<\/h5><p>No processo, foram apontadas duas poss\u00edveis irregularidades cometidas pelo DER. Uma era relacionada a n\u00e3o permitir a demonstra\u00e7\u00e3o da exequibilidade pelo custo real. Esta irregularidade foi mantida pelo relator. \u201cSobre essa quest\u00e3o, primeiramente, \u00e9 fundamental estabelecer o pressuposto de que a aplica\u00e7\u00e3o do desconto linear deve ser caracterizada, tecnicamente, como forma de emprego do crit\u00e9rio de julgamento de propostas fundamentado no \u201cmaior desconto\u201d, e n\u00e3o como um par\u00e2metro autom\u00e1tico de aferi\u00e7\u00e3o da exequibilidade\u201d, pontuou Diniz aprofundando-se ao tema.&nbsp;<\/p><p>\u201cEntendo que a aplica\u00e7\u00e3o do desconto linear como par\u00e2metro de aferi\u00e7\u00e3o de inexequibilidade das propostas se mostrou descabida, ao que tudo indica comprometendo a isonomia, a economicidade, a ampla competitividade no certame, a sele\u00e7\u00e3o das propostas mais vantajosas para o DER em cada lote licitado e, ainda, culminando na desclassifica\u00e7\u00e3o generalizada\u201d, acrescentou, lembrando que esta aplica\u00e7\u00e3o irregular acarretou a desclassifica\u00e7\u00e3o de 16 dos 28 participantes da licita\u00e7\u00e3o.&nbsp;<\/p><p>\u201cPara o TCU, a inexequibilidade s\u00f3 \u00e9 confirmada se, ap\u00f3s a dilig\u00eancia conduzida pela Administra\u00e7\u00e3o \u2013 na qual o licitante deve ter a oportunidade de se manifestar, mas o \u00f4nus de demonstrar efetivamente a viabilidade de seu pre\u00e7o \u2013, ficar comprovado que o custo do licitante \u00e9 superior ao pre\u00e7o proposto e que n\u00e3o h\u00e1 custos de oportunidade que justifiquem a oferta apresentada\u201d, ressaltou antes de concluir:&nbsp;<\/p><p>\u201cMeu entendimento: a aplica\u00e7\u00e3o do desconto linear uniforme como crit\u00e9rio de exequibilidade foi descabida, comprovada pelo grande n\u00famero de desclassifica\u00e7\u00f5es de empresas, cujas ofertas foram consideradas inexequ\u00edveis pela aplica\u00e7\u00e3o desse desconto sobre o pre\u00e7o de refer\u00eancia.\u201d&nbsp;<\/p><p>J\u00e1 a outra irregularidade se referia ao prazo insuficiente para o envio da documenta\u00e7\u00e3o necess\u00e1ria para que as empresas participantes pudessem garantir a exequibilidade da proposta apresentada. Esse apontamento, no entanto, foi afastada pelo relator do processo, conselheiro Davi Diniz.&nbsp;<\/p><p>\u201cO prazo ofertado de 04 dias \u00fateis seria para a apresenta\u00e7\u00e3o da proposta de exequibilidade e de demais documenta\u00e7\u00f5es comprobat\u00f3rias. Note-se que da abertura do Edital at\u00e9 a abertura de dilig\u00eancia decorreram 42 dias. Prazo suficiente para elaborar a comprova\u00e7\u00e3o de exequibilidade das propostas e apenas apresentar tal documenta\u00e7\u00e3o dentro dos 04 dias \u00fateis ofertados\u201d, destacou o relator mencionando o entendimento da \u00e1rea t\u00e9cnica do Tribunal.&nbsp;<\/p><h5 class=\"wp-block-heading\">Outras determina\u00e7\u00f5es&nbsp;<\/h5><p>Al\u00e9m das determina\u00e7\u00f5es j\u00e1 citadas no in\u00edcio deste texto, os conselheiros do TCE-ES tamb\u00e9m determinaram ao DER que, em futuros certames, se abstenha de adotar crit\u00e9rio de an\u00e1lise e comprova\u00e7\u00e3o de exequibilidade de pre\u00e7os com base em desconto linear em licita\u00e7\u00f5es de obras e servi\u00e7os de engenharia; e que, nas hip\u00f3teses em que houver ind\u00edcios de inexequibilidade, promova dilig\u00eancias destinadas a verificar, de forma t\u00e9cnica e motivada, a exequibilidade da proposta apresentada, avaliando a estrat\u00e9gia adotada pelo licitante.&nbsp;<\/p><p>Tamb\u00e9m foi recomendado ao DER que havendo ind\u00edcios de inexequibilidade, se abstenha de notificar licitantes simultaneamente para comprova\u00e7\u00e3o de exequibilidade, de modo a priorizar a an\u00e1lise sequencial das propostas, a partir da proposta mais bem classificada; a elabora\u00e7\u00e3o de um manual interno para orientar a an\u00e1lise de exequibilidade das propostas de pre\u00e7os; e que na gest\u00e3o de suas contrata\u00e7\u00f5es, adote uma fiscaliza\u00e7\u00e3o proativa, por meio de a\u00e7\u00f5es cont\u00ednuas e preventivas, a fim de assegurar a regularidade, a economicidade e a efic\u00e1cia na execu\u00e7\u00e3o dos contratos.&nbsp;<\/p><p>Segundo entendimento do conselheiro, acompanhado pelos pares da Corte, n\u00e3o se justifica a penaliza\u00e7\u00e3o dos respons\u00e1veis nesta situa\u00e7\u00e3o. \u201cIsso porque, \u00e0 luz dos documentos e manifesta\u00e7\u00f5es contidas nos autos, verifico que as suas condutas n\u00e3o se revestiram de dolo ou erro grosseiro\u201d, concluiu Davi Diniz.&nbsp;<\/p><p><strong><a href=\"https:\/\/www.tcees.tc.br\/consultas\/processo\/detalhar-processo?numero=10824&amp;ano=2024&amp;key=eb01b9123aae501c38bb02092a5b99eded7aebe8cfa86913b1616da24f9ed18368757d97554f2c84e363b4efcbf644906ab6f317b6e16525054d307a9ace514f\" target=\"_blank\" rel=\"noreferrer noopener\">Processo TC 10824\/2024<\/a><\/strong><\/p><p><strong>Fonte: <\/strong><strong>TCE-ES<\/strong><\/p>\n    <div class=\"xs_social_share_widget xs_share_url after_content \t\tmain_content  wslu-style-1 wslu-share-box-shaped wslu-fill-colored wslu-none wslu-share-horizontal wslu-theme-font-no wslu-main_content\">\n\n\t\t\n        <ul>\n\t\t\t        <\/ul>\n    <\/div> \n","protected":false},"excerpt":{"rendered":"<p>Os conselheiros do\u00a0Tribunal de Contas do Estado do Esp\u00edrito Santo (TCE-ES)\u00a0determinaram a anula\u00e7\u00e3o parcial de uma concorr\u00eancia eletr\u00f4nica feita pelo\u00a0Departamento de Edifica\u00e7\u00f5es e de Rodovias (DER)\u00a0para a realiza\u00e7\u00e3o de reparos em rodovias estaduais. A decis\u00e3o determina que o edital retorne \u00e0 fase de an\u00e1lise e julgamento das propostas j\u00e1 apresentadas.\u00a0<\/p>\n","protected":false},"author":5,"featured_media":0,"comment_status":"open","ping_status":"open","sticky":false,"template":"","format":"standard","meta":{"postBodyCss":"","postBodyMargin":[],"postBodyPadding":[],"postBodyBackground":{"backgroundType":"classic","gradient":""},"_price":"","_stock":"","_tribe_ticket_header":"","_tribe_default_ticket_provider":"","_tribe_ticket_capacity":"0","_ticket_start_date":"","_ticket_end_date":"","_tribe_ticket_show_description":"","_tribe_ticket_show_not_going":false,"_tribe_ticket_use_global_stock":"","_tribe_ticket_global_stock_level":"","_global_stock_mode":"","_global_stock_cap":"","_tribe_rsvp_for_event":"","_tribe_ticket_going_count":"","_tribe_ticket_not_going_count":"","_tribe_tickets_list":"[]","_tribe_ticket_has_attendee_info_fields":false,"footnotes":""},"categories":[46],"tags":[2014,1028,12045,548,4896,5549,12681,5550,856,12682,489,2001,474,218,340,536,12680,8251,4702,4707],"class_list":["post-12840","post","type-post","status-publish","format-standard","hentry","category-noticias","tag-analise","tag-anulacao-2","tag-anulacao-parcial","tag-concorrencia","tag-concorrencia-eletronica","tag-conservacao-de-rodovias-estaduais","tag-departamento-de-edificacoes-e-de-rodovias","tag-der","tag-edital","tag-fase-de-analise-e-julgamento-das-propostas","tag-irregularidades","tag-julgamento","tag-lei-14-133-2021","tag-lei-de-licitacoes","tag-nova-lei-de-licitacoes-e-contratos","tag-propostas","tag-reparos","tag-rodovias-estaduais","tag-tce-es","tag-tribunal-de-contas-do-estado-do-espirito-santo"],"acf":[],"_links":{"self":[{"href":"https:\/\/sgpsolucoes.com.br\/site\/wp-json\/wp\/v2\/posts\/12840"}],"collection":[{"href":"https:\/\/sgpsolucoes.com.br\/site\/wp-json\/wp\/v2\/posts"}],"about":[{"href":"https:\/\/sgpsolucoes.com.br\/site\/wp-json\/wp\/v2\/types\/post"}],"author":[{"embeddable":true,"href":"https:\/\/sgpsolucoes.com.br\/site\/wp-json\/wp\/v2\/users\/5"}],"replies":[{"embeddable":true,"href":"https:\/\/sgpsolucoes.com.br\/site\/wp-json\/wp\/v2\/comments?post=12840"}],"version-history":[{"count":0,"href":"https:\/\/sgpsolucoes.com.br\/site\/wp-json\/wp\/v2\/posts\/12840\/revisions"}],"wp:attachment":[{"href":"https:\/\/sgpsolucoes.com.br\/site\/wp-json\/wp\/v2\/media?parent=12840"}],"wp:term":[{"taxonomy":"category","embeddable":true,"href":"https:\/\/sgpsolucoes.com.br\/site\/wp-json\/wp\/v2\/categories?post=12840"},{"taxonomy":"post_tag","embeddable":true,"href":"https:\/\/sgpsolucoes.com.br\/site\/wp-json\/wp\/v2\/tags?post=12840"}],"curies":[{"name":"wp","href":"https:\/\/api.w.org\/{rel}","templated":true}]}}