{"id":12849,"date":"2025-07-10T15:08:46","date_gmt":"2025-07-10T18:08:46","guid":{"rendered":"https:\/\/sgpsolucoes.com.br\/site\/?p=12849"},"modified":"2025-07-10T15:08:47","modified_gmt":"2025-07-10T18:08:47","slug":"redes-sociais-de-orgao-publico-nao-podem-servir-a-promocao-pessoal-de-gestor","status":"publish","type":"post","link":"https:\/\/sgpsolucoes.com.br\/site\/redes-sociais-de-orgao-publico-nao-podem-servir-a-promocao-pessoal-de-gestor\/","title":{"rendered":"Redes sociais de \u00f3rg\u00e3o p\u00fablico n\u00e3o podem servir \u00e0 promo\u00e7\u00e3o pessoal de gestor"},"content":{"rendered":"<p>As redes sociais mantidas pelo poder p\u00fablico devem conter apenas informa\u00e7\u00f5es educativas ou de orienta\u00e7\u00e3o social e, portanto, n\u00e3o podem conter nomes, s\u00edmbolos ou imagens que caracterizem promo\u00e7\u00e3o pessoal de gestores ou servidores daquele \u00f3rg\u00e3o. Este \u00e9 o teor da decis\u00e3o do Tribunal de Contas do Estado do Paran\u00e1 (TCE-PR), em processo de Den\u00fancia formulado por cidad\u00e3o do Munic\u00edpio de Agudos do Sul (Regi\u00e3o Metropolitana de Curitiba), noticiando a utiliza\u00e7\u00e3o das redes sociais da prefeitura para promo\u00e7\u00e3o pessoal do prefeito, Genezio Gon\u00e7alves da Luz (gest\u00e3o 2025-2028).<\/p><p>Instagram e Facebook, redes sociais mantidas pelo Munic\u00edpio de Agudos do Sul, segundo a den\u00fancia, foram utilizadas pelo prefeito para autopromo\u00e7\u00e3o, configurando uso indevido da m\u00e1quina p\u00fablica. O ato constituiria tentativa de personifica\u00e7\u00e3o da administra\u00e7\u00e3o p\u00fablica na figura do gestor, contrariando o disposto no par\u00e1grafo 1\u00ba do artigo 37 da Constitui\u00e7\u00e3o Federal, que imp\u00f5e a todos os administradores a observ\u00e2ncia do princ\u00edpio da impessoalidade na divulga\u00e7\u00e3o de atos, programas, obras, servi\u00e7os e campanhas dos \u00f3rg\u00e3os p\u00fablicos, os quais dever\u00e3o possuir car\u00e1ter educativo, informativo ou de orienta\u00e7\u00e3o social. Ainda segundo o mesmo trecho da Constitui\u00e7\u00e3o, \u00e9 vedada a divulga\u00e7\u00e3o de nomes, s\u00edmbolos ou imagens que caracterizem promo\u00e7\u00e3o pessoal de autoridades ou servidores p\u00fablicos.<\/p><p>O relator do processo, conselheiro Durval Amaral, ao considerar as manifesta\u00e7\u00f5es t\u00e9cnicas da ent\u00e3o Coordenadoria de Gest\u00e3o Municipal (CGM) do TCE-PR e do Minist\u00e9rio P\u00fablico de Contas (MPC-PR) entendeu que houve, de fato, a utiliza\u00e7\u00e3o indevida das redes sociais de propriedade do munic\u00edpio para promo\u00e7\u00e3o pessoal. &#8220;A presen\u00e7a de fotos e dizeres publicit\u00e1rios com o nome do prefeito demonstram o destaque para a figura p\u00fablica da pessoa do prefeito e n\u00e3o somente possui o car\u00e1ter informativo da postagem, comprovando o uso da m\u00e1quina p\u00fablica para a promo\u00e7\u00e3o pessoal, atrav\u00e9s de canais e redes sociais da prefeitura&#8221;, observou.<\/p><p>Para o relator, a promo\u00e7\u00e3o pessoal de agentes p\u00fablicos por meio das redes sociais oficiais \u00e9 assunto constantemente abordado em den\u00fancias e representa\u00e7\u00f5es encaminhadas ao TCE-PR. Muitas vezes, segundo o conselheiro, \u00e9 dif\u00edcil distinguir o que \u00e9 publicidade institucional e o que \u00e9 promo\u00e7\u00e3o pessoal de autoridades ou servidores p\u00fablicos.<\/p><p>&#8220;No caso vertente, contudo, nota-se que o administrador local excedeu os limites dos meios de comunica\u00e7\u00e3o ao seu dispor para divulgar os atos realizados em benef\u00edcio da comunidade, veiculando-os de forma educativa, informativa ou para a finalidade de orienta\u00e7\u00e3o social&#8221;, constatou.<\/p><p><strong>Multas<\/strong><\/p><p>Divergindo da proposi\u00e7\u00e3o da CGM e do MPC-PR, o relator prop\u00f4s o afastamento da aplica\u00e7\u00e3o de multa administrativa ao prefeito, entendendo que n\u00e3o seria razo\u00e1vel impor a medida devido \u00e0 impossibilidade de se apurar a ocorr\u00eancia de dolo nas postagens j\u00e1 realizadas. &#8220;A linha divis\u00f3ria entre o dever de informa\u00e7\u00e3o e a promo\u00e7\u00e3o pessoal muitas vezes \u00e9 t\u00eanue, cumprindo sopesar as situa\u00e7\u00f5es lim\u00edtrofes de acordo com cada caso concreto e \u00e0 vista da grande ou pouca experi\u00eancia do gestor \u00e0 frente da administra\u00e7\u00e3o&#8221;, considerou o conselheiro.<\/p><p>Por fim, em seu voto o relator determinou que o prefeito de Agudos do Sul, ou quem o substitua, se abstenha imediatamente das pr\u00e1ticas de autopromo\u00e7\u00e3o por interm\u00e9dio das m\u00eddias sociais oficiais, sob pena de multa prevista no artigo 87, inciso III, al\u00ednea &#8220;f&#8221;, da&nbsp;<a href=\"https:\/\/www1.tce.pr.gov.br\/multimidia\/2025\/6\/pdf\/00395577.pdf\">Lei Org\u00e2nica do TCE-PR (Lei Complementar Estadual n\u00ba 1134\/2005)<\/a>.<\/p><p>O dispositivo legal prev\u00ea a aplica\u00e7\u00e3o de multa administrativa de 30 vezes o valor da Unidade de Padr\u00e3o Fiscal do Estado do Paran\u00e1 (UFP-PR) a quem deixar de cumprir determina\u00e7\u00e3o do TCE-PR. Com atualiza\u00e7\u00e3o mensal, em julho cada UFP-PR equivale a R$ 145,51. Neste m\u00eas, a san\u00e7\u00e3o totaliza R$ 4.365,30.<\/p><p>As publica\u00e7\u00f5es anteriores, ainda segundo a determina\u00e7\u00e3o do TCE-PR, devem ser removidas ou readequadas conforme a legisla\u00e7\u00e3o no prazo de dez dias, sob pena de aplica\u00e7\u00e3o de uma segunda multa tamb\u00e9m no valor de R$ 4.365,30. O prazo para o cumprimento das determina\u00e7\u00f5es passar\u00e1 a contar a partir do tr\u00e2nsito em julgado da decis\u00e3o, da qual cabe recurso.<\/p><p>A proposta de voto do relator foi acolhida por unanimidade pelos demais membros do Tribunal Pleno do TCE-PR em sua Sess\u00e3o de Plen\u00e1rio Virtual n\u00ba 11\/25, conclu\u00edda em 18 de junho. A decis\u00e3o, contra a qual cabe recurso, foi registrada no Ac\u00f3rd\u00e3o n\u00ba 1536\/2025, publicado em 2 de junho, na&nbsp;<a href=\"https:\/\/www1.tce.pr.gov.br\/multimidia\/2025\/7\/pdf\/00395983.pdf\">edi\u00e7\u00e3o n\u00ba 3.474 do Di\u00e1rio Eletr\u00f4nico do TCE-PR<\/a>.<\/p><p><strong>Servi\u00e7o<\/strong><\/p><figure class=\"wp-block-table\"><table class=\"has-fixed-layout\"><tbody><tr><td><strong>Processo<\/strong>&nbsp;<strong>n\u00ba<\/strong>:<\/td><td>67490\/25<\/td><\/tr><tr><td><strong>Ac\u00f3rd\u00e3o n\u00ba:<\/strong><\/td><td>1536\/25 &#8211; Tribunal Pleno<\/td><\/tr><tr><td><strong>Assunto<\/strong>:<\/td><td>Den\u00fancia<\/td><\/tr><tr><td><strong>Entidade<\/strong>:<\/td><td>Munic\u00edpio de Agudos do Sul<\/td><\/tr><tr><td><strong>Interessados:<\/strong><\/td><td>Diego Luis Teixeira Biscaia e Genezio Gon\u00e7alves da Luz<\/td><\/tr><tr><td><strong>Relator<\/strong>:<\/td><td>Conselheiro Jos\u00e9 Durval Mattos do Amaral<\/td><\/tr><\/tbody><\/table><\/figure><p><strong>Fonte:&nbsp;TCE\/PR<\/strong><\/p>\n    <div class=\"xs_social_share_widget xs_share_url after_content \t\tmain_content  wslu-style-1 wslu-share-box-shaped wslu-fill-colored wslu-none wslu-share-horizontal wslu-theme-font-no wslu-main_content\">\n\n\t\t\n        <ul>\n\t\t\t        <\/ul>\n    <\/div> \n","protected":false},"excerpt":{"rendered":"<p>As redes sociais mantidas pelo poder p\u00fablico devem conter apenas informa\u00e7\u00f5es educativas ou de orienta\u00e7\u00e3o social e, portanto, n\u00e3o podem conter nomes, s\u00edmbolos ou imagens que caracterizem promo\u00e7\u00e3o pessoal de gestores ou servidores daquele \u00f3rg\u00e3o. Este \u00e9 o teor da decis\u00e3o do Tribunal de Contas do Estado do Paran\u00e1 (TCE-PR), em processo de Den\u00fancia formulado por cidad\u00e3o do Munic\u00edpio de Agudos do Sul (Regi\u00e3o Metropolitana de Curitiba), noticiando a utiliza\u00e7\u00e3o das redes sociais da prefeitura para promo\u00e7\u00e3o pessoal do prefeito, Genezio Gon\u00e7alves da Luz (gest\u00e3o 2025-2028).<\/p>\n","protected":false},"author":5,"featured_media":0,"comment_status":"open","ping_status":"open","sticky":false,"template":"","format":"standard","meta":{"postBodyCss":"","postBodyMargin":[],"postBodyPadding":[],"postBodyBackground":{"backgroundType":"classic","gradient":""},"_price":"","_stock":"","_tribe_ticket_header":"","_tribe_default_ticket_provider":"","_tribe_ticket_capacity":"0","_ticket_start_date":"","_ticket_end_date":"","_tribe_ticket_show_description":"","_tribe_ticket_show_not_going":false,"_tribe_ticket_use_global_stock":"","_tribe_ticket_global_stock_level":"","_global_stock_mode":"","_global_stock_cap":"","_tribe_rsvp_for_event":"","_tribe_ticket_going_count":"","_tribe_ticket_not_going_count":"","_tribe_tickets_list":"[]","_tribe_ticket_has_attendee_info_fields":false,"footnotes":""},"categories":[46],"tags":[726,6712,12705,454,4402,12702,6710,12707,3036,5528,12701,1472,3402,6624,12703,12704,12706,7539,2794,354,356],"class_list":["post-12849","post","type-post","status-publish","format-standard","hentry","category-noticias","tag-denuncia","tag-facebook","tag-genezio-goncalves-da-luz","tag-gestor","tag-imagens","tag-informacoes-educativas","tag-instagram","tag-municipio-de-agudos-do-sul","tag-nomes","tag-orgao-publico","tag-orientacao-social","tag-poder-publico","tag-prefeitura","tag-promocao-pessoal","tag-promocao-pessoal-de-gestores","tag-promocao-pessoal-de-servidores","tag-promocao-pessoal-do-prefeito","tag-redes-sociais","tag-simbolos","tag-tce-pr","tag-tribunal-de-contas-do-estado-do-parana"],"acf":[],"_links":{"self":[{"href":"https:\/\/sgpsolucoes.com.br\/site\/wp-json\/wp\/v2\/posts\/12849"}],"collection":[{"href":"https:\/\/sgpsolucoes.com.br\/site\/wp-json\/wp\/v2\/posts"}],"about":[{"href":"https:\/\/sgpsolucoes.com.br\/site\/wp-json\/wp\/v2\/types\/post"}],"author":[{"embeddable":true,"href":"https:\/\/sgpsolucoes.com.br\/site\/wp-json\/wp\/v2\/users\/5"}],"replies":[{"embeddable":true,"href":"https:\/\/sgpsolucoes.com.br\/site\/wp-json\/wp\/v2\/comments?post=12849"}],"version-history":[{"count":0,"href":"https:\/\/sgpsolucoes.com.br\/site\/wp-json\/wp\/v2\/posts\/12849\/revisions"}],"wp:attachment":[{"href":"https:\/\/sgpsolucoes.com.br\/site\/wp-json\/wp\/v2\/media?parent=12849"}],"wp:term":[{"taxonomy":"category","embeddable":true,"href":"https:\/\/sgpsolucoes.com.br\/site\/wp-json\/wp\/v2\/categories?post=12849"},{"taxonomy":"post_tag","embeddable":true,"href":"https:\/\/sgpsolucoes.com.br\/site\/wp-json\/wp\/v2\/tags?post=12849"}],"curies":[{"name":"wp","href":"https:\/\/api.w.org\/{rel}","templated":true}]}}