{"id":12852,"date":"2025-07-10T15:19:32","date_gmt":"2025-07-10T18:19:32","guid":{"rendered":"https:\/\/sgpsolucoes.com.br\/site\/?p=12852"},"modified":"2025-07-10T15:19:33","modified_gmt":"2025-07-10T18:19:33","slug":"prefeito-de-jucurucu-ba-sofre-representacao-ao-mpe-para-que-seja-apurada-pratica-de-ato-de-improbidade-administrativa-pelo-gestor","status":"publish","type":"post","link":"https:\/\/sgpsolucoes.com.br\/site\/prefeito-de-jucurucu-ba-sofre-representacao-ao-mpe-para-que-seja-apurada-pratica-de-ato-de-improbidade-administrativa-pelo-gestor\/","title":{"rendered":"Prefeito de Jucuru\u00e7u\/BA sofre representa\u00e7\u00e3o ao MPE para que seja apurada pr\u00e1tica de ato de improbidade administrativa pelo gestor"},"content":{"rendered":"<p id=\"tags\">Na sess\u00e3o desta quarta-feira (09\/07), os conselheiros da 1\u00aa C\u00e2mara de julgamento do Tribunal de Contas dos Munic\u00edpios consideraram procedente o termo de ocorr\u00eancia lavrado contra o prefeito de Jucuru\u00e7u, Arivaldo de Almeida Costa, em raz\u00e3o da irrazoabilidade dos gastos promovidos com os festejos juninos de 2022, quando o munic\u00edpio estava sob decreto de calamidade p\u00fablica.<\/p><p>O relator do processo, conselheiro Paulo Rangel, determinou a formula\u00e7\u00e3o de representa\u00e7\u00e3o ao Minist\u00e9rio P\u00fablico Estadual para que seja apurada a pr\u00e1tica de ato de improbidade administrativa pelo gestor. O prefeito foi multado em R$2 mil.<\/p><p>Segundo a den\u00fancia, mesmo ap\u00f3s a publica\u00e7\u00e3o de decreto de calamidade p\u00fablica \u2013 diante das fortes chuvas que atingiram a cidade em dezembro de 2021 \u2013 foram realizados atos administrativos que envolveram inexigibilidade e dispensa de licita\u00e7\u00e3o para contrata\u00e7\u00e3o de bandas e cantores para realiza\u00e7\u00e3o dos festejos juninos de 2022.<\/p><p>Os dois dias de festa custaram aos cofres municipais mais de R$592 mil, que representa 17% da receita corrente prevista para o m\u00eas de junho e cerca de 2% do or\u00e7amento anual do munic\u00edpio.<\/p><p>Para o conselheiro Paulo Rangel, n\u00e3o \u00e9 razo\u00e1vel admitir que um munic\u00edpio, em um per\u00edodo de retra\u00e7\u00e3o financeira, diante da situa\u00e7\u00e3o emergencial, utilize de recursos p\u00fablicos para pagar festejos.<\/p><p>O Minist\u00e9rio P\u00fablico de Contas se manifestou, por meio do procurador Danilo Diamantino, pela proced\u00eancia da den\u00fancia.<\/p><p>Cabe recurso da decis\u00e3o.<\/p><p><strong>Fonte: TCMBA<\/strong><\/p>\n    <div class=\"xs_social_share_widget xs_share_url after_content \t\tmain_content  wslu-style-1 wslu-share-box-shaped wslu-fill-colored wslu-none wslu-share-horizontal wslu-theme-font-no wslu-main_content\">\n\n\t\t\n        <ul>\n\t\t\t        <\/ul>\n    <\/div> \n","protected":false},"excerpt":{"rendered":"<p>Na sess\u00e3o desta quarta-feira (09\/07), os conselheiros da 1\u00aa C\u00e2mara de julgamento do Tribunal de Contas dos Munic\u00edpios consideraram procedente o termo de ocorr\u00eancia lavrado contra o prefeito de Jucuru\u00e7u, Arivaldo de Almeida Costa, em raz\u00e3o da irrazoabilidade dos gastos promovidos com os festejos juninos de 2022, quando o munic\u00edpio estava sob decreto de calamidade p\u00fablica.<\/p>\n","protected":false},"author":5,"featured_media":0,"comment_status":"open","ping_status":"open","sticky":false,"template":"","format":"standard","meta":{"postBodyCss":"","postBodyMargin":[],"postBodyPadding":[],"postBodyBackground":{"backgroundType":"classic","gradient":""},"_price":"","_stock":"","_tribe_ticket_header":"","_tribe_default_ticket_provider":"","_tribe_ticket_capacity":"0","_ticket_start_date":"","_ticket_end_date":"","_tribe_ticket_show_description":"","_tribe_ticket_show_not_going":false,"_tribe_ticket_use_global_stock":"","_tribe_ticket_global_stock_level":"","_global_stock_mode":"","_global_stock_cap":"","_tribe_rsvp_for_event":"","_tribe_ticket_going_count":"","_tribe_ticket_not_going_count":"","_tribe_tickets_list":"[]","_tribe_ticket_has_attendee_info_fields":false,"footnotes":""},"categories":[46],"tags":[7610,12712,10510,181,12713,12714,7321,2231,454,214,12711,12710,6323,1267,460,12709,762,4570,12708,7629],"class_list":["post-12852","post","type-post","status-publish","format-standard","hentry","category-noticias","tag-1a-camara","tag-arivaldo-de-almeida-costa","tag-ato-de-improbidade-administrativa","tag-calamidade-publica","tag-conselheiro-paulo-rangel","tag-decreto-de-calamidade-publica","tag-festejos-juninos","tag-gastos","tag-gestor","tag-improbidade-administrativa","tag-irrazoabilidade","tag-jucurucu","tag-ministerio-publico-estadual","tag-mpe","tag-municipio-2","tag-prefeito-de-jucurucu","tag-representacao-2","tag-tcmba","tag-termo-de-ocorrencia","tag-tribunal-de-contas-dos-municipios"],"acf":[],"_links":{"self":[{"href":"https:\/\/sgpsolucoes.com.br\/site\/wp-json\/wp\/v2\/posts\/12852"}],"collection":[{"href":"https:\/\/sgpsolucoes.com.br\/site\/wp-json\/wp\/v2\/posts"}],"about":[{"href":"https:\/\/sgpsolucoes.com.br\/site\/wp-json\/wp\/v2\/types\/post"}],"author":[{"embeddable":true,"href":"https:\/\/sgpsolucoes.com.br\/site\/wp-json\/wp\/v2\/users\/5"}],"replies":[{"embeddable":true,"href":"https:\/\/sgpsolucoes.com.br\/site\/wp-json\/wp\/v2\/comments?post=12852"}],"version-history":[{"count":0,"href":"https:\/\/sgpsolucoes.com.br\/site\/wp-json\/wp\/v2\/posts\/12852\/revisions"}],"wp:attachment":[{"href":"https:\/\/sgpsolucoes.com.br\/site\/wp-json\/wp\/v2\/media?parent=12852"}],"wp:term":[{"taxonomy":"category","embeddable":true,"href":"https:\/\/sgpsolucoes.com.br\/site\/wp-json\/wp\/v2\/categories?post=12852"},{"taxonomy":"post_tag","embeddable":true,"href":"https:\/\/sgpsolucoes.com.br\/site\/wp-json\/wp\/v2\/tags?post=12852"}],"curies":[{"name":"wp","href":"https:\/\/api.w.org\/{rel}","templated":true}]}}