{"id":12864,"date":"2025-07-10T15:37:41","date_gmt":"2025-07-10T18:37:41","guid":{"rendered":"https:\/\/sgpsolucoes.com.br\/site\/?p=12864"},"modified":"2025-07-10T15:37:43","modified_gmt":"2025-07-10T18:37:43","slug":"tcmpa-alerta-municipios-sobre-distrato-irregular-de-professores-temporarios-durante-recesso-escolar","status":"publish","type":"post","link":"https:\/\/sgpsolucoes.com.br\/site\/tcmpa-alerta-municipios-sobre-distrato-irregular-de-professores-temporarios-durante-recesso-escolar\/","title":{"rendered":"TCMPA alerta munic\u00edpios sobre distrato irregular de professores tempor\u00e1rios durante recesso escolar"},"content":{"rendered":"<p><a href=\"https:\/\/www.tcmpa.tc.br\/author\/raphael-carvalho\/\"><br><\/a>O Tribunal de Contas dos Munic\u00edpios do Par\u00e1 (TCMPA) emitiu um alerta aos prefeitos e secret\u00e1rios municipais de Educa\u00e7\u00e3o, publicado no Di\u00e1rio Oficial Eletr\u00f4nico, advertindo sobre a proibi\u00e7\u00e3o da rescis\u00e3o de contratos de professores tempor\u00e1rios durante o per\u00edodo de recesso escolar.<\/p><p>A medida do Tribunal, aprovada na sess\u00e3o plen\u00e1ria de 3 de julho, segue proposta apresentada pelo conselheiro Cezar Colares e foi respaldada por todos os membros presentes. O TCMPA refor\u00e7a a necessidade de contrata\u00e7\u00e3o cont\u00ednua dos profissionais tempor\u00e1rios ao longo de todo o ano letivo, independentemente da presen\u00e7a de alunos em sala de aula durante os recessos.<\/p><p>Segundo o alerta, a pr\u00e1tica de rescindir contratos tempor\u00e1rios no meio do ano letivo, como em julho, e recontratar os mesmos professores ap\u00f3s o recesso, assim como em dezembro, para ser recontratado no in\u00edcio do pr\u00f3ximo ano, configura uma irregularidade. A Corte de Contas destaca que essa conduta desrespeita os princ\u00edpios da continuidade administrativa e da valoriza\u00e7\u00e3o dos profissionais da educa\u00e7\u00e3o, previstos na Constitui\u00e7\u00e3o Federal e na Lei n\u00ba 14.817\/2024, que trata da valoriza\u00e7\u00e3o do magist\u00e9rio da educa\u00e7\u00e3o b\u00e1sica p\u00fablica.<\/p><p>O alerta tamb\u00e9m faz refer\u00eancia \u00e0 medida cautelar proferida anteriormente pelo conselheiro Daniel Lavareda no Ac\u00f3rd\u00e3o n\u00ba 44.265\/2023, que suspendeu a rescis\u00e3o de contratos tempor\u00e1rios no munic\u00edpio de Uruar\u00e1, sob o risco de grave preju\u00edzo \u00e0 presta\u00e7\u00e3o de servi\u00e7os educacionais.<\/p><p>Al\u00e9m disso, o TCMPA cita o precedente do Supremo Tribunal Federal (Reclama\u00e7\u00e3o 21.334), que assegura o princ\u00edpio da isonomia entre professores efetivos e tempor\u00e1rios, especialmente quanto \u00e0s condi\u00e7\u00f5es de trabalho, remunera\u00e7\u00e3o e per\u00edodos de f\u00e9rias.<\/p><p>Embora o comunicado n\u00e3o exija resposta formal dos gestores municipais, o TCMPA alerta que o descumprimento poder\u00e1 acarretar consequ\u00eancias legais e preju\u00edzos \u00e0 administra\u00e7\u00e3o p\u00fablica, caso ocorra viola\u00e7\u00e3o aos direitos trabalhistas e educacionais assegurados em lei.<\/p><p><strong>Fonte: TCMPA<\/strong><\/p>\n    <div class=\"xs_social_share_widget xs_share_url after_content \t\tmain_content  wslu-style-1 wslu-share-box-shaped wslu-fill-colored wslu-none wslu-share-horizontal wslu-theme-font-no wslu-main_content\">\n\n\t\t\n        <ul>\n\t\t\t        <\/ul>\n    <\/div> \n","protected":false},"excerpt":{"rendered":"<p>O Tribunal de Contas dos Munic\u00edpios do Par\u00e1 (TCMPA) emitiu um alerta aos prefeitos e secret\u00e1rios municipais de Educa\u00e7\u00e3o, publicado no Di\u00e1rio Oficial Eletr\u00f4nico, advertindo sobre a proibi\u00e7\u00e3o da rescis\u00e3o de contratos de professores tempor\u00e1rios durante o per\u00edodo de recesso escolar.<\/p>\n","protected":false},"author":5,"featured_media":0,"comment_status":"open","ping_status":"open","sticky":false,"template":"","format":"standard","meta":{"postBodyCss":"","postBodyMargin":[],"postBodyPadding":[],"postBodyBackground":{"backgroundType":"classic","gradient":""},"_price":"","_stock":"","_tribe_ticket_header":"","_tribe_default_ticket_provider":"","_tribe_ticket_capacity":"0","_ticket_start_date":"","_ticket_end_date":"","_tribe_ticket_show_description":"","_tribe_ticket_show_not_going":false,"_tribe_ticket_use_global_stock":"","_tribe_ticket_global_stock_level":"","_global_stock_mode":"","_global_stock_cap":"","_tribe_rsvp_for_event":"","_tribe_ticket_going_count":"","_tribe_ticket_not_going_count":"","_tribe_tickets_list":"[]","_tribe_ticket_has_attendee_info_fields":false,"footnotes":""},"categories":[46],"tags":[754,75,12731,399,529,12732,4205,12733,310,12730,7182,4254,7179],"class_list":["post-12864","post","type-post","status-publish","format-standard","hentry","category-noticias","tag-alerta","tag-contratos","tag-distrato-irregular","tag-municipios","tag-prefeitos","tag-professores-temporarios","tag-recesso","tag-recesso-escolar","tag-rescisao","tag-secretarios-municipais-de-educacao","tag-tcmpa","tag-temporarios","tag-tribunal-de-contas-dos-municipios-do-para"],"acf":[],"_links":{"self":[{"href":"https:\/\/sgpsolucoes.com.br\/site\/wp-json\/wp\/v2\/posts\/12864"}],"collection":[{"href":"https:\/\/sgpsolucoes.com.br\/site\/wp-json\/wp\/v2\/posts"}],"about":[{"href":"https:\/\/sgpsolucoes.com.br\/site\/wp-json\/wp\/v2\/types\/post"}],"author":[{"embeddable":true,"href":"https:\/\/sgpsolucoes.com.br\/site\/wp-json\/wp\/v2\/users\/5"}],"replies":[{"embeddable":true,"href":"https:\/\/sgpsolucoes.com.br\/site\/wp-json\/wp\/v2\/comments?post=12864"}],"version-history":[{"count":0,"href":"https:\/\/sgpsolucoes.com.br\/site\/wp-json\/wp\/v2\/posts\/12864\/revisions"}],"wp:attachment":[{"href":"https:\/\/sgpsolucoes.com.br\/site\/wp-json\/wp\/v2\/media?parent=12864"}],"wp:term":[{"taxonomy":"category","embeddable":true,"href":"https:\/\/sgpsolucoes.com.br\/site\/wp-json\/wp\/v2\/categories?post=12864"},{"taxonomy":"post_tag","embeddable":true,"href":"https:\/\/sgpsolucoes.com.br\/site\/wp-json\/wp\/v2\/tags?post=12864"}],"curies":[{"name":"wp","href":"https:\/\/api.w.org\/{rel}","templated":true}]}}