{"id":12892,"date":"2025-07-11T12:12:16","date_gmt":"2025-07-11T15:12:16","guid":{"rendered":"https:\/\/sgpsolucoes.com.br\/site\/?p=12892"},"modified":"2025-07-11T12:12:17","modified_gmt":"2025-07-11T15:12:17","slug":"stf-vai-discutir-validade-do-prazo-prescricional-para-pedir-auxilio-emergencial","status":"publish","type":"post","link":"https:\/\/sgpsolucoes.com.br\/site\/stf-vai-discutir-validade-do-prazo-prescricional-para-pedir-auxilio-emergencial\/","title":{"rendered":"STF vai discutir validade do prazo prescricional para pedir aux\u00edlio emergencial"},"content":{"rendered":"<p><em><strong>Controv\u00e9rsia com repercuss\u00e3o geral pode impactar milhares de a\u00e7\u00f5es sobre erros no pagamento do benef\u00edcio<\/strong><\/em><\/p><p>O Supremo Tribunal Federal (STF) vai julgar a validade do prazo prescricional de um ano para a solicita\u00e7\u00e3o de aux\u00edlio emergencial concedido durante a pandemia da covid-19. A controv\u00e9rsia \u00e9 objeto do Recurso Extraordin\u00e1rio&nbsp;<strong><a href=\"https:\/\/portal.stf.jus.br\/processos\/detalhe.asp?incidente=7043919\" target=\"_blank\" rel=\"noreferrer noopener\">(RE) 1517308<\/a><\/strong>, que teve repercuss\u00e3o geral reconhecida pelo Tribunal (Tema 1399). A data do julgamento de m\u00e9rito ser\u00e1 definida posteriormente.<\/p><p>O recurso foi apresentado pela Defensoria P\u00fablica da Uni\u00e3o (DPU) contra decis\u00e3o da Turma Nacional de Uniformiza\u00e7\u00e3o (TNU), que aplicou o prazo prescricional de um ano (artigo 14 da Medida Provis\u00f3ria 1.039\/2021) aos pedidos de aux\u00edlio emergencial origin\u00e1rio, residual e de 2021. A MP perdeu vig\u00eancia por n\u00e3o ter sido convertida em lei pelo Congresso Nacional.<\/p><h5 class=\"wp-block-heading\"><strong>Seguran\u00e7a jur\u00eddica x \u00f4nus para benefici\u00e1rios<\/strong><\/h5><p>Para a Turma Nacional de Uniformiza\u00e7\u00e3o, o prazo prescricional v\u00e1lido durante a vig\u00eancia da MP deve ser mantido para garantir seguran\u00e7a jur\u00eddica, especialmente diante do car\u00e1ter tempor\u00e1rio do aux\u00edlio emergencial.<\/p><p>J\u00e1 a DPU sustenta que a aplica\u00e7\u00e3o do prazo prescricional ap\u00f3s o fim da vig\u00eancia da MP viola princ\u00edpios constitucionais como os da isonomia e da razoabilidade, pois imp\u00f5e um \u00f4nus excessivo aos benefici\u00e1rios do aux\u00edlio emergencial em compara\u00e7\u00e3o a outras rela\u00e7\u00f5es com a administra\u00e7\u00e3o p\u00fablica, que t\u00eam prazos mais longos.<\/p><p>A DPU informou que, at\u00e9 mar\u00e7o de 2022, instaurou 231.176 processos de assist\u00eancia jur\u00eddica gratuita em raz\u00e3o de erros da administra\u00e7\u00e3o p\u00fablica no processamento do aux\u00edlio emergencial, do aux\u00edlio emergencial residual e do aux\u00edlio 2021 e, ap\u00f3s 988.678 atendimentos, j\u00e1 levou ao Poder Judici\u00e1rio 79.591 casos.<\/p><h5 class=\"wp-block-heading\"><strong>Milhares de a\u00e7\u00f5es sobre o tema<\/strong><\/h5><p>Na manifesta\u00e7\u00e3o pelo reconhecimento da repercuss\u00e3o geral, o presidente do STF, ministro Lu\u00eds Roberto Barroso, destacou a relev\u00e2ncia da quest\u00e3o constitucional, que ter\u00e1 impacto na resolu\u00e7\u00e3o de milhares de a\u00e7\u00f5es judiciais, pois a tese da TNU \u00e9 de aplica\u00e7\u00e3o obrigat\u00f3ria para todo o sistema dos Juizados Especiais Federais.<\/p><p>O ministro salientou que a quest\u00e3o central \u00e9 saber se a inexist\u00eancia de um decreto legislativo para regulamentar as rela\u00e7\u00f5es jur\u00eddicas decorrentes dos atos praticados durante a vig\u00eancia da MP impede a aplica\u00e7\u00e3o do prazo prescricional.<\/p><p><strong>Fonte: STF<\/strong><\/p>\n    <div class=\"xs_social_share_widget xs_share_url after_content \t\tmain_content  wslu-style-1 wslu-share-box-shaped wslu-fill-colored wslu-none wslu-share-horizontal wslu-theme-font-no wslu-main_content\">\n\n\t\t\n        <ul>\n\t\t\t        <\/ul>\n    <\/div> \n","protected":false},"excerpt":{"rendered":"<p>O Supremo Tribunal Federal (STF) vai julgar a validade do prazo prescricional de um ano para a solicita\u00e7\u00e3o de aux\u00edlio emergencial concedido durante a pandemia da covid-19. A controv\u00e9rsia \u00e9 objeto do Recurso Extraordin\u00e1rio\u00a0(RE) 1517308, que teve repercuss\u00e3o geral reconhecida pelo Tribunal (Tema 1399). A data do julgamento de m\u00e9rito ser\u00e1 definida posteriormente.<\/p>\n","protected":false},"author":5,"featured_media":0,"comment_status":"open","ping_status":"open","sticky":false,"template":"","format":"standard","meta":{"postBodyCss":"","postBodyMargin":[],"postBodyPadding":[],"postBodyBackground":{"backgroundType":"classic","gradient":""},"_price":"","_stock":"","_tribe_ticket_header":"","_tribe_default_ticket_provider":"","_tribe_ticket_capacity":"0","_ticket_start_date":"","_ticket_end_date":"","_tribe_ticket_show_description":"","_tribe_ticket_show_not_going":false,"_tribe_ticket_use_global_stock":"","_tribe_ticket_global_stock_level":"","_global_stock_mode":"","_global_stock_cap":"","_tribe_rsvp_for_event":"","_tribe_ticket_going_count":"","_tribe_ticket_not_going_count":"","_tribe_tickets_list":"[]","_tribe_ticket_has_attendee_info_fields":false,"footnotes":""},"categories":[46],"tags":[12771,2979,9104,1273,1571,6669,12772,1870,1731,347,348,12773,1364],"class_list":["post-12892","post","type-post","status-publish","format-standard","hentry","category-noticias","tag-auxilio-emergencial","tag-beneficio","tag-controversia","tag-covid-19","tag-pandemia","tag-prazo-prescricional","tag-re-1517308","tag-recurso-extraordinario","tag-repercussao-geral","tag-stf","tag-supremo-tribunal-federal","tag-tema-1399","tag-validade"],"acf":[],"_links":{"self":[{"href":"https:\/\/sgpsolucoes.com.br\/site\/wp-json\/wp\/v2\/posts\/12892"}],"collection":[{"href":"https:\/\/sgpsolucoes.com.br\/site\/wp-json\/wp\/v2\/posts"}],"about":[{"href":"https:\/\/sgpsolucoes.com.br\/site\/wp-json\/wp\/v2\/types\/post"}],"author":[{"embeddable":true,"href":"https:\/\/sgpsolucoes.com.br\/site\/wp-json\/wp\/v2\/users\/5"}],"replies":[{"embeddable":true,"href":"https:\/\/sgpsolucoes.com.br\/site\/wp-json\/wp\/v2\/comments?post=12892"}],"version-history":[{"count":0,"href":"https:\/\/sgpsolucoes.com.br\/site\/wp-json\/wp\/v2\/posts\/12892\/revisions"}],"wp:attachment":[{"href":"https:\/\/sgpsolucoes.com.br\/site\/wp-json\/wp\/v2\/media?parent=12892"}],"wp:term":[{"taxonomy":"category","embeddable":true,"href":"https:\/\/sgpsolucoes.com.br\/site\/wp-json\/wp\/v2\/categories?post=12892"},{"taxonomy":"post_tag","embeddable":true,"href":"https:\/\/sgpsolucoes.com.br\/site\/wp-json\/wp\/v2\/tags?post=12892"}],"curies":[{"name":"wp","href":"https:\/\/api.w.org\/{rel}","templated":true}]}}