{"id":12901,"date":"2025-07-11T12:27:51","date_gmt":"2025-07-11T15:27:51","guid":{"rendered":"https:\/\/sgpsolucoes.com.br\/site\/?p=12901"},"modified":"2025-07-11T12:27:52","modified_gmt":"2025-07-11T15:27:52","slug":"35-anos-do-eca-e-as-decisoes-do-stj-na-garantia-integral-dos-direitos-de-criancas-e-adolescentes","status":"publish","type":"post","link":"https:\/\/sgpsolucoes.com.br\/site\/35-anos-do-eca-e-as-decisoes-do-stj-na-garantia-integral-dos-direitos-de-criancas-e-adolescentes\/","title":{"rendered":"35 anos do ECA e as decis\u00f5es do STJ na garantia integral dos direitos de crian\u00e7as e adolescentes"},"content":{"rendered":"<p>\u200bO \u00faltimo levantamento do Instituto Brasileiro de Geografia e Estat\u00edstica (IBGE) mostra que o Brasil tem 54,5 milh\u00f5es de crian\u00e7as e adolescentes, o que representa 26,8% da popula\u00e7\u00e3o total do pa\u00eds. Para garantir que esse p\u00fablico tenha seus direitos respeitados e promovidos, buscando seu pleno desenvolvimento, foi criado o Estatuto da Crian\u00e7a e do Adolescente (ECA). A lei trata de direitos fundamentais como vida, sa\u00fade, educa\u00e7\u00e3o, cultura e conviv\u00eancia familiar.<\/p><p>Para marcar os 35 anos do ECA, institu\u00eddo pela&nbsp;<a href=\"https:\/\/www.planalto.gov.br\/ccivil_03\/leis\/l8069.htm\">Lei 8.069<\/a>, de 13 de julho de 1990, a Secretaria de Comunica\u00e7\u00e3o Social do Superior Tribunal de Justi\u00e7a (STJ) produziu uma reportagem especial, com reflex\u00f5es sobre a import\u00e2ncia da prote\u00e7\u00e3o integral de crian\u00e7as e adolescentes, depoimentos de especialistas e um panorama das decis\u00f5es da corte nessa tem\u00e1tica.&nbsp;&nbsp;<\/p><p>Clique na imagem para assistir \u00e0 reportagem especial:<\/p><figure class=\"wp-block-embed is-type-video is-provider-youtube wp-block-embed-youtube wp-embed-aspect-16-9 wp-has-aspect-ratio\"><div class=\"wp-block-embed__wrapper\">\n<iframe title=\"Crian\u00e7as e Adolescentes I Decis\u00f5es sobre o tema\" width=\"800\" height=\"450\" src=\"https:\/\/www.youtube.com\/embed\/W-9Jw9LwNfw?feature=oembed\" frameborder=\"0\" allow=\"accelerometer; autoplay; clipboard-write; encrypted-media; gyroscope; picture-in-picture; web-share\" referrerpolicy=\"strict-origin-when-cross-origin\" allowfullscreen><\/iframe>\n<\/div><\/figure><p><strong>Fonte: STJ<\/strong><\/p>\n    <div class=\"xs_social_share_widget xs_share_url after_content \t\tmain_content  wslu-style-1 wslu-share-box-shaped wslu-fill-colored wslu-none wslu-share-horizontal wslu-theme-font-no wslu-main_content\">\n\n\t\t\n        <ul>\n\t\t\t        <\/ul>\n    <\/div> \n","protected":false},"excerpt":{"rendered":"<p>\u200bO \u00faltimo levantamento do Instituto Brasileiro de Geografia e Estat\u00edstica (IBGE) mostra que o Brasil tem 54,5 milh\u00f5es de crian\u00e7as e adolescentes, o que representa 26,8% da popula\u00e7\u00e3o total do pa\u00eds. Para garantir que esse p\u00fablico tenha seus direitos respeitados e promovidos, buscando seu pleno desenvolvimento, foi criado o Estatuto da Crian\u00e7a e do Adolescente (ECA). A lei trata de direitos fundamentais como vida, sa\u00fade, educa\u00e7\u00e3o, cultura e conviv\u00eancia familiar.<\/p>\n","protected":false},"author":5,"featured_media":0,"comment_status":"open","ping_status":"open","sticky":false,"template":"","format":"standard","meta":{"postBodyCss":"","postBodyMargin":[],"postBodyPadding":[],"postBodyBackground":{"backgroundType":"classic","gradient":""},"_price":"","_stock":"","_tribe_ticket_header":"","_tribe_default_ticket_provider":"","_tribe_ticket_capacity":"0","_ticket_start_date":"","_ticket_end_date":"","_tribe_ticket_show_description":"","_tribe_ticket_show_not_going":false,"_tribe_ticket_use_global_stock":"","_tribe_ticket_global_stock_level":"","_global_stock_mode":"","_global_stock_cap":"","_tribe_rsvp_for_event":"","_tribe_ticket_going_count":"","_tribe_ticket_not_going_count":"","_tribe_tickets_list":"[]","_tribe_ticket_has_attendee_info_fields":false,"footnotes":""},"categories":[46],"tags":[1927,1746,12790,1754,2404,6756,2440,1683,1217,1693,12788,5843,5846,12792,12791,3235,12789,229,230,3996],"class_list":["post-12901","post","type-post","status-publish","format-standard","hentry","category-noticias","tag-35-anos","tag-adolescentes","tag-convivencia-familiar","tag-criancas","tag-cultura","tag-direitos-de-criancas-e-adolescentes","tag-direitos-fundamentais","tag-eca","tag-educacao","tag-estatuto-da-crianca-e-do-adolescente","tag-garantia-integral","tag-ibge","tag-instituto-brasileiro-de-geografia-e-estatistica","tag-lei-8-069-1990","tag-reportagem-especial","tag-saude","tag-secretaria-de-comunicacao-social","tag-stj","tag-superior-tribunal-de-justica","tag-vida"],"acf":[],"_links":{"self":[{"href":"https:\/\/sgpsolucoes.com.br\/site\/wp-json\/wp\/v2\/posts\/12901"}],"collection":[{"href":"https:\/\/sgpsolucoes.com.br\/site\/wp-json\/wp\/v2\/posts"}],"about":[{"href":"https:\/\/sgpsolucoes.com.br\/site\/wp-json\/wp\/v2\/types\/post"}],"author":[{"embeddable":true,"href":"https:\/\/sgpsolucoes.com.br\/site\/wp-json\/wp\/v2\/users\/5"}],"replies":[{"embeddable":true,"href":"https:\/\/sgpsolucoes.com.br\/site\/wp-json\/wp\/v2\/comments?post=12901"}],"version-history":[{"count":0,"href":"https:\/\/sgpsolucoes.com.br\/site\/wp-json\/wp\/v2\/posts\/12901\/revisions"}],"wp:attachment":[{"href":"https:\/\/sgpsolucoes.com.br\/site\/wp-json\/wp\/v2\/media?parent=12901"}],"wp:term":[{"taxonomy":"category","embeddable":true,"href":"https:\/\/sgpsolucoes.com.br\/site\/wp-json\/wp\/v2\/categories?post=12901"},{"taxonomy":"post_tag","embeddable":true,"href":"https:\/\/sgpsolucoes.com.br\/site\/wp-json\/wp\/v2\/tags?post=12901"}],"curies":[{"name":"wp","href":"https:\/\/api.w.org\/{rel}","templated":true}]}}