{"id":12925,"date":"2025-07-11T16:46:16","date_gmt":"2025-07-11T19:46:16","guid":{"rendered":"https:\/\/sgpsolucoes.com.br\/site\/?p=12925"},"modified":"2025-07-11T16:46:23","modified_gmt":"2025-07-11T19:46:23","slug":"procurador-geral-da-republica-questiona-reestruturacao-de-cartorios-no-parana","status":"publish","type":"post","link":"https:\/\/sgpsolucoes.com.br\/site\/procurador-geral-da-republica-questiona-reestruturacao-de-cartorios-no-parana\/","title":{"rendered":"Procurador-geral da Rep\u00fablica questiona reestrutura\u00e7\u00e3o de cart\u00f3rios no Paran\u00e1"},"content":{"rendered":"<p><em><strong>Entre os argumentos apresentados est\u00e3o a invas\u00e3o da compet\u00eancia legislativa da Uni\u00e3o e a viola\u00e7\u00e3o da autonomia do Judici\u00e1rio<\/strong><\/em><\/p><p>O procurador-geral da Rep\u00fablica, Paulo Gonet, questiona, no Supremo Tribunal Federal (STF), a validade de norma que reestrutura cart\u00f3rios em cidades pequenas e m\u00e9dias do Estado do Paran\u00e1. O tema ser\u00e1 analisado na A\u00e7\u00e3o Direta de Inconstitucionalidade&nbsp;<strong><a href=\"https:\/\/portal.stf.jus.br\/processos\/detalhe.asp?incidente=7303370\" target=\"_blank\" rel=\"noreferrer noopener\">(ADI) 7843<\/a><\/strong>, distribu\u00edda ao ministro Andr\u00e9 Mendon\u00e7a, que pediu informa\u00e7\u00f5es ao Tribunal de Justi\u00e7a, \u00e0 Assembleia Legislativa e ao governo do Paran\u00e1.<\/p><div class=\"wp-block-image\"><figure class=\"aligncenter size-large is-resized\"><img decoding=\"async\" src=\"https:\/\/sgpsolucoes.com.br\/site\/wp-content\/uploads\/2025\/07\/pgr-1024x613.webp\" alt=\"\" class=\"wp-image-12926\" style=\"width:424px;height:auto\"\/><figcaption class=\"wp-element-caption\"><em>Foto: STF<\/em><\/figcaption><\/figure><\/div><p>Gonet explica que as mudan\u00e7as foram inseridas por meio de uma emenda parlamentar ao projeto de lei encaminhado ao Legislativo pelo Tribunal de Justi\u00e7a destinado a alterar o n\u00famero de desembargadores da Corte, de comarcas e de membros da magistratura estadual. Segundo ele, a mat\u00e9ria \u00e9 estranha ao tema do projeto de lei, cuja iniciativa \u00e9 reservada aos tribunais, e representa uma invas\u00e3o \u201cde parcela relevante da autonomia e da independ\u00eancia do Poder Judici\u00e1rio\u201d.<\/p><p>Ainda segundo o procurador-geral, a lei estadual invade a compet\u00eancia da Uni\u00e3o para legislar sobre registros p\u00fablicos e regular as atividades dos oficiais de registro. Al\u00e9m disso, sustenta que a Lei dos Cart\u00f3rios estabelece concurso de remo\u00e7\u00e3o quando houver extin\u00e7\u00e3o e cumula\u00e7\u00e3o de serventias em decorr\u00eancia da reorganiza\u00e7\u00e3o dos servi\u00e7os.<\/p><p><strong>Fonte: STF<\/strong><\/p>\n    <div class=\"xs_social_share_widget xs_share_url after_content \t\tmain_content  wslu-style-1 wslu-share-box-shaped wslu-fill-colored wslu-none wslu-share-horizontal wslu-theme-font-no wslu-main_content\">\n\n\t\t\n        <ul>\n\t\t\t        <\/ul>\n    <\/div> \n","protected":false},"excerpt":{"rendered":"<p>O procurador-geral da Rep\u00fablica, Paulo Gonet, questiona, no Supremo Tribunal Federal (STF), a validade de norma que reestrutura cart\u00f3rios em cidades pequenas e m\u00e9dias do Estado do Paran\u00e1. O tema ser\u00e1 analisado na A\u00e7\u00e3o Direta de Inconstitucionalidade\u00a0(ADI) 7843, distribu\u00edda ao ministro Andr\u00e9 Mendon\u00e7a, que pediu informa\u00e7\u00f5es ao Tribunal de Justi\u00e7a, \u00e0 Assembleia Legislativa e ao governo do Paran\u00e1.<\/p>\n","protected":false},"author":5,"featured_media":0,"comment_status":"open","ping_status":"open","sticky":false,"template":"","format":"standard","meta":{"postBodyCss":"","postBodyMargin":[],"postBodyPadding":[],"postBodyBackground":{"backgroundType":"classic","gradient":""},"_price":"","_stock":"","_tribe_ticket_header":"","_tribe_default_ticket_provider":"","_tribe_ticket_capacity":"0","_ticket_start_date":"","_ticket_end_date":"","_tribe_ticket_show_description":"","_tribe_ticket_show_not_going":false,"_tribe_ticket_use_global_stock":"","_tribe_ticket_global_stock_level":"","_global_stock_mode":"","_global_stock_cap":"","_tribe_rsvp_for_event":"","_tribe_ticket_going_count":"","_tribe_ticket_not_going_count":"","_tribe_tickets_list":"[]","_tribe_ticket_has_attendee_info_fields":false,"footnotes":""},"categories":[46],"tags":[1054,12846,1070,4394,1057,12847,12849,12848,9249,12843,5205,11757,566,12842,4062,12850,11435,1556,11265,10705,12844,347,348,3721,1627,9097,569,12845],"class_list":["post-12925","post","type-post","status-publish","format-standard","hentry","category-noticias","tag-acao-direta-de-inconstitucionalidade","tag-adi-7843","tag-assembleia-legislativa","tag-autonomia","tag-cartorios","tag-cidades-medias","tag-cidades-pequenas","tag-codigo-de-organizacao-e-divisao-judiciarias-do-parana","tag-competencia-legislativa","tag-competencia-legislativa-da-uniao","tag-estado-do-parana","tag-governo-do-parana","tag-informacoes","tag-invasao","tag-judiciario","tag-lei-estadual-21-795-2023","tag-ministro-andre-mendonca","tag-parana","tag-paulo-gonet","tag-procurador-geral-da-republica","tag-reestruturacao-de-cartorios","tag-stf","tag-supremo-tribunal-federal","tag-tribunal-de-justica","tag-uniao","tag-validade-de-norma","tag-violacao","tag-violacao-da-autonomia-do-judiciario"],"acf":[],"_links":{"self":[{"href":"https:\/\/sgpsolucoes.com.br\/site\/wp-json\/wp\/v2\/posts\/12925"}],"collection":[{"href":"https:\/\/sgpsolucoes.com.br\/site\/wp-json\/wp\/v2\/posts"}],"about":[{"href":"https:\/\/sgpsolucoes.com.br\/site\/wp-json\/wp\/v2\/types\/post"}],"author":[{"embeddable":true,"href":"https:\/\/sgpsolucoes.com.br\/site\/wp-json\/wp\/v2\/users\/5"}],"replies":[{"embeddable":true,"href":"https:\/\/sgpsolucoes.com.br\/site\/wp-json\/wp\/v2\/comments?post=12925"}],"version-history":[{"count":0,"href":"https:\/\/sgpsolucoes.com.br\/site\/wp-json\/wp\/v2\/posts\/12925\/revisions"}],"wp:attachment":[{"href":"https:\/\/sgpsolucoes.com.br\/site\/wp-json\/wp\/v2\/media?parent=12925"}],"wp:term":[{"taxonomy":"category","embeddable":true,"href":"https:\/\/sgpsolucoes.com.br\/site\/wp-json\/wp\/v2\/categories?post=12925"},{"taxonomy":"post_tag","embeddable":true,"href":"https:\/\/sgpsolucoes.com.br\/site\/wp-json\/wp\/v2\/tags?post=12925"}],"curies":[{"name":"wp","href":"https:\/\/api.w.org\/{rel}","templated":true}]}}