{"id":12941,"date":"2025-07-14T14:57:20","date_gmt":"2025-07-14T17:57:20","guid":{"rendered":"https:\/\/sgpsolucoes.com.br\/site\/?p=12941"},"modified":"2025-07-14T14:57:21","modified_gmt":"2025-07-14T17:57:21","slug":"auditoria-aponta-falhas-na-aplicacao-da-lgpd-por-organizacoes-federais","status":"publish","type":"post","link":"https:\/\/sgpsolucoes.com.br\/site\/auditoria-aponta-falhas-na-aplicacao-da-lgpd-por-organizacoes-federais\/","title":{"rendered":"Auditoria aponta falhas na aplica\u00e7\u00e3o da LGPD por organiza\u00e7\u00f5es federais"},"content":{"rendered":"<p><em><strong>Fiscaliza\u00e7\u00e3o do TCU avaliou 387 entes e recomendou melhorias<\/strong><\/em><\/p><p>Auditoria do Tribunal de Contas da Uni\u00e3o (TCU) revelou que quase um ter\u00e7o das organiza\u00e7\u00f5es federais ainda n\u00e3o implementou&nbsp;<strong>medidas b\u00e1sicas<\/strong>&nbsp;para cumprir a&nbsp;<strong>Lei Geral de Prote\u00e7\u00e3o de Dados<\/strong>&nbsp;(LGPD). A fiscaliza\u00e7\u00e3o avaliou as provid\u00eancias de adequa\u00e7\u00e3o de&nbsp;<strong>387 \u00f3rg\u00e3os e entidades federais<\/strong>&nbsp;a essa lei, indicando aperfei\u00e7oamentos que precisam ser feitos.<\/p><p>Sob relatoria do ministro Walton Alencar Rodrigues, o&nbsp;<a href=\"https:\/\/pesquisa.apps.tcu.gov.br\/redireciona\/acordao-completo\/ACORDAO-COMPLETO-2704827\">TC 009.980\/2024-5<\/a>&nbsp;revelou o&nbsp;<strong>descumprimento de dispositivos da LGPD<\/strong>&nbsp;por grande parte das organiza\u00e7\u00f5es auditadas. No ac\u00f3rd\u00e3o, foram feitas recomenda\u00e7\u00f5es para melhorias.<\/p><p>O ministro adotou integralmente o relat\u00f3rio produzido pela unidade t\u00e9cnica do Tribunal. Durante a fiscaliza\u00e7\u00e3o, as entidades e \u00f3rg\u00e3os avaliados<strong>&nbsp;responderam a question\u00e1rios<\/strong>, que trouxeram quatro aspectos de aplica\u00e7\u00e3o da LGPD para avalia\u00e7\u00e3o:&nbsp;<strong>prepara\u00e7\u00e3o, contexto organizacional, lideran\u00e7a e capacita\u00e7\u00e3o.<\/strong><\/p><p>Entre os principais dados encontrados na auditoria est\u00e3o:<\/p><figure class=\"wp-block-image\"><img decoding=\"async\" src=\"https:\/\/portal.tcu.gov.br\/data\/files\/F3\/B5\/45\/25\/4690891070549D79F18818A8\/portal-auditoria.png\" alt=\"portal-auditoria.png\"\/><\/figure><p>Segundo o ac\u00f3rd\u00e3o do TCU, as organiza\u00e7\u00f5es fiscalizadas&nbsp;<strong>n\u00e3o se estruturaram adequadamente,<\/strong>&nbsp;de modo geral,&nbsp;<strong>para conduzirem iniciativas de adequa\u00e7\u00e3o \u00e0 LGPD.<\/strong>&nbsp;Al\u00e9m disso, diz o relat\u00f3rio,&nbsp;<strong>grande parte<\/strong>&nbsp;delas<strong>&nbsp;n\u00e3o implementou medidas e controles suficientes<\/strong>&nbsp;para se adequar.<\/p><p>O Tribunal prop\u00f4s como&nbsp;<strong>principais recomenda\u00e7\u00f5es informar aos \u00f3rg\u00e3os<\/strong>&nbsp;sobre as seguintes falhas:&nbsp;<strong>aus\u00eancia de PSI<\/strong>, aus\u00eancia de nomea\u00e7\u00e3o do&nbsp;<strong>encarregado de tratamento de dados<\/strong>&nbsp;e de&nbsp;<strong>comunica\u00e7\u00e3o padronizada \u00e0 ANPD<\/strong>&nbsp;da ocorr\u00eancia de incidentes. Para os demais achados, a proposta foi que o Conselho Nacional de Justi\u00e7a (CNJ), o Minist\u00e9rio da Gest\u00e3o e Inova\u00e7\u00e3o em Servi\u00e7os P\u00fablicos (MGI) e a ANPD acionem e envolvam as&nbsp;<strong>unidades de controle interno<\/strong>&nbsp;das organiza\u00e7\u00f5es avaliadas para resolver os problemas identificados.<\/p><p>Os resultados das avalia\u00e7\u00f5es da auditoria est\u00e3o reunidos no&nbsp;<strong>Painel Nacional de Implementa\u00e7\u00e3o da LGPD<\/strong>, junto com os dados dos estados que conduziram o mesmo trabalho junto aos jurisdicionados, por meio da Rede Integrar de Controle. O objetivo \u00e9 incentivar as organiza\u00e7\u00f5es a seguirem com a\u00e7\u00f5es e projetos de adequa\u00e7\u00e3o a essa legisla\u00e7\u00e3o.<\/p><p>Para saber mais sobre a LGPD e como o TCU trata os dados pessoais sob sua cust\u00f3dia,&nbsp;<a href=\"https:\/\/portal.tcu.gov.br\/sobre-o-portal\/lgpd\">clique aqui<\/a>.<\/p><p><strong>Confira, abaixo, os documentos da auditoria:<\/strong><\/p><p><a href=\"https:\/\/portal.tcu.gov.br\/data\/files\/80\/73\/86\/6D\/64BF791070549D79F18818A8\/Peca%20919%20-%20TC-009-980-2024-5_Peca%20919%20-%2048%20Organizacoes%20sem%20DPO%20nomeado.pdf\">918 &#8211; Organiza\u00e7\u00f5es que n\u00e3o possuem Pol\u00edtica de Seguran\u00e7a da Informa\u00e7\u00e3o formalizada<\/a><\/p><p><a href=\"https:\/\/portal.tcu.gov.br\/data\/files\/80\/73\/86\/6D\/64BF791070549D79F18818A8\/Peca%20919%20-%20TC-009-980-2024-5_Peca%20919%20-%2048%20Organizacoes%20sem%20DPO%20nomeado.pdf\">919 &#8211; Organiza\u00e7\u00f5es que n\u00e3o possuem encarregado de prote\u00e7\u00e3o de dados nomeado<\/a><a href=\"https:\/\/portal.tcu.gov.br\/data\/files\/04\/73\/88\/6D\/64BF791070549D79F18818A8\/Peca%20920%20-%20TC-009-980-2024-5_Peca%20920%20-%20250%20organizacoes%20que%20nao%20padronizaram%20a%20comunicacao%20de%20incidentes%20a%20ANPD.pdf\">920 &#8211; Organiza\u00e7\u00f5es que n\u00e3o padronizaram a comunica\u00e7\u00e3o de incidentes \u00e0 ANPD<\/a><\/p><p><a href=\"https:\/\/portal.tcu.gov.br\/data\/files\/D7\/73\/DA\/6D\/64BF791070549D79F18818A8\/Peca%20922%20-%20TC-009-980-2024-5_Peca%20922%20-%20Principais%20pontos%20de%20atencao%20nas%20387%20organizacoes%20auditadas.pdf\">922 &#8211; Principais pontos de aten\u00e7\u00e3o nas 387 organiza\u00e7\u00f5es auditadas<\/a>&nbsp;&nbsp;<\/p><p><a href=\"https:\/\/portal.tcu.gov.br\/data\/files\/FB\/73\/DC\/6D\/64BF791070549D79F18818A8\/Peca%20949%20-%20TC-009-980-2024-5_Peca%20949%20-%20Relatorio%20completo%20de%20fiscalizacao%2096-2024.pdf\">949 &#8211; Relat\u00f3rio completo da fiscaliza\u00e7\u00e3o<\/a>&nbsp;&nbsp;<\/p><p><a href=\"https:\/\/portal.tcu.gov.br\/data\/files\/60\/83\/2F\/6D\/64BF791070549D79F18818A8\/Peca%20965%20-%20TC-009-980-2024-5_Peca%20965%20-%20ACORDAO--MIN-WAR-2025-3-20.pdf\">965 &#8211; Ac\u00f3rd\u00e3o 1327\/2025-Plen\u00e1rio<\/a>&nbsp;&nbsp;<\/p><p><a href=\"https:\/\/portal.tcu.gov.br\/data\/files\/25\/83\/61\/7D\/64BF791070549D79F18818A8\/Peca%20966%20-%20TC-009-980-2024-5_Peca%20966%20-%20DECLARACAO-VOTO-MIN-BD-2025-6-25.pdf\">966 &#8211; Declara\u00e7\u00e3o de voto do ministro Bruno Dantas<\/a><\/p><p><a href=\"https:\/\/portal.tcu.gov.br\/data\/files\/3A\/83\/B3\/7D\/64BF791070549D79F18818A8\/Peca%20967%20-%20TC-009-980-2024-5_Peca%20967%20-%20VOTO-MIN-WAR-2025-3-20.pdf\">967 &#8211; Voto condutor do Ac\u00f3rd\u00e3o 1327\/2025-Plen\u00e1rio<\/a><\/p><p><a href=\"https:\/\/portal.tcu.gov.br\/data\/files\/9F\/83\/96\/7D\/64BF791070549D79F18818A8\/Peca%20968%20-%20TC-009-980-2024-5_Peca%20968%20-%20RELATORIO-MIN-WAR-2025-3-20.pdf\">968 &#8211; Relat\u00f3rio do Ac\u00f3rd\u00e3o 1327\/2025-Plen\u00e1rio<\/a><\/p><p><strong>&#8212;&#8212;&#8212;&#8212;&#8212;&#8212;&#8212;&#8212;&#8212;&#8212;&#8212;&#8212;&#8212;&#8212;&#8212;&#8212;&#8212;&#8212;&#8212;&#8212;&#8212;&#8212;&#8212;&#8212;&#8211;<\/strong><\/p><p><strong>Fonte: TCU<\/strong><\/p>\n    <div class=\"xs_social_share_widget xs_share_url after_content \t\tmain_content  wslu-style-1 wslu-share-box-shaped wslu-fill-colored wslu-none wslu-share-horizontal wslu-theme-font-no wslu-main_content\">\n\n\t\t\n        <ul>\n\t\t\t        <\/ul>\n    <\/div> \n","protected":false},"excerpt":{"rendered":"<p>Auditoria do Tribunal de Contas da Uni\u00e3o (TCU) revelou que quase um ter\u00e7o das organiza\u00e7\u00f5es federais ainda n\u00e3o implementou\u00a0medidas b\u00e1sicas\u00a0para cumprir a\u00a0Lei Geral de Prote\u00e7\u00e3o de Dados\u00a0(LGPD). A fiscaliza\u00e7\u00e3o avaliou as provid\u00eancias de adequa\u00e7\u00e3o de\u00a0387 \u00f3rg\u00e3os e entidades federais\u00a0a essa lei, indicando aperfei\u00e7oamentos que precisam ser feitos.<\/p>\n","protected":false},"author":5,"featured_media":0,"comment_status":"open","ping_status":"open","sticky":false,"template":"","format":"standard","meta":{"postBodyCss":"","postBodyMargin":[],"postBodyPadding":[],"postBodyBackground":{"backgroundType":"classic","gradient":""},"_price":"","_stock":"","_tribe_ticket_header":"","_tribe_default_ticket_provider":"","_tribe_ticket_capacity":"0","_ticket_start_date":"","_ticket_end_date":"","_tribe_ticket_show_description":"","_tribe_ticket_show_not_going":false,"_tribe_ticket_use_global_stock":"","_tribe_ticket_global_stock_level":"","_global_stock_mode":"","_global_stock_cap":"","_tribe_rsvp_for_event":"","_tribe_ticket_going_count":"","_tribe_ticket_not_going_count":"","_tribe_tickets_list":"[]","_tribe_ticket_has_attendee_info_fields":false,"footnotes":""},"categories":[46],"tags":[1944,512,89,4762,554,8802,12866,258,450],"class_list":["post-12941","post","type-post","status-publish","format-standard","hentry","category-noticias","tag-auditoria","tag-falhas","tag-fiscalizacao","tag-lei-geral-de-protecao-de-dados","tag-lgpd","tag-melhorias","tag-organizacoes-federais","tag-tcu","tag-tribunal-de-contas-da-uniao"],"acf":[],"_links":{"self":[{"href":"https:\/\/sgpsolucoes.com.br\/site\/wp-json\/wp\/v2\/posts\/12941"}],"collection":[{"href":"https:\/\/sgpsolucoes.com.br\/site\/wp-json\/wp\/v2\/posts"}],"about":[{"href":"https:\/\/sgpsolucoes.com.br\/site\/wp-json\/wp\/v2\/types\/post"}],"author":[{"embeddable":true,"href":"https:\/\/sgpsolucoes.com.br\/site\/wp-json\/wp\/v2\/users\/5"}],"replies":[{"embeddable":true,"href":"https:\/\/sgpsolucoes.com.br\/site\/wp-json\/wp\/v2\/comments?post=12941"}],"version-history":[{"count":0,"href":"https:\/\/sgpsolucoes.com.br\/site\/wp-json\/wp\/v2\/posts\/12941\/revisions"}],"wp:attachment":[{"href":"https:\/\/sgpsolucoes.com.br\/site\/wp-json\/wp\/v2\/media?parent=12941"}],"wp:term":[{"taxonomy":"category","embeddable":true,"href":"https:\/\/sgpsolucoes.com.br\/site\/wp-json\/wp\/v2\/categories?post=12941"},{"taxonomy":"post_tag","embeddable":true,"href":"https:\/\/sgpsolucoes.com.br\/site\/wp-json\/wp\/v2\/tags?post=12941"}],"curies":[{"name":"wp","href":"https:\/\/api.w.org\/{rel}","templated":true}]}}