{"id":12962,"date":"2025-07-16T14:55:40","date_gmt":"2025-07-16T17:55:40","guid":{"rendered":"https:\/\/sgpsolucoes.com.br\/site\/?p=12962"},"modified":"2025-07-16T14:55:41","modified_gmt":"2025-07-16T17:55:41","slug":"nova-edicao-da-revista-mpc-pr-aborda-desafios-da-gestao-publica-contemporanea","status":"publish","type":"post","link":"https:\/\/sgpsolucoes.com.br\/site\/nova-edicao-da-revista-mpc-pr-aborda-desafios-da-gestao-publica-contemporanea\/","title":{"rendered":"Nova edi\u00e7\u00e3o da &#8220;Revista MPC-PR&#8221; aborda desafios da gest\u00e3o p\u00fablica contempor\u00e2nea"},"content":{"rendered":"<p>Publicada em 27 de junho, durante a&nbsp;<a href=\"https:\/\/www1.tce.pr.gov.br\/noticias\/mpc-pr-celebra-63-anos-com-momento-de-harmonia-e-colaboracao-junto-ao-tce-pr\/12309\/N\">cerim\u00f4nia de anivers\u00e1rio de 63 anos<\/a>&nbsp;do Minist\u00e9rio P\u00fablico de Contas do Estado do Paran\u00e1, a 21\u00aa edi\u00e7\u00e3o da&nbsp;<a href=\"https:\/\/revista.mpc.pr.gov.br\/index.php\/RMPCPR\"><em>Revista MPC-PR<\/em><\/a>&nbsp;traz 14 artigos in\u00e9ditos, de autoria de pesquisadores de diversas regi\u00f5es do Brasil, que abordam temas contempor\u00e2neos e multidisciplinares relacionados \u00e0 administra\u00e7\u00e3o p\u00fablica, Direito, pol\u00edticas p\u00fablicas e controle institucional.&nbsp;&nbsp;<\/p><p>Em 240 p\u00e1ginas, o peri\u00f3dico semestral visa refor\u00e7ar a miss\u00e3o constitucional do Minist\u00e9rio P\u00fablico brasileiro e seus diversos ramos, al\u00e9m de incentivar a pesquisa acad\u00eamica multidisciplinar. O volume atual correspondente aos meses de janeiro a junho de 2025.<\/p><p>A edi\u00e7\u00e3o 21 da&nbsp;<em>Revista MPC-PR<\/em>&nbsp;aborda os seguintes assuntos: pol\u00edticas p\u00fablicas de saneamento; legitimidade democr\u00e1tica; responsabilidade do Estado em crimes licitat\u00f3rios; inclus\u00e3o de pessoas com Transtorno do Espectro Autista (TEA); Termo de Ajustamento de Gest\u00e3o (TAG); execu\u00e7\u00e3o fiscal; limita\u00e7\u00f5es ao poder de reforma constitucional; liberdade religiosa;&nbsp;<em>accountability social<\/em>; responsabilidade civil m\u00e9dica; planejamento estatal; responsabilidade administrativa; dispensa de licita\u00e7\u00e3o; e descaracteriza\u00e7\u00e3o de dados pessoais.&nbsp; &nbsp;&nbsp;&nbsp;<\/p><p><strong>Como publicar<\/strong><\/p><p>O Conselho Editorial do MPC-PR convida bachar\u00e9is em Direito, estudantes de cursos de especializa\u00e7\u00e3o, mestrado e doutorado, alinhados \u00e0s disciplinas de Direito Administrativo, Direito Constitucional, Direito Financeiro, Direito Econ\u00f4mico, Pol\u00edticas P\u00fablicas e Planejamento, a apresentarem artigos para as pr\u00f3ximas edi\u00e7\u00f5es da revista.<\/p><p>Os trabalhos devem ser enviados por meio do&nbsp;<a href=\"https:\/\/revista.mpc.pr.gov.br\/index.php\/RMPCPR\/issue\/view\/24\">site da revista<\/a>, no campo&nbsp;<em>Enviar Submiss\u00e3o<\/em>. Para tanto, basta fazer um simples cadastro no site e seguir as etapas que ser\u00e3o indicadas. Confira aqui as&nbsp;<a href=\"https:\/\/revista.mpc.pr.gov.br\/index.php\/RMPCPR\/information\/authors.\">Diretrizes para Autores<\/a>, contendo todas as orienta\u00e7\u00f5es para a submiss\u00e3o.<\/p><p>Todos os artigos da&nbsp;<em>Revista MPC-PR<\/em>&nbsp;passam por um processo de dupla revis\u00e3o cega por pares, garantindo a imparcialidade e qualidade das publica\u00e7\u00f5es. Isso significa que, para que o artigo seja publicado, dever\u00e1 ser aprovado por dois avaliadores independentes, que n\u00e3o ter\u00e3o conhecimento sobre a autoria do texto. Da mesma forma, os autores n\u00e3o ter\u00e3o acesso \u00e0 identidade de seus avaliadores.<\/p><p>Atualmente a publica\u00e7\u00e3o possui qualifica\u00e7\u00e3o no Estrato B3, conforme avalia\u00e7\u00e3o do Qualis Peri\u00f3dicos promovida pela Coordena\u00e7\u00e3o de Aperfei\u00e7oamento de Pessoal de N\u00edvel Superior (Capes) em 2023.&nbsp;&nbsp;&nbsp;<\/p><p><strong>Servi\u00e7o<\/strong>&nbsp;&nbsp;<\/p><p><strong>Publica\u00e7\u00e3o:&nbsp;<\/strong><em>Revista do MPC-PR &#8211; 21\u00aa edi\u00e7\u00e3o<\/em>&nbsp;&nbsp;<\/p><p><strong>Periodicidade:&nbsp;<\/strong>semestral&nbsp;<\/p><p><strong>Site:&nbsp;<\/strong><a href=\"https:\/\/revista.mpc.pr.gov.br\/index.php\/RMPCPR\">https:\/\/revista.mpc.pr.gov.br\/index.php\/RMPCPR<\/a><\/p><p><strong>Informa\u00e7\u00f5es:<\/strong>&nbsp;<a href=\"mailto:revista@mpc.pr.gov.br\">revista@mpc.pr.gov.br<\/a><\/p><p><strong>Fonte:&nbsp;TCE\/PR<\/strong><\/p>\n    <div class=\"xs_social_share_widget xs_share_url after_content \t\tmain_content  wslu-style-1 wslu-share-box-shaped wslu-fill-colored wslu-none wslu-share-horizontal wslu-theme-font-no wslu-main_content\">\n\n\t\t\n        <ul>\n\t\t\t        <\/ul>\n    <\/div> \n","protected":false},"excerpt":{"rendered":"<p>Publicada em 27 de junho, durante a\u00a0cerim\u00f4nia de anivers\u00e1rio de 63 anos\u00a0do Minist\u00e9rio P\u00fablico de Contas do Estado do Paran\u00e1, a 21\u00aa edi\u00e7\u00e3o da\u00a0Revista MPC-PR\u00a0traz 14 artigos in\u00e9ditos, de autoria de pesquisadores de diversas regi\u00f5es do Brasil, que abordam temas contempor\u00e2neos e multidisciplinares relacionados \u00e0 administra\u00e7\u00e3o p\u00fablica, Direito, pol\u00edticas p\u00fablicas e controle institucional.\u00a0\u00a0<\/p>\n","protected":false},"author":5,"featured_media":0,"comment_status":"open","ping_status":"open","sticky":false,"template":"","format":"standard","meta":{"postBodyCss":"","postBodyMargin":[],"postBodyPadding":[],"postBodyBackground":{"backgroundType":"classic","gradient":""},"_price":"","_stock":"","_tribe_ticket_header":"","_tribe_default_ticket_provider":"","_tribe_ticket_capacity":"0","_ticket_start_date":"","_ticket_end_date":"","_tribe_ticket_show_description":"","_tribe_ticket_show_not_going":false,"_tribe_ticket_use_global_stock":"","_tribe_ticket_global_stock_level":"","_global_stock_mode":"","_global_stock_cap":"","_tribe_rsvp_for_event":"","_tribe_ticket_going_count":"","_tribe_ticket_not_going_count":"","_tribe_tickets_list":"[]","_tribe_ticket_has_attendee_info_fields":false,"footnotes":""},"categories":[46],"tags":[12904,12915,129,12908,1630,12916,391,4879,3641,12905,12911,12906,5406,3084,1909,12903,5939,12913,12912,2897,12909,12914,12917,9226,12910,12907,5081,6008,10224,6012],"class_list":["post-12962","post","type-post","status-publish","format-standard","hentry","category-noticias","tag-21a-edicao","tag-accountability-social","tag-administracao-publica","tag-crimes-licitatorios","tag-dados-pessoais","tag-descaracterizacao","tag-direito","tag-dispensa-de-licitacao","tag-execucao-fiscal","tag-gestao-publica-contemporanea","tag-inclusao-de-pessoas","tag-legitimidade-democratica","tag-liberdade-religiosa","tag-limitacoes","tag-ministerio-publico","tag-ministerio-publico-de-contas-do-estado-do-parana","tag-nova-edicao","tag-planejamento-estatal","tag-poder-de-reforma-constitucional","tag-politicas-publicas","tag-politicas-publicas-e-controle-institucional","tag-responsabilidade-administrativa","tag-responsabilidade-civil-medica","tag-responsabilidade-do-estado","tag-revista-mpc-pr","tag-saneamento","tag-tag","tag-tea","tag-termo-de-ajustamento-de-gestao","tag-transtorno-do-espectro-autista"],"acf":[],"_links":{"self":[{"href":"https:\/\/sgpsolucoes.com.br\/site\/wp-json\/wp\/v2\/posts\/12962"}],"collection":[{"href":"https:\/\/sgpsolucoes.com.br\/site\/wp-json\/wp\/v2\/posts"}],"about":[{"href":"https:\/\/sgpsolucoes.com.br\/site\/wp-json\/wp\/v2\/types\/post"}],"author":[{"embeddable":true,"href":"https:\/\/sgpsolucoes.com.br\/site\/wp-json\/wp\/v2\/users\/5"}],"replies":[{"embeddable":true,"href":"https:\/\/sgpsolucoes.com.br\/site\/wp-json\/wp\/v2\/comments?post=12962"}],"version-history":[{"count":0,"href":"https:\/\/sgpsolucoes.com.br\/site\/wp-json\/wp\/v2\/posts\/12962\/revisions"}],"wp:attachment":[{"href":"https:\/\/sgpsolucoes.com.br\/site\/wp-json\/wp\/v2\/media?parent=12962"}],"wp:term":[{"taxonomy":"category","embeddable":true,"href":"https:\/\/sgpsolucoes.com.br\/site\/wp-json\/wp\/v2\/categories?post=12962"},{"taxonomy":"post_tag","embeddable":true,"href":"https:\/\/sgpsolucoes.com.br\/site\/wp-json\/wp\/v2\/tags?post=12962"}],"curies":[{"name":"wp","href":"https:\/\/api.w.org\/{rel}","templated":true}]}}