{"id":12975,"date":"2025-07-16T15:21:08","date_gmt":"2025-07-16T18:21:08","guid":{"rendered":"https:\/\/sgpsolucoes.com.br\/site\/?p=12975"},"modified":"2025-07-16T15:21:09","modified_gmt":"2025-07-16T18:21:09","slug":"licenca-maternidade-so-comeca-apos-alta-hospitalar-em-caso-de-internacao","status":"publish","type":"post","link":"https:\/\/sgpsolucoes.com.br\/site\/licenca-maternidade-so-comeca-apos-alta-hospitalar-em-caso-de-internacao\/","title":{"rendered":"Licen\u00e7a maternidade s\u00f3 come\u00e7a ap\u00f3s alta hospitalar em caso de interna\u00e7\u00e3o"},"content":{"rendered":"<p><em><strong>Despacho presidencial, que inclui licen\u00e7a paternidade, vincula parecer da AGU a todos os \u00f3rg\u00e3os da administra\u00e7\u00e3o p\u00fablica federal<\/strong><\/em><\/p><p>Desde 11\/7, a Administra\u00e7\u00e3o P\u00fablica Federal passou a contar o prazo das licen\u00e7as maternidade e paternidade, em casos de interna\u00e7\u00e3o hospitalar, somente ap\u00f3s a alta do beb\u00ea ou da m\u00e3e, o que acontecer por \u00faltimo. A mudan\u00e7a \u00e9 fruto de parecer do advogado-geral da Uni\u00e3o (AGU), Jorge Messias, aprovado por&nbsp;<a href=\"https:\/\/www.in.gov.br\/en\/web\/dou\/-\/despacho-do-presidente-da-republica-641573288\" target=\"_blank\" rel=\"noreferrer noopener\">Despacho do Presidente da Rep\u00fablica publicado hoje no Di\u00e1rio Oficial da Uni\u00e3o (DOU)<\/a>.<\/p><p>O despacho presidencial confere ao parecer car\u00e1ter vinculante, o que torna a regra obrigat\u00f3ria para todos os \u00f3rg\u00e3os da Administra\u00e7\u00e3o P\u00fablica Federal, incluindo autarquias e funda\u00e7\u00f5es. Este \u00e9 o d\u00e9cimo parecer do AGU Jorge Messias aprovado pelo presidente Luiz In\u00e1cio Lula da Silva, e por isso recebe o nome de Parecer JM10, reproduzindo as iniciais do ministro.<\/p><p>Desenvolvido pela advogada da Uni\u00e3o Yasmin de Moura Dias, o parecer aponta a necessidade de prote\u00e7\u00e3o do direito em cen\u00e1rios de interna\u00e7\u00e3o do rec\u00e9m-nascido e\/ou da m\u00e3e tendo em vista as limita\u00e7\u00f5es inerentes ao ambiente hospitalar que restringem o conv\u00edvio familiar.<\/p><p>\u201cCom a publica\u00e7\u00e3o do despacho presidencial, passa a ser direito de todo servidor e de toda servidora p\u00fablica federal, bem como de militares, ter a contagem de sua licen\u00e7a-maternidade ou licen\u00e7a paternidade iniciada ap\u00f3s a alta do rec\u00e9m-nascido ou ap\u00f3s a alta da m\u00e3e, o que acontecer por \u00faltimo. \u00c9 importante destacar que o prazo da licen\u00e7a se prorroga, de forma a preservar os prazos previstos em lei\u201d, explica a advogada.<\/p><p>Conforme Yasmin, a AGU adotou uma postura proativa na defesa dos direitos dos servidores, protegendo tamb\u00e9m a fam\u00edlia, a maternidade, a paternidade e a inf\u00e2ncia. \u201cBuscou-se interpretar os direitos a licen\u00e7a maternidade e licen\u00e7a paternidade de forma a assegurar a m\u00e1xima efetividade de direitos fundamentais previstos na Constitui\u00e7\u00e3o, promovendo a conviv\u00eancia familiar, a prote\u00e7\u00e3o de seus membros e o fortalecimento dos v\u00ednculos afetivos\u201d, complementa.<\/p><p>Para a Advogada da Uni\u00e3o, \u00e9 importante perceber que por tr\u00e1s de cada processo existem pessoas, e a AGU, por meio da Consultoria-Geral da Uni\u00e3o (CGU), tem publicado uma s\u00e9rie de pareceres vinculantes que tutelam direitos previstos na Constitui\u00e7\u00e3o. \u201c\u00c9 a concretiza\u00e7\u00e3o de uma advocacia p\u00fablica proativa e que n\u00e3o mede esfor\u00e7os para proteger importantes direitos da popula\u00e7\u00e3o\u201d, ressalta.<\/p><p><strong>Garantia de direito<\/strong><\/p><p>O pedido que originou a mudan\u00e7a de entendimento foi feito pelo advogado da Uni\u00e3o Rafael Formolo, que solicitou a prorroga\u00e7\u00e3o da licen\u00e7a paternidade em raz\u00e3o da interna\u00e7\u00e3o hospitalar de sua filha, que permaneceu na UTI por 18 dias ap\u00f3s o nascimento. \u201cA partir do momento em que minha filha ficou na UTI, eu fiz um pedido administrativo para que fosse iniciada a minha licen\u00e7a a partir da alta da UTI\u201d, explica.<\/p><p>Ap\u00f3s o pedido de Rafael \u00e0 CGU, a situa\u00e7\u00e3o foi apreciada pelos \u00f3rg\u00e3os internos da AGU. Chegou-se, ent\u00e3o, \u00e0 possibilidade de o Poder P\u00fablico Federal adotar o que j\u00e1 havia sido consolidado pelo Supremo Tribunal Federal (STF) em rela\u00e7\u00e3o \u00e0 viabilidade do in\u00edcio das licen\u00e7as a partir da alta hospitalar &#8211; at\u00e9 ent\u00e3o, este entendimento n\u00e3o era aplicado na Administra\u00e7\u00e3o P\u00fablica Federal.<\/p><p>\u201cSomos eternamente gratos pela atua\u00e7\u00e3o dos colegas da AGU para proteger a fam\u00edlia. Com esse parecer, n\u00e3o s\u00f3 a minha fam\u00edlia estar\u00e1 protegida, como tamb\u00e9m as fam\u00edlias que se formam e passam por essa situa\u00e7\u00e3o\u201d, afirma Rafael Formolo.<\/p><p><strong>Fonte: Assessoria Especial de Comunica\u00e7\u00e3o Social da AGU<\/strong><\/p>\n    <div class=\"xs_social_share_widget xs_share_url after_content \t\tmain_content  wslu-style-1 wslu-share-box-shaped wslu-fill-colored wslu-none wslu-share-horizontal wslu-theme-font-no wslu-main_content\">\n\n\t\t\n        <ul>\n\t\t\t        <\/ul>\n    <\/div> \n","protected":false},"excerpt":{"rendered":"<p>Desde 11\/7, a Administra\u00e7\u00e3o P\u00fablica Federal passou a contar o prazo das licen\u00e7as maternidade e paternidade, em casos de interna\u00e7\u00e3o hospitalar, somente ap\u00f3s a alta do beb\u00ea ou da m\u00e3e, o que acontecer por \u00faltimo. A mudan\u00e7a \u00e9 fruto de parecer do advogado-geral da Uni\u00e3o (AGU), Jorge Messias, aprovado por\u00a0Despacho do Presidente da Rep\u00fablica publicado hoje no Di\u00e1rio Oficial da Uni\u00e3o (DOU).<\/p>\n","protected":false},"author":5,"featured_media":0,"comment_status":"open","ping_status":"open","sticky":false,"template":"","format":"standard","meta":{"postBodyCss":"","postBodyMargin":[],"postBodyPadding":[],"postBodyBackground":{"backgroundType":"classic","gradient":""},"_price":"","_stock":"","_tribe_ticket_header":"","_tribe_default_ticket_provider":"","_tribe_ticket_capacity":"0","_ticket_start_date":"","_ticket_end_date":"","_tribe_ticket_show_description":"","_tribe_ticket_show_not_going":false,"_tribe_ticket_use_global_stock":"","_tribe_ticket_global_stock_level":"","_global_stock_mode":"","_global_stock_cap":"","_tribe_rsvp_for_event":"","_tribe_ticket_going_count":"","_tribe_ticket_not_going_count":"","_tribe_tickets_list":"[]","_tribe_ticket_has_attendee_info_fields":false,"footnotes":""},"categories":[46],"tags":[129,382,6286,79,12955,12957,12946,1796,12950,1824,10799,12953,4512,12947,12952,12951,3004,12956,12948,12949,12954],"class_list":["post-12975","post","type-post","status-publish","format-standard","hentry","category-noticias","tag-administracao-publica","tag-administracao-publica-federal","tag-advogado-geral-da-uniao","tag-agu","tag-alta-da-mae","tag-alta-do-bebe","tag-alta-hospitalar","tag-autarquias","tag-despacho-presidencial","tag-fundacoes","tag-internacao","tag-internacao-hospitalar","tag-licenca","tag-licenca-maternidade-2","tag-licenca-paternidade-2","tag-maternidade","tag-orgaos-2","tag-parecer-carater-vinculante","tag-parecer-da-agu","tag-paternidade","tag-regra-obrigatoria"],"acf":[],"_links":{"self":[{"href":"https:\/\/sgpsolucoes.com.br\/site\/wp-json\/wp\/v2\/posts\/12975"}],"collection":[{"href":"https:\/\/sgpsolucoes.com.br\/site\/wp-json\/wp\/v2\/posts"}],"about":[{"href":"https:\/\/sgpsolucoes.com.br\/site\/wp-json\/wp\/v2\/types\/post"}],"author":[{"embeddable":true,"href":"https:\/\/sgpsolucoes.com.br\/site\/wp-json\/wp\/v2\/users\/5"}],"replies":[{"embeddable":true,"href":"https:\/\/sgpsolucoes.com.br\/site\/wp-json\/wp\/v2\/comments?post=12975"}],"version-history":[{"count":0,"href":"https:\/\/sgpsolucoes.com.br\/site\/wp-json\/wp\/v2\/posts\/12975\/revisions"}],"wp:attachment":[{"href":"https:\/\/sgpsolucoes.com.br\/site\/wp-json\/wp\/v2\/media?parent=12975"}],"wp:term":[{"taxonomy":"category","embeddable":true,"href":"https:\/\/sgpsolucoes.com.br\/site\/wp-json\/wp\/v2\/categories?post=12975"},{"taxonomy":"post_tag","embeddable":true,"href":"https:\/\/sgpsolucoes.com.br\/site\/wp-json\/wp\/v2\/tags?post=12975"}],"curies":[{"name":"wp","href":"https:\/\/api.w.org\/{rel}","templated":true}]}}