{"id":12982,"date":"2025-07-16T19:11:15","date_gmt":"2025-07-16T22:11:15","guid":{"rendered":"https:\/\/sgpsolucoes.com.br\/site\/?p=12982"},"modified":"2025-07-16T19:11:16","modified_gmt":"2025-07-16T22:11:16","slug":"stf-invalida-parte-da-lei-do-parana-que-instituiu-taxa-de-seguranca-preventiva","status":"publish","type":"post","link":"https:\/\/sgpsolucoes.com.br\/site\/stf-invalida-parte-da-lei-do-parana-que-instituiu-taxa-de-seguranca-preventiva\/","title":{"rendered":"STF invalida parte da lei do Paran\u00e1 que instituiu Taxa de Seguran\u00e7a Preventiva"},"content":{"rendered":"<p><em><strong>Para a Corte, alguns servi\u00e7os propostos na lei estadual s\u00e3o atividades t\u00edpicas de seguran\u00e7a p\u00fablica, cuja responsabilidade \u00e9 exclusiva do Estado<\/strong><\/em><\/p><p>O Plen\u00e1rio do Supremo Tribunal Federal (STF) invalidou trechos da lei do Paran\u00e1 que institui a cobran\u00e7a da Taxa de Seguran\u00e7a Preventiva (TSP) por servi\u00e7os prestados pelos \u00f3rg\u00e3os de seguran\u00e7a p\u00fablica estadual. A decis\u00e3o foi tomada no julgamento da A\u00e7\u00e3o Direta de Inconstitucionalidade&nbsp;<strong><a href=\"https:\/\/portal.stf.jus.br\/processos\/detalhe.asp?incidente=2380178\" target=\"_blank\" rel=\"noreferrer noopener\">(ADI) 3717<\/a><\/strong>&nbsp;, proposta pelo Conselho Federal da Ordem dos Advogados do Brasil (OAB), sess\u00e3o virtual encerrada em 30\/6.&nbsp;<\/p><p>De acordo com a Lei estadual 10.236\/1992, os impostos devem ser cobrados pela utiliza\u00e7\u00e3o ou pela disponibiliza\u00e7\u00e3o de servi\u00e7os a prejudiciais cujas atividades excluam medidas de vigil\u00e2ncia para preservar a ordem e a seguran\u00e7a p\u00fablica. Para a OAB, uma lei viola a Constitui\u00e7\u00e3o ao determinar a cobran\u00e7a adicional por servi\u00e7os que sejam inerentes \u00e0 seguran\u00e7a p\u00fablica, que devam ser custeados por impostos.<\/p><p>Em seu voto, o relator, ministro Nunes Marques, destacou que a seguran\u00e7a p\u00fablica \u00e9 dever do Estado, e este n\u00e3o pode se eximir de prest\u00e1-la com a justificativa de insufici\u00eancia de recursos. Segundo ele, o servi\u00e7o de seguran\u00e7a p\u00fablica tem natureza universal e \u00e9 prestado a toda a coletividade, ainda que o Estado tenha de fornecer condi\u00e7\u00f5es singulares a um determinado grupo.<\/p><p>Com base nesse entendimento, o ministro considerou inconstitucional a cobran\u00e7a do TSP nos casos em que a Pol\u00edcia Militar presta servi\u00e7os t\u00edpicos de policiamento ostensivo e supervisionado relacionados \u00e0 seguran\u00e7a de estabelecimentos banc\u00e1rios, comerciais e industriais, \u00f3rg\u00e3os de administra\u00e7\u00e3o p\u00fablica estadual, funda\u00e7\u00f5es e autarquias, al\u00e9m de respostas a sistemas de alarme.<\/p><p>Por outro lado, Nunes Marques obteve a possibilidade de cobran\u00e7a de taxas nas situa\u00e7\u00f5es em que os \u00f3rg\u00e3os de seguran\u00e7a exercem fun\u00e7\u00f5es administrativas espec\u00edficas e quantific\u00e1veis, como emiss\u00e3o de documentos, realiza\u00e7\u00e3o de exames ou cursos e fornecidos de forma autenticada, desde que respeitadas as garantias constitucionais. Por\u00e9m, mesmo nesses casos, seu voto exclui a possibilidade de cobran\u00e7a de impostos para expedi\u00e7\u00e3o de certid\u00f5es ou atestados exigidos para defesa de direitos ou para esclarecimento de situa\u00e7\u00f5es de interesse pessoal.<\/p><h5 class=\"wp-block-heading\"><strong>Eventos esportivos<\/strong><\/h5><p>A diverg\u00eancia entre os ministros ficou limitada \u00e0 cobran\u00e7a de impostos para seguran\u00e7a preventiva em eventos esportivos e de lazer pagos. Prevaleceu, nesse ponto, o entendimento do ministro Alexandre de Moraes de que \u00e9 constitucional a cobran\u00e7a, por se tratar de um servi\u00e7o espec\u00edfico e divis\u00edvel, prestado diretamente em benef\u00edcio dos organizadores de eventos com fins lucrativos.<\/p><p><strong>Fonte: STF<\/strong><\/p>\n    <div class=\"xs_social_share_widget xs_share_url after_content \t\tmain_content  wslu-style-1 wslu-share-box-shaped wslu-fill-colored wslu-none wslu-share-horizontal wslu-theme-font-no wslu-main_content\">\n\n\t\t\n        <ul>\n\t\t\t        <\/ul>\n    <\/div> \n","protected":false},"excerpt":{"rendered":"<p>O Plen\u00e1rio do Supremo Tribunal Federal (STF) invalidou trechos da lei do Paran\u00e1 que institui a cobran\u00e7a da Taxa de Seguran\u00e7a Preventiva (TSP) por servi\u00e7os prestados pelos \u00f3rg\u00e3os de seguran\u00e7a p\u00fablica estadual. A decis\u00e3o foi tomada no julgamento da A\u00e7\u00e3o Direta de Inconstitucionalidade\u00a0(ADI) 3717\u00a0, proposta pelo Conselho Federal da Ordem dos Advogados do Brasil (OAB), sess\u00e3o virtual encerrada em 30\/6.\u00a0<\/p>\n","protected":false},"author":5,"featured_media":0,"comment_status":"open","ping_status":"open","sticky":false,"template":"","format":"standard","meta":{"postBodyCss":"","postBodyMargin":[],"postBodyPadding":[],"postBodyBackground":{"backgroundType":"classic","gradient":""},"_price":"","_stock":"","_tribe_ticket_header":"","_tribe_default_ticket_provider":"","_tribe_ticket_capacity":"0","_ticket_start_date":"","_ticket_end_date":"","_tribe_ticket_show_description":"","_tribe_ticket_show_not_going":false,"_tribe_ticket_use_global_stock":"","_tribe_ticket_global_stock_level":"","_global_stock_mode":"","_global_stock_cap":"","_tribe_rsvp_for_event":"","_tribe_ticket_going_count":"","_tribe_ticket_not_going_count":"","_tribe_tickets_list":"[]","_tribe_ticket_has_attendee_info_fields":false,"footnotes":""},"categories":[46],"tags":[1054,12964,7925,12961,466,1645,1055,12965,7926,3004,12960,351,9226,2205,2634,347,348,12962,12963],"class_list":["post-12982","post","type-post","status-publish","format-standard","hentry","category-noticias","tag-acao-direta-de-inconstitucionalidade","tag-adi-3717","tag-conselho-federal-da-ordem-dos-advogados-do-brasil","tag-corte-lei-estadual","tag-impostos","tag-invalida","tag-lei-do-parana","tag-lei-estadual-10-236-1992","tag-oab","tag-orgaos-2","tag-parte","tag-plenario","tag-responsabilidade-do-estado","tag-seguranca-publica","tag-seguranca-publica-estadual","tag-stf","tag-supremo-tribunal-federal","tag-taxa-de-seguranca-preventiva","tag-tsp"],"acf":[],"_links":{"self":[{"href":"https:\/\/sgpsolucoes.com.br\/site\/wp-json\/wp\/v2\/posts\/12982"}],"collection":[{"href":"https:\/\/sgpsolucoes.com.br\/site\/wp-json\/wp\/v2\/posts"}],"about":[{"href":"https:\/\/sgpsolucoes.com.br\/site\/wp-json\/wp\/v2\/types\/post"}],"author":[{"embeddable":true,"href":"https:\/\/sgpsolucoes.com.br\/site\/wp-json\/wp\/v2\/users\/5"}],"replies":[{"embeddable":true,"href":"https:\/\/sgpsolucoes.com.br\/site\/wp-json\/wp\/v2\/comments?post=12982"}],"version-history":[{"count":0,"href":"https:\/\/sgpsolucoes.com.br\/site\/wp-json\/wp\/v2\/posts\/12982\/revisions"}],"wp:attachment":[{"href":"https:\/\/sgpsolucoes.com.br\/site\/wp-json\/wp\/v2\/media?parent=12982"}],"wp:term":[{"taxonomy":"category","embeddable":true,"href":"https:\/\/sgpsolucoes.com.br\/site\/wp-json\/wp\/v2\/categories?post=12982"},{"taxonomy":"post_tag","embeddable":true,"href":"https:\/\/sgpsolucoes.com.br\/site\/wp-json\/wp\/v2\/tags?post=12982"}],"curies":[{"name":"wp","href":"https:\/\/api.w.org\/{rel}","templated":true}]}}