{"id":12993,"date":"2025-07-17T17:13:18","date_gmt":"2025-07-17T20:13:18","guid":{"rendered":"https:\/\/sgpsolucoes.com.br\/site\/?p=12993"},"modified":"2025-07-17T17:14:19","modified_gmt":"2025-07-17T20:14:19","slug":"stf-restabelece-parcialmente-decreto-que-eleva-aliquotas-do-iof","status":"publish","type":"post","link":"https:\/\/sgpsolucoes.com.br\/site\/stf-restabelece-parcialmente-decreto-que-eleva-aliquotas-do-iof\/","title":{"rendered":"STF restabelece parcialmente decreto que eleva al\u00edquotas do IOF\u00a0"},"content":{"rendered":"<p><em><strong>Ministro Alexandre de Moraes manteve suspens\u00e3o apenas quanto \u00e0 incid\u00eancia do imposto sobre opera\u00e7\u00f5es de \u201crisco sacado\u201d<\/strong><\/em><\/p><p>O ministro Alexandre de Moraes, do Supremo Tribunal Federal (STF), restabeleceu parcialmente a validade do decreto do presidente da Rep\u00fablica que elevou as al\u00edquotas do Imposto sobre Opera\u00e7\u00f5es Financeiras (IOF). A suspens\u00e3o foi mantida apenas no trecho que trata da incid\u00eancia do IOF sobre as chamadas opera\u00e7\u00f5es de \u201crisco sacado\u201d. Segundo o ministro, n\u00e3o houve desvio de finalidade no aumento das al\u00edquotas pelo governo federal.&nbsp;<\/p><p>A decis\u00e3o liminar foi dada de forma conjunta na A\u00e7\u00e3o Declarat\u00f3ria de Constitucionalidade&nbsp;<a href=\"https:\/\/portal.stf.jus.br\/processos\/detalhe.asp?incidente=7303647\"><strong>(ADC) 96<\/strong><\/a>&nbsp;e nas A\u00e7\u00f5es Diretas de Inconstitucionalidade (ADIs)&nbsp;<a href=\"https:\/\/portal.stf.jus.br\/processos\/detalhe.asp?incidente=7280244\"><strong>7827<\/strong><\/a>&nbsp;e&nbsp;<a href=\"https:\/\/portal.stf.jus.br\/processos\/detalhe.asp?incidente=7301260\"><strong>7839<\/strong><\/a>. Todos de relatoria do ministro, os processos foram movidos pelo presidente da Rep\u00fablica, pelo Partido Liberal (PL) e pelo Partido Socialismo e Liberdade (PSOL). A determina\u00e7\u00e3o ser\u00e1 analisada pelo Plen\u00e1rio do Supremo, em data a ser definida.&nbsp;&nbsp;<\/p><h5 class=\"wp-block-heading\"><strong>Hist\u00f3rico<\/strong><\/h5><p>O presidente Luiz In\u00e1cio Lula da Silva aumentou o imposto por meio de decreto. Em 25 de junho, o Congresso Nacional aprovou um decreto legislativo que sustou os efeitos do decreto presidencial. As duas normas foram questionadas no STF: o PL pediu a declara\u00e7\u00e3o da inconstitucionalidade do decreto presidencial, enquanto o PSOL pediu o mesmo em rela\u00e7\u00e3o ao decreto legislativo. O presidente da Rep\u00fablica, por sua vez, pediu que o Supremo validasse a norma que aumentou as al\u00edquotas.<\/p><p>O relator conduziu uma audi\u00eancia de concilia\u00e7\u00e3o na ter\u00e7a-feira (15) para tratar do tema. Na ocasi\u00e3o, representantes da Uni\u00e3o, do Senado Federal, da C\u00e2mara dos Deputados e dos partidos autores das a\u00e7\u00f5es n\u00e3o chegaram a um acordo e manifestaram interesse em aguardar a decis\u00e3o judicial.&nbsp;<\/p><h5 class=\"wp-block-heading\"><strong>Decreto presidencial<\/strong><\/h5><p>Na decis\u00e3o, o ministro Alexandre de Moraes disse que, na altera\u00e7\u00e3o das al\u00edquotas e na incid\u00eancia do IOF em entidades abertas de previd\u00eancia complementar e outras entidades equiparadas a institui\u00e7\u00f5es financeiras, n\u00e3o houve desvio de finalidade. Segundo ele, a norma \u00e9 semelhante a decretos anteriores com aumento do imposto editados nos governos Lula, Fernando Henrique Cardoso e Jair Bolsonaro e que foram validados pelo STF. O relator determinou a volta da efic\u00e1cia do decreto desde a sua edi\u00e7\u00e3o, em 11 de junho.<\/p><p>Com rela\u00e7\u00e3o \u00e0s opera\u00e7\u00f5es de risco sacado, o relator esclareceu que esta \u00e9 uma forma de antecipa\u00e7\u00e3o de direitos de cr\u00e9dito (receb\u00edveis). Trata-se, portanto, de uma rela\u00e7\u00e3o comercial, ou seja, n\u00e3o h\u00e1 obriga\u00e7\u00e3o financeira perante institui\u00e7\u00e3o banc\u00e1ria nem opera\u00e7\u00e3o definida como \u201cde cr\u00e9dito\u201d, mas sim capta\u00e7\u00e3o de recursos a partir de liquida\u00e7\u00e3o de ativos pr\u00f3prios.&nbsp;<\/p><p>Nesse ponto, o ministro considera que o decreto presidencial, ao equiparar as opera\u00e7\u00f5es de risco sacado com as opera\u00e7\u00f5es de cr\u00e9dito, inovou sobre as hip\u00f3teses de incid\u00eancia do IOF. Portanto, foi al\u00e9m do poder do chefe do Executivo de regulamentar as al\u00edquotas do tributo.&nbsp;<\/p><h5 class=\"wp-block-heading\"><strong>Decreto legislativo<\/strong><\/h5><p>Em rela\u00e7\u00e3o ao decreto legislativo, o relator considerou a norma cab\u00edvel apenas em rela\u00e7\u00e3o ao risco sacado, pois, nesse ponto, o decreto presidencial extravasou o poder regulamentar do chefe do Executivo, invadindo mat\u00e9ria reservada \u00e0 lei. Essa circunst\u00e2ncia permite&nbsp;a atua\u00e7\u00e3o do Congresso Nacional para sust\u00e1-lo.<\/p><p>Leia a&nbsp;<strong><a href=\"https:\/\/portal.stf.jus.br\/processos\/downloadPeca.asp?id=15378516257&amp;ext=.pdf\" target=\"_blank\" rel=\"noreferrer noopener\">\u00edntegra da decis\u00e3o<\/a><\/strong>.<\/p><p><strong>Fonte: STF<\/strong><\/p>\n    <div class=\"xs_social_share_widget xs_share_url after_content \t\tmain_content  wslu-style-1 wslu-share-box-shaped wslu-fill-colored wslu-none wslu-share-horizontal wslu-theme-font-no wslu-main_content\">\n\n\t\t\n        <ul>\n\t\t\t        <\/ul>\n    <\/div> \n","protected":false},"excerpt":{"rendered":"<p>O ministro Alexandre de Moraes, do Supremo Tribunal Federal (STF), restabeleceu parcialmente a validade do decreto do presidente da Rep\u00fablica que elevou as al\u00edquotas do Imposto sobre Opera\u00e7\u00f5es Financeiras (IOF). A suspens\u00e3o foi mantida apenas no trecho que trata da incid\u00eancia do IOF sobre as chamadas opera\u00e7\u00f5es de \u201crisco sacado\u201d. Segundo o ministro, n\u00e3o houve desvio de finalidade no aumento das al\u00edquotas pelo governo federal.\u00a0<\/p>\n","protected":false},"author":5,"featured_media":0,"comment_status":"open","ping_status":"open","sticky":false,"template":"","format":"standard","meta":{"postBodyCss":"","postBodyMargin":[],"postBodyPadding":[],"postBodyBackground":{"backgroundType":"classic","gradient":""},"_price":"","_stock":"","_tribe_ticket_header":"","_tribe_default_ticket_provider":"","_tribe_ticket_capacity":"0","_ticket_start_date":"","_ticket_end_date":"","_tribe_ticket_show_description":"","_tribe_ticket_show_not_going":false,"_tribe_ticket_use_global_stock":"","_tribe_ticket_global_stock_level":"","_global_stock_mode":"","_global_stock_cap":"","_tribe_rsvp_for_event":"","_tribe_ticket_going_count":"","_tribe_ticket_not_going_count":"","_tribe_tickets_list":"[]","_tribe_ticket_has_attendee_info_fields":false,"footnotes":""},"categories":[46],"tags":[12264,1054,12982,10950,12986,3779,425,6636,64,524,1377,10947,582,10946,1835,9439,3543,12981,12980,10944,12983,1184,351,2835,12985,12984,347,1778,348,3117],"class_list":["post-12993","post","type-post","status-publish","format-standard","hentry","category-noticias","tag-acao-declaratoria-de-constitucionalidade","tag-acao-direta-de-inconstitucionalidade","tag-adc-96","tag-adi-7827","tag-adi-7839","tag-alexandre-de-moraes","tag-aliquota","tag-aliquotas","tag-decreto","tag-governo-federal","tag-imposto","tag-imposto-sobre-operacoes-financeiras","tag-incidencia","tag-iof","tag-liminar","tag-ministro-alexandre-de-moraes","tag-operacoes","tag-operacoes-de-risco-sacado","tag-parcialmente","tag-partido-liberal","tag-partido-socialismo-e-liberdade","tag-pl","tag-plenario","tag-presidente-da-republica","tag-psol","tag-risco-sacado","tag-stf","tag-supremo","tag-supremo-tribunal-federal","tag-suspensao"],"acf":[],"_links":{"self":[{"href":"https:\/\/sgpsolucoes.com.br\/site\/wp-json\/wp\/v2\/posts\/12993"}],"collection":[{"href":"https:\/\/sgpsolucoes.com.br\/site\/wp-json\/wp\/v2\/posts"}],"about":[{"href":"https:\/\/sgpsolucoes.com.br\/site\/wp-json\/wp\/v2\/types\/post"}],"author":[{"embeddable":true,"href":"https:\/\/sgpsolucoes.com.br\/site\/wp-json\/wp\/v2\/users\/5"}],"replies":[{"embeddable":true,"href":"https:\/\/sgpsolucoes.com.br\/site\/wp-json\/wp\/v2\/comments?post=12993"}],"version-history":[{"count":0,"href":"https:\/\/sgpsolucoes.com.br\/site\/wp-json\/wp\/v2\/posts\/12993\/revisions"}],"wp:attachment":[{"href":"https:\/\/sgpsolucoes.com.br\/site\/wp-json\/wp\/v2\/media?parent=12993"}],"wp:term":[{"taxonomy":"category","embeddable":true,"href":"https:\/\/sgpsolucoes.com.br\/site\/wp-json\/wp\/v2\/categories?post=12993"},{"taxonomy":"post_tag","embeddable":true,"href":"https:\/\/sgpsolucoes.com.br\/site\/wp-json\/wp\/v2\/tags?post=12993"}],"curies":[{"name":"wp","href":"https:\/\/api.w.org\/{rel}","templated":true}]}}