{"id":13003,"date":"2025-07-17T17:39:54","date_gmt":"2025-07-17T20:39:54","guid":{"rendered":"https:\/\/sgpsolucoes.com.br\/site\/?p=13003"},"modified":"2025-07-17T17:39:55","modified_gmt":"2025-07-17T20:39:55","slug":"mantida-condenacao-de-ex-prefeito-de-marica-rj-por-fechamento-de-aerodromo-em-2013","status":"publish","type":"post","link":"https:\/\/sgpsolucoes.com.br\/site\/mantida-condenacao-de-ex-prefeito-de-marica-rj-por-fechamento-de-aerodromo-em-2013\/","title":{"rendered":"Mantida condena\u00e7\u00e3o de ex-prefeito de Maric\u00e1 (RJ) por fechamento de aer\u00f3dromo em 2013"},"content":{"rendered":"<p>\u200bEntendendo que houve criteriosa an\u00e1lise das provas e correta aplica\u00e7\u00e3o da lei, o desembargador convocado do Superior Tribunal de Justi\u00e7a (STJ) Carlos Cini Marchionatti manteve a condena\u00e7\u00e3o de Washington Luiz Cardoso Siqueira, ex-prefeito de Maric\u00e1 (RJ), a tr\u00eas anos, dois meses e 15 dias de&nbsp;reclus\u00e3o, no regime inicial aberto, por expor aeronaves a perigo ao fechar o aer\u00f3dromo do munic\u00edpio em 2013.<\/p><p>De acordo com a&nbsp;den\u00fancia&nbsp;do Minist\u00e9rio P\u00fablico Federal, em 2012, o ent\u00e3o prefeito firmou conv\u00eanio com a Uni\u00e3o para a explora\u00e7\u00e3o do aer\u00f3dromo e passou a arcar com as despesas de administra\u00e7\u00e3o, opera\u00e7\u00e3o, reforma e amplia\u00e7\u00e3o.<\/p><p>Posteriormente, o prefeito editou um decreto determinando o fechamento do aer\u00f3dromo de Maric\u00e1 para pousos e decolagens por prazo indeterminado, sem o conhecimento dos \u00f3rg\u00e3os respons\u00e1veis pelo tr\u00e1fego a\u00e9reo. Seu objetivo seria impedir que escolas de treinamento e empresas de manuten\u00e7\u00e3o de aeronaves, entre outras, seguissem atuando no aer\u00f3dromo.<\/p><p>Entre as medidas adotadas estavam o fechamento dos port\u00f5es de acesso ao local, inclusive aos hangares, e o bloqueio da pista com viaturas da guarda municipal. Segundo a acusa\u00e7\u00e3o, aeronaves foram impedidas de pousar ou s\u00f3 o fizeram depois de novas tentativas e ap\u00f3s arremeterem devido \u00e0 presen\u00e7a de viaturas na pista de pouso.<\/p><h2 class=\"wp-block-heading\">Conduta teve potencial para colocar em risco a navega\u00e7\u00e3o a\u00e9rea<\/h2><p>No recurso ao STJ, a defesa do ex-prefeito sustentou, entre outros pontos, que a Justi\u00e7a Federal n\u00e3o seria competente para julgar o caso, que trataria de incolumidade p\u00fablica, e n\u00e3o de transporte a\u00e9reo. Al\u00e9m disso, alegou atipicidade da conduta, uma vez que o tipo penal do&nbsp;<a href=\"https:\/\/www.planalto.gov.br\/ccivil_03\/decreto-lei\/del2848.htm#art261\">artigo 261 do C\u00f3digo Penal<\/a>&nbsp;exige que a aeronave exposta a perigo seja voltada para o transporte coletivo de pessoas, e n\u00e3o para uso particular, como no caso.<\/p><p>De acordo com o relator, desembargador convocado Carlos Cini Marchionatti, o Tribunal Regional Federal da 2\u00aa Regi\u00e3o concluiu que a acusa\u00e7\u00e3o tratou de atos que afetaram um n\u00famero indeterminado de aeronaves e comprometeram o sistema de navega\u00e7\u00e3o a\u00e9rea, cuja seguran\u00e7a \u00e9 da&nbsp;compet\u00eancia&nbsp;da Uni\u00e3o.<\/p><p>&#8220;Se a conduta tiver potencial de afetar ou colocar em risco o sistema de navega\u00e7\u00e3o a\u00e9rea, ainda que n\u00e3o em todo o territ\u00f3rio nacional, mas colocando em risco uma s\u00e9rie de aeronaves ou embarca\u00e7\u00f5es, al\u00e9m de seus passageiros e tripulantes, exsurgir\u00e1 o interesse da Uni\u00e3o e a&nbsp;compet\u00eancia&nbsp;da Justi\u00e7a Federal para o julgamento do processo&#8221;, disse.<\/p><p>Em rela\u00e7\u00e3o \u00e0&nbsp;tipicidade&nbsp;do crime previsto no artigo 261 do C\u00f3digo Penal, o relator observou que n\u00e3o h\u00e1 sentido nas alega\u00e7\u00f5es da defesa, uma vez que a lei n\u00e3o exige que a aeronave exposta a perigo seja destinada ao transporte coletivo de pessoas.<\/p><p>Marchionatti tamb\u00e9m fez pondera\u00e7\u00f5es a respeito da&nbsp;dosimetria da pena&nbsp;e concluiu que o amplo conhecimento do ex-chefe do Executivo a respeito das normas legais e administrativas, bem como o envolvimento de um farto aparato municipal no caso, justificaram o aumento da pena-base pelas inst\u00e2ncias ordin\u00e1rias.<\/p><p><a href=\"https:\/\/processo.stj.jus.br\/processo\/dj\/documento\/mediado\/?tipo_documento=documento&amp;componente=MON&amp;sequencial=322180670&amp;tipo_documento=documento&amp;num_registro=202403061287&amp;data=20250702&amp;formato=PDF\">Leia o ac\u00f3rd\u00e3o no REsp 2.164.185<\/a>.<\/p><p><strong>Esta not\u00edcia refere-se ao(s)&nbsp;<\/strong><strong>processo(s):<\/strong><strong> <\/strong><strong><a href=\"https:\/\/ww2.stj.jus.br\/processo\/pesquisa\/?aplicacao=processos.ea&amp;tipoPesquisa=tipoPesquisaGenerica&amp;termo=REsp%202164185\">REsp 2164185<\/a><\/strong><strong><\/strong><\/p><p><strong>Fonte: STJ<\/strong><\/p>\n    <div class=\"xs_social_share_widget xs_share_url after_content \t\tmain_content  wslu-style-1 wslu-share-box-shaped wslu-fill-colored wslu-none wslu-share-horizontal wslu-theme-font-no wslu-main_content\">\n\n\t\t\n        <ul>\n\t\t\t        <\/ul>\n    <\/div> \n","protected":false},"excerpt":{"rendered":"<p>\u200bEntendendo que houve criteriosa an\u00e1lise das provas e correta aplica\u00e7\u00e3o da lei, o desembargador convocado do Superior Tribunal de Justi\u00e7a (STJ) Carlos Cini Marchionatti manteve a condena\u00e7\u00e3o de Washington Luiz Cardoso Siqueira, ex-prefeito de Maric\u00e1 (RJ), a tr\u00eas anos, dois meses e 15 dias de\u00a0reclus\u00e3o, no regime inicial aberto, por expor aeronaves a perigo ao fechar o aer\u00f3dromo do munic\u00edpio em 2013.<\/p>\n","protected":false},"author":5,"featured_media":0,"comment_status":"open","ping_status":"open","sticky":false,"template":"","format":"standard","meta":{"postBodyCss":"","postBodyMargin":[],"postBodyPadding":[],"postBodyBackground":{"backgroundType":"classic","gradient":""},"_price":"","_stock":"","_tribe_ticket_header":"","_tribe_default_ticket_provider":"","_tribe_ticket_capacity":"0","_ticket_start_date":"","_ticket_end_date":"","_tribe_ticket_show_description":"","_tribe_ticket_show_not_going":false,"_tribe_ticket_use_global_stock":"","_tribe_ticket_global_stock_level":"","_global_stock_mode":"","_global_stock_cap":"","_tribe_rsvp_for_event":"","_tribe_ticket_going_count":"","_tribe_ticket_not_going_count":"","_tribe_tickets_list":"[]","_tribe_ticket_has_attendee_info_fields":false,"footnotes":""},"categories":[46],"tags":[375,13014,2745,3941,13008,2969,743,13013,64,726,1202,13015,13011,494,13005,13004,13016,13003,4993,460,4874,13007,13010,4383,1764,855,13006,229,230,13012,1627,13009],"class_list":["post-13003","post","type-post","status-publish","format-standard","hentry","category-noticias","tag-administracao","tag-aerodromo","tag-aeronaves","tag-ampliacao","tag-carlos-cini-marchionatti","tag-condenacao","tag-convenio","tag-decolagens","tag-decreto","tag-denuncia","tag-despesas","tag-empresas-de-manutencao-de-aeronaves","tag-escolas-de-treinamento","tag-ex-prefeito","tag-ex-prefeito-de-marica","tag-fechamento-de-aerodromo","tag-fechamento-do-aerodromo","tag-marica","tag-ministerio-publico-federal","tag-municipio-2","tag-operacao","tag-perigo","tag-pousos","tag-prazo-indeterminado","tag-prefeito","tag-reforma","tag-regime-aberto","tag-stj","tag-superior-tribunal-de-justica","tag-trafego-aereo","tag-uniao","tag-washington-luiz-cardoso-siqueira"],"acf":[],"_links":{"self":[{"href":"https:\/\/sgpsolucoes.com.br\/site\/wp-json\/wp\/v2\/posts\/13003"}],"collection":[{"href":"https:\/\/sgpsolucoes.com.br\/site\/wp-json\/wp\/v2\/posts"}],"about":[{"href":"https:\/\/sgpsolucoes.com.br\/site\/wp-json\/wp\/v2\/types\/post"}],"author":[{"embeddable":true,"href":"https:\/\/sgpsolucoes.com.br\/site\/wp-json\/wp\/v2\/users\/5"}],"replies":[{"embeddable":true,"href":"https:\/\/sgpsolucoes.com.br\/site\/wp-json\/wp\/v2\/comments?post=13003"}],"version-history":[{"count":0,"href":"https:\/\/sgpsolucoes.com.br\/site\/wp-json\/wp\/v2\/posts\/13003\/revisions"}],"wp:attachment":[{"href":"https:\/\/sgpsolucoes.com.br\/site\/wp-json\/wp\/v2\/media?parent=13003"}],"wp:term":[{"taxonomy":"category","embeddable":true,"href":"https:\/\/sgpsolucoes.com.br\/site\/wp-json\/wp\/v2\/categories?post=13003"},{"taxonomy":"post_tag","embeddable":true,"href":"https:\/\/sgpsolucoes.com.br\/site\/wp-json\/wp\/v2\/tags?post=13003"}],"curies":[{"name":"wp","href":"https:\/\/api.w.org\/{rel}","templated":true}]}}