{"id":13006,"date":"2025-07-17T17:45:17","date_gmt":"2025-07-17T20:45:17","guid":{"rendered":"https:\/\/sgpsolucoes.com.br\/site\/?p=13006"},"modified":"2025-07-17T17:45:18","modified_gmt":"2025-07-17T20:45:18","slug":"tribunal-determina-reserva-de-vaga-em-brasilia-para-candidato-do-cnu-preterido-na-escolha-de-lotacao","status":"publish","type":"post","link":"https:\/\/sgpsolucoes.com.br\/site\/tribunal-determina-reserva-de-vaga-em-brasilia-para-candidato-do-cnu-preterido-na-escolha-de-lotacao\/","title":{"rendered":"Tribunal determina reserva de vaga em Bras\u00edlia para candidato do CNU preterido na escolha de lota\u00e7\u00e3o"},"content":{"rendered":"<p>\u200bO vice-presidente do Superior Tribunal de Justi\u00e7a (STJ), ministro Luis Felipe Salom\u00e3o, no exerc\u00edcio da presid\u00eancia, determinou a reserva de vaga em Bras\u00edlia para um candidato do Concurso P\u00fablico Unificado (CNU) que foi preterido na escolha de lota\u00e7\u00e3o para o cargo de analista de tecnologia do Minist\u00e9rio da Ci\u00eancia, Tecnologia e Inova\u00e7\u00e3o (MCTI).<\/p><p>Ao conceder a&nbsp;liminar&nbsp;em&nbsp;mandado de seguran\u00e7a, o ministro avaliou que houve desrespeito \u00e0 regra prevista nos editais do concurso segundo a qual o primeiro crit\u00e9rio para lota\u00e7\u00e3o seria, preferencialmente, a cidade de resid\u00eancia do candidato. No caso, ele se classificou na 65\u00aa posi\u00e7\u00e3o e fez a op\u00e7\u00e3o para permanecer em Bras\u00edlia, cidade onde&nbsp;mora. No entanto, ele foi lotado em Cuiab\u00e1, embora houvesse candidato classificado em posi\u00e7\u00e3o inferior \u00e0 sua que foi designado para a capital federal.<\/p><p>Segundo o ministro, ap\u00f3s a homologa\u00e7\u00e3o do concurso, o \u00f3rg\u00e3o respons\u00e1vel pela gest\u00e3o de pessoal encaminhou&nbsp;<em>email<\/em>&nbsp;aos candidatos com um question\u00e1rio sobre a prefer\u00eancia de lota\u00e7\u00e3o, que subsidiaria o preenchimento das vagas. Por\u00e9m, mesmo informando que seria dada prefer\u00eancia aos aprovados que moravam na cidade onde havia vaga, a administra\u00e7\u00e3o p\u00fablica n\u00e3o conseguiu demonstrar por que o candidato n\u00e3o foi lotado em Bras\u00edlia.<\/p><p>&#8220;Dessa forma, em ju\u00edzo de cogni\u00e7\u00e3o sum\u00e1ria, verifica-se que houve aparente preteri\u00e7\u00e3o da ordem na escolha da lota\u00e7\u00e3o, bem como ofensa aos princ\u00edpios da isonomia e da vincula\u00e7\u00e3o ao instrumento convocat\u00f3rio, uma vez que o impetrante apresentou prefer\u00eancia por ser lotado em Bras\u00edlia, cidade onde atualmente reside&#8221;, destacou o vice-presidente.<\/p><h2 class=\"wp-block-heading\">Edital deve observar ordem de classifica\u00e7\u00e3o do concurso p\u00fablico<\/h2><p>Luis Felipe Salom\u00e3o citou ainda precedentes da corte e do Supremo Tribunal Federal no sentido de que a administra\u00e7\u00e3o n\u00e3o tem discricionariedade quanto \u00e0 convoca\u00e7\u00e3o de aprovados em concurso, havendo o direito subjetivo do candidato \u00e0 nomea\u00e7\u00e3o quando se constatar que foi preterido por n\u00e3o observ\u00e2ncia da ordem de classifica\u00e7\u00e3o.<\/p><p>Com esses fundamentos, o ministro ordenou que sejam tomadas as medidas cab\u00edveis para reserva da vaga em Bras\u00edlia, &#8220;impedindo, assim, eventual perda do direito \u00e0 posse em raz\u00e3o da inobserv\u00e2ncia do prazo previsto no&nbsp;<a href=\"https:\/\/www.planalto.gov.br\/ccivil_03\/leis\/l8112cons.htm#art13%C2%A71\">par\u00e1grafo 1\u00ba do artigo 13 da Lei 8.112\/1990<\/a>&#8220;, concluiu.<\/p><p>O&nbsp;m\u00e9rito&nbsp;do&nbsp;mandado de seguran\u00e7a&nbsp;ainda ser\u00e1 analisado pela Primeira Se\u00e7\u00e3o, sob relatoria da ministra Maria Thereza de Assis Moura.<\/p><p><strong>Esta not\u00edcia refere-se ao(s)&nbsp;<\/strong><strong>processo(s):<\/strong><strong> <\/strong><strong><a href=\"https:\/\/ww2.stj.jus.br\/processo\/pesquisa\/?aplicacao=processos.ea&amp;tipoPesquisa=tipoPesquisaGenerica&amp;termo=MS%2031442\">MS 31442<\/a><\/strong><strong><\/strong><\/p><p><strong>Fonte: STJ<\/strong><\/p>\n    <div class=\"xs_social_share_widget xs_share_url after_content \t\tmain_content  wslu-style-1 wslu-share-box-shaped wslu-fill-colored wslu-none wslu-share-horizontal wslu-theme-font-no wslu-main_content\">\n\n\t\t\n        <ul>\n\t\t\t        <\/ul>\n    <\/div> \n","protected":false},"excerpt":{"rendered":"<p>\u200bO vice-presidente do Superior Tribunal de Justi\u00e7a (STJ), ministro Luis Felipe Salom\u00e3o, no exerc\u00edcio da presid\u00eancia, determinou a reserva de vaga em Bras\u00edlia para um candidato do Concurso P\u00fablico Unificado (CNU) que foi preterido na escolha de lota\u00e7\u00e3o para o cargo de analista de tecnologia do Minist\u00e9rio da Ci\u00eancia, Tecnologia e Inova\u00e7\u00e3o (MCTI).<\/p>\n","protected":false},"author":5,"featured_media":0,"comment_status":"open","ping_status":"open","sticky":false,"template":"","format":"standard","meta":{"postBodyCss":"","postBodyMargin":[],"postBodyPadding":[],"postBodyBackground":{"backgroundType":"classic","gradient":""},"_price":"","_stock":"","_tribe_ticket_header":"","_tribe_default_ticket_provider":"","_tribe_ticket_capacity":"0","_ticket_start_date":"","_ticket_end_date":"","_tribe_ticket_show_description":"","_tribe_ticket_show_not_going":false,"_tribe_ticket_use_global_stock":"","_tribe_ticket_global_stock_level":"","_global_stock_mode":"","_global_stock_cap":"","_tribe_rsvp_for_event":"","_tribe_ticket_going_count":"","_tribe_ticket_not_going_count":"","_tribe_tickets_list":"[]","_tribe_ticket_has_attendee_info_fields":false,"footnotes":""},"categories":[46],"tags":[7460,2213,13023,13018,13022,544,13019,13024,13021,8140,13020,2493,13017,229,230,6042,597,5590,8576],"class_list":["post-13006","post","type-post","status-publish","format-standard","hentry","category-noticias","tag-brasilia","tag-candidato","tag-cargo-de-analista-de-tecnologia","tag-cnu","tag-concurso-publico-unificado","tag-inovacao","tag-lotacao","tag-mcti","tag-ministerio-da-ciencia","tag-ministro-luis-felipe-salomao","tag-preterido","tag-reserva","tag-reserva-de-vaga","tag-stj","tag-superior-tribunal-de-justica","tag-tecnologia","tag-tribunal","tag-vaga","tag-vice-presidente"],"acf":[],"_links":{"self":[{"href":"https:\/\/sgpsolucoes.com.br\/site\/wp-json\/wp\/v2\/posts\/13006"}],"collection":[{"href":"https:\/\/sgpsolucoes.com.br\/site\/wp-json\/wp\/v2\/posts"}],"about":[{"href":"https:\/\/sgpsolucoes.com.br\/site\/wp-json\/wp\/v2\/types\/post"}],"author":[{"embeddable":true,"href":"https:\/\/sgpsolucoes.com.br\/site\/wp-json\/wp\/v2\/users\/5"}],"replies":[{"embeddable":true,"href":"https:\/\/sgpsolucoes.com.br\/site\/wp-json\/wp\/v2\/comments?post=13006"}],"version-history":[{"count":0,"href":"https:\/\/sgpsolucoes.com.br\/site\/wp-json\/wp\/v2\/posts\/13006\/revisions"}],"wp:attachment":[{"href":"https:\/\/sgpsolucoes.com.br\/site\/wp-json\/wp\/v2\/media?parent=13006"}],"wp:term":[{"taxonomy":"category","embeddable":true,"href":"https:\/\/sgpsolucoes.com.br\/site\/wp-json\/wp\/v2\/categories?post=13006"},{"taxonomy":"post_tag","embeddable":true,"href":"https:\/\/sgpsolucoes.com.br\/site\/wp-json\/wp\/v2\/tags?post=13006"}],"curies":[{"name":"wp","href":"https:\/\/api.w.org\/{rel}","templated":true}]}}