{"id":13030,"date":"2025-07-18T14:48:15","date_gmt":"2025-07-18T17:48:15","guid":{"rendered":"https:\/\/sgpsolucoes.com.br\/site\/?p=13030"},"modified":"2025-07-18T14:48:16","modified_gmt":"2025-07-18T17:48:16","slug":"stf-suspende-eleicoes-suplementares-de-tucurui-pa","status":"publish","type":"post","link":"https:\/\/sgpsolucoes.com.br\/site\/stf-suspende-eleicoes-suplementares-de-tucurui-pa\/","title":{"rendered":"STF suspende elei\u00e7\u00f5es suplementares de Tucuru\u00ed (PA)"},"content":{"rendered":"<p><em><strong>Ministro Gilmar Mendes considerou plaus\u00edvel o argumento de que o registro do candidato eleito em 2024 foi indeferido ap\u00f3s mudan\u00e7a de entendimento do TSE<\/strong><\/em><\/p><p>O ministro Gilmar Mendes, do Supremo Tribunal Federal (STF), suspendeu a realiza\u00e7\u00e3o das elei\u00e7\u00f5es suplementares para a Prefeitura do Munic\u00edpio de Tucuru\u00ed (PA), marcadas para 3 de agosto. A liminar foi ferida na A\u00e7\u00e3o de Descumprimento de Preceito Fundamental&nbsp;<strong><a href=\"https:\/\/portal.stf.jus.br\/processos\/detalhe.asp?incidente=7279853\" target=\"_blank\" rel=\"noreferrer noopener\">(ADPF) 1233<\/a><\/strong>&nbsp;, apresentada pelo Movimento Democr\u00e1tico Brasileiro (MDB).<\/p><p>A a\u00e7\u00e3o diz respeito a Alexandre Siqueira, reeleito para a prefeitura em 2024. Ap\u00f3s vencer a elei\u00e7\u00e3o em 2020, ele teve o mandato cassado e foi declarado ineleg\u00edvel pelo Tribunal Regional Eleitoral (TRE-PA) por compra de votos e abuso de poder econ\u00f4mico. Ele recorreu dessa decis\u00e3o, e, em 2023, o Tribunal Superior Eleitoral (TSE) concedeu uma liminar que o autorizou a suspender no cargo at\u00e9 que o m\u00e9rito do recurso fosse julgado.<\/p><p>Em 2024, o registro de sua candidatura foi aceito pelo TRE-PA com o entendimento de que as declara\u00e7\u00f5es e a inelegibilidade estavam suspensas pela liminar do TSE. Contudo, em 2025, um corte eleitoral decidiu que um liminar anterior valia apenas para reconduzir o prefeito ao cargo, e que a suspens\u00e3o da inelegibilidade deveria ser objeto de um pedido pr\u00f3prio. Assim, indeferiu o registo da candidatura e determinou a realiza\u00e7\u00e3o das novas elei\u00e7\u00f5es.<\/p><p>Na ADPF, o MDB sustenta que o TSE alterou sua jurisdi\u00e7\u00e3o sobre o alcance do efeito suspensivo, e a aplica\u00e7\u00e3o da mudan\u00e7a ao caso de Siqueira viola o princ\u00edpio da anualidade eleitoral. De acordo com esse princ\u00edpio, uma norma que altera o processo eleitoral n\u00e3o se aplica \u00e0 elei\u00e7\u00e3o que ocorrer\u00e1 no primeiro ano de sua vig\u00eancia.&nbsp;<\/p><h5 class=\"wp-block-heading\"><strong>Plausibilidade do direito<\/strong><\/h5><p>O ministro Gilmar Mendes considerou plaus\u00edvel o argumento do partido de que o TSE inovou em rela\u00e7\u00e3o a sua jurisdi\u00e7\u00e3o anterior sobre o tema. A mudan\u00e7a de entendimento, segundo ele, exige a observ\u00e2ncia da anualidade. Mendes tamb\u00e9m lembrou que, nesta tese firmada no Tema 564 da repercuss\u00e3o geral, o STF define que a decis\u00e3o do TSE que implica mudan\u00e7a de transfer\u00eancia, tomada no curso das elei\u00e7\u00f5es ou logo ap\u00f3s a sua suspens\u00e3o, n\u00e3o se aplica imediatamente ao caso concreto e somente ter\u00e1 efic\u00e1cia sobre outros casos na elei\u00e7\u00e3o posterior.<\/p><p>Ainda segundo o ministro, a urg\u00eancia na concess\u00e3o da liminar \u00e9 justificada, pois a realiza\u00e7\u00e3o das elei\u00e7\u00f5es suplementares esvaziaria parcialmente o objeto da a\u00e7\u00e3o trazida ao STF.<\/p><p>Leia a&nbsp;<strong><a href=\"https:\/\/portal.stf.jus.br\/processos\/downloadPeca.asp?id=15378500307&amp;ext=.pdf\" target=\"_blank\" rel=\"noreferrer noopener\">\u00edntegra da decis\u00e3o<\/a><\/strong>.<\/p><p><strong>Fonte: STF<\/strong><\/p>\n    <div class=\"xs_social_share_widget xs_share_url after_content \t\tmain_content  wslu-style-1 wslu-share-box-shaped wslu-fill-colored wslu-none wslu-share-horizontal wslu-theme-font-no wslu-main_content\">\n\n\t\t\n        <ul>\n\t\t\t        <\/ul>\n    <\/div> \n","protected":false},"excerpt":{"rendered":"<p>O ministro Gilmar Mendes, do Supremo Tribunal Federal (STF), suspendeu a realiza\u00e7\u00e3o das elei\u00e7\u00f5es suplementares para a Prefeitura do Munic\u00edpio de Tucuru\u00ed (PA), marcadas para 3 de agosto. A liminar foi ferida na A\u00e7\u00e3o de Descumprimento de Preceito Fundamental\u00a0(ADPF) 1233\u00a0, apresentada pelo Movimento Democr\u00e1tico Brasileiro (MDB).<\/p>\n","protected":false},"author":5,"featured_media":0,"comment_status":"open","ping_status":"open","sticky":false,"template":"","format":"standard","meta":{"postBodyCss":"","postBodyMargin":[],"postBodyPadding":[],"postBodyBackground":{"backgroundType":"classic","gradient":""},"_price":"","_stock":"","_tribe_ticket_header":"","_tribe_default_ticket_provider":"","_tribe_ticket_capacity":"0","_ticket_start_date":"","_ticket_end_date":"","_tribe_ticket_show_description":"","_tribe_ticket_show_not_going":false,"_tribe_ticket_use_global_stock":"","_tribe_ticket_global_stock_level":"","_global_stock_mode":"","_global_stock_cap":"","_tribe_rsvp_for_event":"","_tribe_ticket_going_count":"","_tribe_ticket_not_going_count":"","_tribe_tickets_list":"[]","_tribe_ticket_has_attendee_info_fields":false,"footnotes":""},"categories":[46],"tags":[3486,13097,13094,13090,2213,2508,13092,12718,1835,13095,10673,13096,13091,13093,1249,347,348,1759,13089],"class_list":["post-13030","post","type-post","status-publish","format-standard","hentry","category-noticias","tag-2024-2","tag-acao-de-descumprimento-de-preceito-fundamental","tag-adpf-1233","tag-argumento","tag-candidato","tag-eleicoes-suplementares","tag-eleito","tag-entendimento","tag-liminar","tag-mdb","tag-ministro-gilmar-mendes","tag-movimento-democratico-brasileiro","tag-plausivel","tag-prefeitura-do-municipio-de-tucurui","tag-registro","tag-stf","tag-supremo-tribunal-federal","tag-tse","tag-tucurui"],"acf":[],"_links":{"self":[{"href":"https:\/\/sgpsolucoes.com.br\/site\/wp-json\/wp\/v2\/posts\/13030"}],"collection":[{"href":"https:\/\/sgpsolucoes.com.br\/site\/wp-json\/wp\/v2\/posts"}],"about":[{"href":"https:\/\/sgpsolucoes.com.br\/site\/wp-json\/wp\/v2\/types\/post"}],"author":[{"embeddable":true,"href":"https:\/\/sgpsolucoes.com.br\/site\/wp-json\/wp\/v2\/users\/5"}],"replies":[{"embeddable":true,"href":"https:\/\/sgpsolucoes.com.br\/site\/wp-json\/wp\/v2\/comments?post=13030"}],"version-history":[{"count":0,"href":"https:\/\/sgpsolucoes.com.br\/site\/wp-json\/wp\/v2\/posts\/13030\/revisions"}],"wp:attachment":[{"href":"https:\/\/sgpsolucoes.com.br\/site\/wp-json\/wp\/v2\/media?parent=13030"}],"wp:term":[{"taxonomy":"category","embeddable":true,"href":"https:\/\/sgpsolucoes.com.br\/site\/wp-json\/wp\/v2\/categories?post=13030"},{"taxonomy":"post_tag","embeddable":true,"href":"https:\/\/sgpsolucoes.com.br\/site\/wp-json\/wp\/v2\/tags?post=13030"}],"curies":[{"name":"wp","href":"https:\/\/api.w.org\/{rel}","templated":true}]}}