{"id":13033,"date":"2025-07-18T14:56:03","date_gmt":"2025-07-18T17:56:03","guid":{"rendered":"https:\/\/sgpsolucoes.com.br\/site\/?p=13033"},"modified":"2025-07-18T14:56:04","modified_gmt":"2025-07-18T17:56:04","slug":"stf-impoe-medidas-cautelares-a-ex-presidente-jair-bolsonaro-por-coacao-obstrucao-e-atentado-a-soberania-nacional","status":"publish","type":"post","link":"https:\/\/sgpsolucoes.com.br\/site\/stf-impoe-medidas-cautelares-a-ex-presidente-jair-bolsonaro-por-coacao-obstrucao-e-atentado-a-soberania-nacional\/","title":{"rendered":"STF imp\u00f5e medidas cautelares a ex-presidente Jair Bolsonaro por coa\u00e7\u00e3o, obstru\u00e7\u00e3o e atentado \u00e0 soberania nacional"},"content":{"rendered":"<p><em><strong>Presidente da Primeira Turma, ministro Cristiano Zanin, convocou sess\u00e3o extraordin\u00e1ria virtual para que decis\u00e3o seja submetida a referendo; PV come\u00e7ou hoje ao meio-dia<\/strong><\/em><\/p><p>O ministro Alexandre de Moraes, do Supremo Tribunal Federal (STF), determinou, nesta sexta-feira (18), medidas cautelares ao ex-presidente Jair Bolsonaro por coa\u00e7\u00e3o, obstru\u00e7\u00e3o e atentado \u00e0 soberania nacional.<\/p><p>O ex-presidente dever\u00e1 cumprir recolhimento domiciliar entre 19h e 6h de segunda a sexta-feira e em tempo integral nos fins de semana e feriados; ser monitorado com tornozeleira eletr\u00f4nica; n\u00e3o poder\u00e1 manter contato com embaixadores, autoridades estrangeiras e nem se aproximar de sedes de embaixadas e consulados. As medidas foram pedidas pela Pol\u00edcia Federal (PF), com parecer favor\u00e1vel da Procuradoria-Geral da Rep\u00fablica (PGR).<\/p><p>A Pol\u00edcia Federal apontou que Bolsonaro e o filho, Eduardo Bolsonaro, \u201cv\u00eam atuando, ao longo dos \u00faltimos meses, junto a autoridades governamentais dos Estados Unidos da Am\u00e9rica, com o intuito de obter a imposi\u00e7\u00e3o de san\u00e7\u00f5es contra agentes p\u00fablicos do Estado Brasileiro\u201d, em raz\u00e3o de suposta persegui\u00e7\u00e3o no \u00e2mbito da A\u00e7\u00e3o Penal&nbsp;<strong><a href=\"https:\/\/portal.stf.jus.br\/processos\/detalhe.asp?incidente=7223339\" target=\"_blank\" rel=\"noreferrer noopener\">(AP) 2668<\/a><\/strong>.<\/p><p>Conforme a PF, ambos atuaram \u201cdolosa e conscientemente de forma il\u00edcita\u201d e \u201ccom a finalidade de tentar submeter o funcionamento do Supremo Tribunal Federal ao crivo de outro Estado estrangeiro, por meio de atos hostis derivados de negocia\u00e7\u00f5es esp\u00farias e criminosas com patente obstru\u00e7\u00e3o \u00e0 Justi\u00e7a e clara finalidade de coagir essa Corte.\u201d<\/p><p>Ao analisar o caso, o ministro disse que h\u00e1 ind\u00edcios de que tanto Bolsonaro quanto o filho t\u00eam praticado \u201catos il\u00edcitos que podem configurar, em tese, os crimes dos art. 344 do C\u00f3digo Penal (coa\u00e7\u00e3o no curso do processo), art. 2\u00ba, \u00a71\u00ba da Lei 12.850\/13 (obstru\u00e7\u00e3o de investiga\u00e7\u00e3o de infra\u00e7\u00e3o penal que envolva organiza\u00e7\u00e3o criminosa) e art. 359-L do C\u00f3digo Penal (aboli\u00e7\u00e3o violenta do Estado Democr\u00e1tico de Direito).\u201d<\/p><p>As condutas de Bolsonaro e do filho caracterizam, segundo o ministro Alexandre, \u201cclaros e expressos atos execut\u00f3rios e flagrantes confiss\u00f5es da pr\u00e1tica dos atos criminosos, em especial dos crimes de coa\u00e7\u00e3o no curso do processo, obstru\u00e7\u00e3o de investiga\u00e7\u00e3o de infra\u00e7\u00e3o penal que envolva organiza\u00e7\u00e3o criminosa e atentado \u00e0 soberania e permanecem, sempre no sentido de induzirem, instigarem e auxiliarem governo estrangeiro \u00e0 pr\u00e1tica de atos hostis ao Brasil e \u00e0 ostensiva tentativa submiss\u00e3o do funcionamento do Supremo Tribunal Federal aos Estados Unidos da Am\u00e9rica, com a finalidade de \u2018arquivamento\/extin\u00e7\u00e3o\u2019 da AP 2668.\u201d<\/p><p>No despacho, o ministro citou ainda o escritor Machado de Assis, que disse: \u201cA soberania nacional \u00e9 a coisa mais bela do mundo, com a condi\u00e7\u00e3o de ser soberania e de ser nacional\u201d. Alexandre de Moraes destacou que a \u201cSoberania Nacional n\u00e3o pode, n\u00e3o deve e jamais ser\u00e1 vilipendiada, negociada ou extorquida, pois \u00e9 um dos fundamentos da Rep\u00fablica Federativa do Brasil\u201d.<\/p><p>Afirmou tamb\u00e9m que \u201co Supremo Tribunal Federal sempre ser\u00e1 absolutamente inflex\u00edvel na defesa da Soberania Nacional e em seu compromisso com a Democracia, os Direitos Fundamentais, o Estado de Direito, a independ\u00eancia do Poder Judici\u00e1rio Nacional e os princ\u00edpios constitucionais brasileiros\u201d. Nesse ponto, fez refer\u00eancia a Abraham Lincoln, 16\u00ba presidente dos Estados Unidos da Am\u00e9rica, respons\u00e1vel pela manuten\u00e7\u00e3o da Uni\u00e3o e pela Proclama\u00e7\u00e3o de Emancipa\u00e7\u00e3o, que afirmava que \u201cos princ\u00edpios mais importantes podem e devem ser inflex\u00edveis\u201d.<\/p><p>A pedido de Alexandre de Moraes, o presidente da Primeira Turma, ministro Cristiano Zanin, convocou uma sess\u00e3o extraordin\u00e1ria virtual para que a decis\u00e3o seja submetida ao referendo. O Plen\u00e1rio Virtual come\u00e7ou hoje (18) ao meio-dia, e terminar\u00e1 na pr\u00f3xima segunda-feira (21),\u00a0\u00e0s\u00a023h59.<\/p><p><a href=\"https:\/\/noticias-stf-wp-prd.s3.sa-east-1.amazonaws.com\/wp-content\/uploads\/wpallimport\/uploads\/2025\/07\/18100935\/Decisao-PET-14129.pdf\" target=\"_blank\" rel=\"noreferrer noopener\">Veja a \u00edntegra da decis\u00e3o<\/a>.<\/p><p><strong>Fonte: STF<\/strong><\/p>\n    <div class=\"xs_social_share_widget xs_share_url after_content \t\tmain_content  wslu-style-1 wslu-share-box-shaped wslu-fill-colored wslu-none wslu-share-horizontal wslu-theme-font-no wslu-main_content\">\n\n\t\t\n        <ul>\n\t\t\t        <\/ul>\n    <\/div> \n","protected":false},"excerpt":{"rendered":"<p>O ministro Alexandre de Moraes, do Supremo Tribunal Federal (STF), determinou, nesta sexta-feira (18), medidas cautelares ao ex-presidente Jair Bolsonaro por coa\u00e7\u00e3o, obstru\u00e7\u00e3o e atentado \u00e0 soberania nacional.<\/p>\n","protected":false},"author":5,"featured_media":0,"comment_status":"open","ping_status":"open","sticky":false,"template":"","format":"standard","meta":{"postBodyCss":"","postBodyMargin":[],"postBodyPadding":[],"postBodyBackground":{"backgroundType":"classic","gradient":""},"_price":"","_stock":"","_tribe_ticket_header":"","_tribe_default_ticket_provider":"","_tribe_ticket_capacity":"0","_ticket_start_date":"","_ticket_end_date":"","_tribe_ticket_show_description":"","_tribe_ticket_show_not_going":false,"_tribe_ticket_use_global_stock":"","_tribe_ticket_global_stock_level":"","_global_stock_mode":"","_global_stock_cap":"","_tribe_rsvp_for_event":"","_tribe_ticket_going_count":"","_tribe_ticket_not_going_count":"","_tribe_tickets_list":"[]","_tribe_ticket_has_attendee_info_fields":false,"footnotes":""},"categories":[46],"tags":[13101,13098,1581,7725,3947,9439,13100,13099,5632,2178,13104,13102,13103,347,348],"class_list":["post-13033","post","type-post","status-publish","format-standard","hentry","category-noticias","tag-atentado-a-soberania-nacional","tag-coacao","tag-ex-presidente","tag-jair-bolsonaro","tag-medidas-cautelares","tag-ministro-alexandre-de-moraes","tag-ministro-cristiano-zanin","tag-obstrucao","tag-presidente","tag-primeira-turma","tag-referendo","tag-sessao-extraordinaria-virtual","tag-soberania-nacional","tag-stf","tag-supremo-tribunal-federal"],"acf":[],"_links":{"self":[{"href":"https:\/\/sgpsolucoes.com.br\/site\/wp-json\/wp\/v2\/posts\/13033"}],"collection":[{"href":"https:\/\/sgpsolucoes.com.br\/site\/wp-json\/wp\/v2\/posts"}],"about":[{"href":"https:\/\/sgpsolucoes.com.br\/site\/wp-json\/wp\/v2\/types\/post"}],"author":[{"embeddable":true,"href":"https:\/\/sgpsolucoes.com.br\/site\/wp-json\/wp\/v2\/users\/5"}],"replies":[{"embeddable":true,"href":"https:\/\/sgpsolucoes.com.br\/site\/wp-json\/wp\/v2\/comments?post=13033"}],"version-history":[{"count":0,"href":"https:\/\/sgpsolucoes.com.br\/site\/wp-json\/wp\/v2\/posts\/13033\/revisions"}],"wp:attachment":[{"href":"https:\/\/sgpsolucoes.com.br\/site\/wp-json\/wp\/v2\/media?parent=13033"}],"wp:term":[{"taxonomy":"category","embeddable":true,"href":"https:\/\/sgpsolucoes.com.br\/site\/wp-json\/wp\/v2\/categories?post=13033"},{"taxonomy":"post_tag","embeddable":true,"href":"https:\/\/sgpsolucoes.com.br\/site\/wp-json\/wp\/v2\/tags?post=13033"}],"curies":[{"name":"wp","href":"https:\/\/api.w.org\/{rel}","templated":true}]}}