{"id":13039,"date":"2025-07-18T15:12:20","date_gmt":"2025-07-18T18:12:20","guid":{"rendered":"https:\/\/sgpsolucoes.com.br\/site\/?p=13039"},"modified":"2025-07-18T15:12:21","modified_gmt":"2025-07-18T18:12:21","slug":"mantida-liminar-que-paralisou-revitalizacao-de-praca-tombada-no-municipio-de-campanha-mg","status":"publish","type":"post","link":"https:\/\/sgpsolucoes.com.br\/site\/mantida-liminar-que-paralisou-revitalizacao-de-praca-tombada-no-municipio-de-campanha-mg\/","title":{"rendered":"Mantida liminar que paralisou revitaliza\u00e7\u00e3o de pra\u00e7a tombada no munic\u00edpio de Campanha (MG)"},"content":{"rendered":"<p>O vice-presidente do Superior Tribunal de Justi\u00e7a (STJ), ministro Luis Felipe Salom\u00e3o, no exerc\u00edcio da presid\u00eancia, negou o pedido do munic\u00edpio de Campanha (MG) para suspender a&nbsp;liminar&nbsp;que interrompeu a obra de revitaliza\u00e7\u00e3o da pra\u00e7a Dom Ferr\u00e3o, bem p\u00fablico tombado.<\/p><p>O caso teve in\u00edcio em a\u00e7\u00e3o popular ajuizada por um cidad\u00e3o contra o prefeito e a construtora respons\u00e1vel pela revitaliza\u00e7\u00e3o da pra\u00e7a, com fundamento em poss\u00edveis irregularidades na obra. O Tribunal de Justi\u00e7a de Minas Gerais (TJMG) reconheceu que a obra n\u00e3o tinha autoriza\u00e7\u00e3o pr\u00e9via do Conselho Municipal do Patrim\u00f4nio Cultural, indispens\u00e1vel para interven\u00e7\u00f5es em bens tombados, e que a empresa vencedora da licita\u00e7\u00e3o n\u00e3o comprovou a experi\u00eancia t\u00e9cnica exigida.<\/p><p>A corte local afirmou ainda que um laudo t\u00e9cnico atestou que a pra\u00e7a se encontrava preservada o suficiente para n\u00e3o precisar de reforma urgente. Diante do risco de preju\u00edzo ao patrim\u00f4nio tombado, o TJMG determinou a paralisa\u00e7\u00e3o da obra, com aplica\u00e7\u00e3o de multa em caso de descumprimento.<\/p><p>O munic\u00edpio requereu ao STJ a suspens\u00e3o da&nbsp;liminar, alegando que a interrup\u00e7\u00e3o ocorreu quando 84% dos trabalhos j\u00e1 estavam conclu\u00eddos. De acordo com a prefeitura, a decis\u00e3o afetou a economia da cidade, pois a pra\u00e7a \u00e9 rodeada de estabelecimentos comerciais, e poderia representar aumento de custos da reforma.<\/p><h2 class=\"wp-block-heading\">Les\u00e3o a interesses p\u00fablicos deve ser claramente demonstrada<\/h2><p>O ministro Luis Felipe Salom\u00e3o, ao manter a&nbsp;liminar&nbsp;do TJMG, esclareceu que a suspens\u00e3o de atos judiciais pelo STJ \u00e9 excepcional e que cabe ao requerente a efetiva demonstra\u00e7\u00e3o da alegada ofensa aos bens jur\u00eddicos tutelados pelo&nbsp;<a href=\"https:\/\/www.planalto.gov.br\/ccivil_03\/leis\/l8437.htm#art4\">artigo 4\u00ba da Lei 8.437\/1992<\/a>. &#8220;N\u00e3o bastam, para tanto, alega\u00e7\u00f5es gen\u00e9ricas de preju\u00edzo ao er\u00e1rio&#8221;, declarou.<\/p><p>Conforme o ministro, a paralisa\u00e7\u00e3o cautelar da obra \u00e9 necess\u00e1ria para evitar poss\u00edvel dano irrevers\u00edvel ao patrim\u00f4nio cultural; e, ainda que mais de 80% dela estejam conclu\u00eddos, o munic\u00edpio n\u00e3o conseguiu comprovar que a suspens\u00e3o at\u00e9 o julgamento de&nbsp;m\u00e9rito&nbsp;da a\u00e7\u00e3o popular acarretaria grave les\u00e3o \u00e0 ordem, \u00e0 sa\u00fade, \u00e0 seguran\u00e7a ou \u00e0 economia p\u00fablicas.<\/p><p>Salom\u00e3o afirmou que o pedido de suspens\u00e3o de&nbsp;liminar&nbsp;precisa estar justificado por situa\u00e7\u00f5es &#8220;efetivamente aptas a transtornar e prejudicar o normal funcionamento da vida em sociedade ou das institui\u00e7\u00f5es p\u00fablicas, o que n\u00e3o \u00e9 o caso destes autos, em que se discute, simplesmente, a continuidade de obra de revitaliza\u00e7\u00e3o de uma pra\u00e7a p\u00fablica em pequeno munic\u00edpio mineiro&#8221;.<\/p><p>Para o ministro, o acolhimento da pretens\u00e3o municipal significaria transformar a Presid\u00eancia do STJ em \u00f3rg\u00e3o revisor de toda e qualquer decis\u00e3o judicial, &#8220;transmudando aquilo que deve ser excepcional\u00edssimo, raro, reservado a situa\u00e7\u00f5es extremas, em regra&#8221;.<\/p><p><a href=\"https:\/\/processo.stj.jus.br\/processo\/dj\/documento\/mediado\/?tipo_documento=documento&amp;componente=MON&amp;sequencial=322850544&amp;tipo_documento=documento&amp;num_registro=202502419836&amp;data=20250710&amp;tipo=0&amp;formato=PDF\">Leia a decis\u00e3o na SLS 3.614<\/a>.<\/p><p><strong>Esta not\u00edcia refere-se ao(s)&nbsp;<\/strong><strong>processo(s):<\/strong><strong> <\/strong><strong><a href=\"https:\/\/ww2.stj.jus.br\/processo\/pesquisa\/?aplicacao=processos.ea&amp;tipoPesquisa=tipoPesquisaGenerica&amp;termo=SLS%203614\">SLS 3614<\/a><\/strong><strong><\/strong><\/p><p><strong>Fonte: STJ<\/strong><\/p>\n    <div class=\"xs_social_share_widget xs_share_url after_content \t\tmain_content  wslu-style-1 wslu-share-box-shaped wslu-fill-colored wslu-none wslu-share-horizontal wslu-theme-font-no wslu-main_content\">\n\n\t\t\n        <ul>\n\t\t\t        <\/ul>\n    <\/div> \n","protected":false},"excerpt":{"rendered":"<p>O vice-presidente do Superior Tribunal de Justi\u00e7a (STJ), ministro Luis Felipe Salom\u00e3o, no exerc\u00edcio da presid\u00eancia, negou o pedido do munic\u00edpio de Campanha (MG) para suspender a\u00a0liminar\u00a0que interrompeu a obra de revitaliza\u00e7\u00e3o da pra\u00e7a Dom Ferr\u00e3o, bem p\u00fablico tombado.<\/p>\n","protected":false},"author":5,"featured_media":0,"comment_status":"open","ping_status":"open","sticky":false,"template":"","format":"standard","meta":{"postBodyCss":"","postBodyMargin":[],"postBodyPadding":[],"postBodyBackground":{"backgroundType":"classic","gradient":""},"_price":"","_stock":"","_tribe_ticket_header":"","_tribe_default_ticket_provider":"","_tribe_ticket_capacity":"0","_ticket_start_date":"","_ticket_end_date":"","_tribe_ticket_show_description":"","_tribe_ticket_show_not_going":false,"_tribe_ticket_use_global_stock":"","_tribe_ticket_global_stock_level":"","_global_stock_mode":"","_global_stock_cap":"","_tribe_rsvp_for_event":"","_tribe_ticket_going_count":"","_tribe_ticket_not_going_count":"","_tribe_tickets_list":"[]","_tribe_ticket_has_attendee_info_fields":false,"footnotes":""},"categories":[46],"tags":[13117,10027,384,13116,13119,86,1474,13118,9037,489,1835,8140,13114,220,13115,13113,1764,173,229,230,4341,4342,8576],"class_list":["post-13039","post","type-post","status-publish","format-standard","hentry","category-noticias","tag-acao-popular","tag-autorizacao-previa","tag-bem-publico","tag-bem-publico-tombado","tag-bens-tombados","tag-campanha","tag-cidadao","tag-conselho-municipal-do-patrimonio-cultural","tag-construtora","tag-irregularidades","tag-liminar","tag-ministro-luis-felipe-salomao","tag-municipio-de-campanha","tag-obra","tag-praca-dom-ferrao","tag-praca-tombada","tag-prefeito","tag-revitalizacao","tag-stj","tag-superior-tribunal-de-justica","tag-tjmg","tag-tribunal-de-justica-de-minas-gerais","tag-vice-presidente"],"acf":[],"_links":{"self":[{"href":"https:\/\/sgpsolucoes.com.br\/site\/wp-json\/wp\/v2\/posts\/13039"}],"collection":[{"href":"https:\/\/sgpsolucoes.com.br\/site\/wp-json\/wp\/v2\/posts"}],"about":[{"href":"https:\/\/sgpsolucoes.com.br\/site\/wp-json\/wp\/v2\/types\/post"}],"author":[{"embeddable":true,"href":"https:\/\/sgpsolucoes.com.br\/site\/wp-json\/wp\/v2\/users\/5"}],"replies":[{"embeddable":true,"href":"https:\/\/sgpsolucoes.com.br\/site\/wp-json\/wp\/v2\/comments?post=13039"}],"version-history":[{"count":0,"href":"https:\/\/sgpsolucoes.com.br\/site\/wp-json\/wp\/v2\/posts\/13039\/revisions"}],"wp:attachment":[{"href":"https:\/\/sgpsolucoes.com.br\/site\/wp-json\/wp\/v2\/media?parent=13039"}],"wp:term":[{"taxonomy":"category","embeddable":true,"href":"https:\/\/sgpsolucoes.com.br\/site\/wp-json\/wp\/v2\/categories?post=13039"},{"taxonomy":"post_tag","embeddable":true,"href":"https:\/\/sgpsolucoes.com.br\/site\/wp-json\/wp\/v2\/tags?post=13039"}],"curies":[{"name":"wp","href":"https:\/\/api.w.org\/{rel}","templated":true}]}}