{"id":13042,"date":"2025-07-18T15:17:33","date_gmt":"2025-07-18T18:17:33","guid":{"rendered":"https:\/\/sgpsolucoes.com.br\/site\/?p=13042"},"modified":"2025-07-18T15:17:34","modified_gmt":"2025-07-18T18:17:34","slug":"edicao-extra-do-informativo-aborda-responsabilidade-tributaria-do-arrematante-de-imovel","status":"publish","type":"post","link":"https:\/\/sgpsolucoes.com.br\/site\/edicao-extra-do-informativo-aborda-responsabilidade-tributaria-do-arrematante-de-imovel\/","title":{"rendered":"Edi\u00e7\u00e3o extra do Informativo aborda responsabilidade tribut\u00e1ria do arrematante de im\u00f3vel"},"content":{"rendered":"<p>A Secretaria de Jurisprud\u00eancia do Superior Tribunal de Justi\u00e7a (STJ) divulgou a&nbsp;<a href=\"https:\/\/processo.stj.jus.br\/SCON\/GetPDFINFJ?edicao=0025E\">25\u00aa edi\u00e7\u00e3o extraordin\u00e1ria do Informativo de Jurisprud\u00eancia<\/a>, com decis\u00f5es sobre o ramo do direito p\u00fablico. A equipe de publica\u00e7\u00e3o destacou dois julgamentos nesta edi\u00e7\u00e3o.<\/p><p>Em decis\u00e3o un\u00e2nime, a Primeira Se\u00e7\u00e3o estabeleceu que, a partir da expedi\u00e7\u00e3o do auto de arremata\u00e7\u00e3o, assinado pelo juiz, pelo leiloeiro e pelo arrematante, este se torna respons\u00e1vel pelo pagamento dos tributos do im\u00f3vel, ainda que postergada a respectiva&nbsp;imiss\u00e3o na posse. A tese foi fixada no&nbsp;AgInt&nbsp;no&nbsp;AREsp&nbsp;2.689.401, de relatoria do ministro Gurgel de Faria.<\/p><p>Em outro julgamento, a Segunda Turma, tamb\u00e9m por unanimidade, entendeu que n\u00e3o incidem Imposto sobre a Renda das Pessoas Jur\u00eddicas (IRPJ), Contribui\u00e7\u00e3o Social sobre o Lucro L\u00edquido (CSLL), Programa de Integra\u00e7\u00e3o Social (PIS) e Contribui\u00e7\u00e3o para o Financiamento da Seguridade Social (Cofins) sobre as indeniza\u00e7\u00f5es securit\u00e1rias de sinistros com ve\u00edculos de locadoras. O&nbsp;AgInt&nbsp;no&nbsp;REsp&nbsp;2.140.074 teve como relatora a ministra Maria Thereza de Assis Moura.<\/p><h2 class=\"wp-block-heading\">Conhe\u00e7a o Informativo<\/h2><p>O&nbsp;<a href=\"https:\/\/processo.stj.jus.br\/jurisprudencia\/externo\/informativo\/\">Informativo de Jurisprud\u00eancia<\/a>&nbsp;divulga periodicamente notas sobre teses de relev\u00e2ncia firmadas nos julgamentos do STJ, selecionadas pela repercuss\u00e3o no meio jur\u00eddico e pela novidade no \u00e2mbito do tribunal.<\/p><p>Para visualizar as novas edi\u00e7\u00f5es, acesse Jurisprud\u00eancia &gt; Informativo de Jurisprud\u00eancia, a partir do&nbsp;<em>menu<\/em>&nbsp;no alto da p\u00e1gina. A pesquisa de informativos anteriores pode ser feita pelo n\u00famero da edi\u00e7\u00e3o ou pelo ramo do direito.<\/p><p><strong>Fonte: STJ<\/strong><\/p>\n    <div class=\"xs_social_share_widget xs_share_url after_content \t\tmain_content  wslu-style-1 wslu-share-box-shaped wslu-fill-colored wslu-none wslu-share-horizontal wslu-theme-font-no wslu-main_content\">\n\n\t\t\n        <ul>\n\t\t\t        <\/ul>\n    <\/div> \n","protected":false},"excerpt":{"rendered":"<p>A Secretaria de Jurisprud\u00eancia do Superior Tribunal de Justi\u00e7a (STJ) divulgou a\u00a025\u00aa edi\u00e7\u00e3o extraordin\u00e1ria do Informativo de Jurisprud\u00eancia, com decis\u00f5es sobre o ramo do direito p\u00fablico. A equipe de publica\u00e7\u00e3o destacou dois julgamentos nesta edi\u00e7\u00e3o.<\/p>\n","protected":false},"author":5,"featured_media":0,"comment_status":"open","ping_status":"open","sticky":false,"template":"","format":"standard","meta":{"postBodyCss":"","postBodyMargin":[],"postBodyPadding":[],"postBodyBackground":{"backgroundType":"classic","gradient":""},"_price":"","_stock":"","_tribe_ticket_header":"","_tribe_default_ticket_provider":"","_tribe_ticket_capacity":"0","_ticket_start_date":"","_ticket_end_date":"","_tribe_ticket_show_description":"","_tribe_ticket_show_not_going":false,"_tribe_ticket_use_global_stock":"","_tribe_ticket_global_stock_level":"","_global_stock_mode":"","_global_stock_cap":"","_tribe_rsvp_for_event":"","_tribe_ticket_going_count":"","_tribe_ticket_not_going_count":"","_tribe_tickets_list":"[]","_tribe_ticket_has_attendee_info_fields":false,"footnotes":""},"categories":[46],"tags":[13121,1284,2720,5188,1281,259,1306,13122,13120,6757,229,230],"class_list":["post-13042","post","type-post","status-publish","format-standard","hentry","category-noticias","tag-25a-edicao-extraordinaria","tag-arrematante","tag-decisoes","tag-edicao-extra","tag-imovel","tag-informativo","tag-informativo-de-jurisprudencia","tag-ramo-do-direito-publico","tag-responsabilidade-tributaria","tag-secretaria-de-jurisprudencia","tag-stj","tag-superior-tribunal-de-justica"],"acf":[],"_links":{"self":[{"href":"https:\/\/sgpsolucoes.com.br\/site\/wp-json\/wp\/v2\/posts\/13042"}],"collection":[{"href":"https:\/\/sgpsolucoes.com.br\/site\/wp-json\/wp\/v2\/posts"}],"about":[{"href":"https:\/\/sgpsolucoes.com.br\/site\/wp-json\/wp\/v2\/types\/post"}],"author":[{"embeddable":true,"href":"https:\/\/sgpsolucoes.com.br\/site\/wp-json\/wp\/v2\/users\/5"}],"replies":[{"embeddable":true,"href":"https:\/\/sgpsolucoes.com.br\/site\/wp-json\/wp\/v2\/comments?post=13042"}],"version-history":[{"count":0,"href":"https:\/\/sgpsolucoes.com.br\/site\/wp-json\/wp\/v2\/posts\/13042\/revisions"}],"wp:attachment":[{"href":"https:\/\/sgpsolucoes.com.br\/site\/wp-json\/wp\/v2\/media?parent=13042"}],"wp:term":[{"taxonomy":"category","embeddable":true,"href":"https:\/\/sgpsolucoes.com.br\/site\/wp-json\/wp\/v2\/categories?post=13042"},{"taxonomy":"post_tag","embeddable":true,"href":"https:\/\/sgpsolucoes.com.br\/site\/wp-json\/wp\/v2\/tags?post=13042"}],"curies":[{"name":"wp","href":"https:\/\/api.w.org\/{rel}","templated":true}]}}