{"id":13048,"date":"2025-07-18T15:27:54","date_gmt":"2025-07-18T18:27:54","guid":{"rendered":"https:\/\/sgpsolucoes.com.br\/site\/?p=13048"},"modified":"2025-07-18T15:27:55","modified_gmt":"2025-07-18T18:27:55","slug":"tcemg-garante-ressarcimento-a-militares-apos-cobranca-indevida-do-ipsm","status":"publish","type":"post","link":"https:\/\/sgpsolucoes.com.br\/site\/tcemg-garante-ressarcimento-a-militares-apos-cobranca-indevida-do-ipsm\/","title":{"rendered":"TCEMG garante ressarcimento a militares ap\u00f3s cobran\u00e7a indevida do IPSM"},"content":{"rendered":"<p>O comandante-geral da Pol\u00edcia Militar de Minas Gerais, coronel Carlos Frederico Otoni Garcia, anunciou, nessa quinta-feira (17\/7), que o Governo do Estado ir\u00e1 cumprir a decis\u00e3o do Tribunal de Contas do Estado de Minas Gerais (TCEMG), bem como as determina\u00e7\u00f5es previstas no Of\u00edcio n\u00ba 0646\/2025, do Comit\u00ea de Or\u00e7amento e Finan\u00e7as da Assembleia Legislativa de Minas Gerais (ALMG).<\/p><p>Com isso, ser\u00e1 iniciada, a partir da folha de pagamento de agosto de 2025, a devolu\u00e7\u00e3o dos valores referentes \u00e0 cobran\u00e7a indevida de 2,5% da contribui\u00e7\u00e3o previdenci\u00e1ria incidente sobre os proventos de militares veteranos vinculados ao Instituto de Previd\u00eancia dos Servidores Militares de Minas Gerais (IPSM). Segundo o comandante-geral, a restitui\u00e7\u00e3o ser\u00e1 realizada em seis parcelas mensais, com o primeiro cr\u00e9dito previsto para setembro de 2025.<\/p><p>A decis\u00e3o decorre de den\u00fancia apresentada por entidades representativas da categoria, que questionaram a legalidade da aplica\u00e7\u00e3o da al\u00edquota de 10,5% \u2014 prevista na Lei Federal n\u00ba 13.954\/2019 \u2014 sobre os proventos de militares inativos sem paridade com os da ativa.<\/p><p>No final de 2024, em seu parecer, o relator do processo, conselheiro Agostinho Patrus, concluiu que a cobran\u00e7a de al\u00edquotas superiores ao teto de 8% violava princ\u00edpios constitucionais e tamb\u00e9m a legisla\u00e7\u00e3o estadual vigente, notadamente a Lei Estadual n\u00ba 10.366\/1990, combinada com a Lei Complementar Estadual n\u00ba 125\/2012. Desse modo, o TCEMG determinou que o governo estadual retomasse a cobran\u00e7a da contribui\u00e7\u00e3o conforme a legisla\u00e7\u00e3o mineira.<\/p><p>Em fevereiro deste ano, a senten\u00e7a do Pleno da Corte de Contas manteve o entendimento da Primeira C\u00e2mara. O texto estipulou, assim, que os servidores tivessem um desconto de 8% \u2014 e n\u00e3o de 10,5% \u2014 em seus vencimentos para manuten\u00e7\u00e3o do instituto previdenci\u00e1rio, e que o Executivo estadual contribu\u00edsse com 16% da remunera\u00e7\u00e3o do bombeiro ou policial.<\/p><p>A atua\u00e7\u00e3o do TCEMG neste caso refor\u00e7a seu compromisso com a legalidade, a prote\u00e7\u00e3o dos direitos dos servidores p\u00fablicos e o controle rigoroso das contas p\u00fablicas. A decis\u00e3o representa, ainda, um importante precedente no debate federativo sobre a autonomia dos entes subnacionais na regulamenta\u00e7\u00e3o previdenci\u00e1ria de seus pr\u00f3prios regimes de prote\u00e7\u00e3o social.<\/p><p><strong>Fonte: TCE-MG<\/strong><\/p>\n    <div class=\"xs_social_share_widget xs_share_url after_content \t\tmain_content  wslu-style-1 wslu-share-box-shaped wslu-fill-colored wslu-none wslu-share-horizontal wslu-theme-font-no wslu-main_content\">\n\n\t\t\n        <ul>\n\t\t\t        <\/ul>\n    <\/div> \n","protected":false},"excerpt":{"rendered":"<p>O comandante-geral da Pol\u00edcia Militar de Minas Gerais, coronel Carlos Frederico Otoni Garcia, anunciou, nessa quinta-feira (17\/7), que o Governo do Estado ir\u00e1 cumprir a decis\u00e3o do Tribunal de Contas do Estado de Minas Gerais (TCEMG), bem como as determina\u00e7\u00f5es previstas no Of\u00edcio n\u00ba 0646\/2025, do Comit\u00ea de Or\u00e7amento e Finan\u00e7as da Assembleia Legislativa de Minas Gerais (ALMG).<\/p>\n","protected":false},"author":5,"featured_media":0,"comment_status":"open","ping_status":"open","sticky":false,"template":"","format":"standard","meta":{"postBodyCss":"","postBodyMargin":[],"postBodyPadding":[],"postBodyBackground":{"backgroundType":"classic","gradient":""},"_price":"","_stock":"","_tribe_ticket_header":"","_tribe_default_ticket_provider":"","_tribe_ticket_capacity":"0","_ticket_start_date":"","_ticket_end_date":"","_tribe_ticket_show_description":"","_tribe_ticket_show_not_going":false,"_tribe_ticket_use_global_stock":"","_tribe_ticket_global_stock_level":"","_global_stock_mode":"","_global_stock_cap":"","_tribe_rsvp_for_event":"","_tribe_ticket_going_count":"","_tribe_ticket_not_going_count":"","_tribe_tickets_list":"[]","_tribe_ticket_has_attendee_info_fields":false,"footnotes":""},"categories":[46],"tags":[13134,13136,13130,13129,13135,13131,13133,6639,4510,13132,13128,700,361,1014,1020],"class_list":["post-13048","post","type-post","status-publish","format-standard","hentry","category-noticias","tag-almg","tag-assembleia-legislativa-de-minas-gerais","tag-cobranca-indevida","tag-comandante-geral","tag-comite-de-orcamento-e-financas","tag-coronel-carlos-frederico-otoni-garcia","tag-governo-do-estado","tag-ipsm","tag-militares","tag-oficio-no-0646-2025","tag-policia-militar-de-minas-gerais","tag-ressarcimento","tag-tce-mg","tag-tcemg","tag-tribunal-de-contas-do-estado-de-minas-gerais"],"acf":[],"_links":{"self":[{"href":"https:\/\/sgpsolucoes.com.br\/site\/wp-json\/wp\/v2\/posts\/13048"}],"collection":[{"href":"https:\/\/sgpsolucoes.com.br\/site\/wp-json\/wp\/v2\/posts"}],"about":[{"href":"https:\/\/sgpsolucoes.com.br\/site\/wp-json\/wp\/v2\/types\/post"}],"author":[{"embeddable":true,"href":"https:\/\/sgpsolucoes.com.br\/site\/wp-json\/wp\/v2\/users\/5"}],"replies":[{"embeddable":true,"href":"https:\/\/sgpsolucoes.com.br\/site\/wp-json\/wp\/v2\/comments?post=13048"}],"version-history":[{"count":0,"href":"https:\/\/sgpsolucoes.com.br\/site\/wp-json\/wp\/v2\/posts\/13048\/revisions"}],"wp:attachment":[{"href":"https:\/\/sgpsolucoes.com.br\/site\/wp-json\/wp\/v2\/media?parent=13048"}],"wp:term":[{"taxonomy":"category","embeddable":true,"href":"https:\/\/sgpsolucoes.com.br\/site\/wp-json\/wp\/v2\/categories?post=13048"},{"taxonomy":"post_tag","embeddable":true,"href":"https:\/\/sgpsolucoes.com.br\/site\/wp-json\/wp\/v2\/tags?post=13048"}],"curies":[{"name":"wp","href":"https:\/\/api.w.org\/{rel}","templated":true}]}}