{"id":13069,"date":"2025-07-21T13:56:33","date_gmt":"2025-07-21T16:56:33","guid":{"rendered":"https:\/\/sgpsolucoes.com.br\/site\/?p=13069"},"modified":"2025-07-21T13:56:34","modified_gmt":"2025-07-21T16:56:34","slug":"acordao-e-anulado-por-falta-de-intimacao-dos-advogados-para-julgamento-em-sessao-virtual","status":"publish","type":"post","link":"https:\/\/sgpsolucoes.com.br\/site\/acordao-e-anulado-por-falta-de-intimacao-dos-advogados-para-julgamento-em-sessao-virtual\/","title":{"rendered":"Ac\u00f3rd\u00e3o \u00e9 anulado por falta de intima\u00e7\u00e3o dos advogados para julgamento em sess\u00e3o virtual"},"content":{"rendered":"<p>A Terceira Turma do Superior Tribunal de Justi\u00e7a (STJ) anulou um&nbsp;ac\u00f3rd\u00e3o&nbsp;do Tribunal de Justi\u00e7a de S\u00e3o Paulo (TJSP) ao verificar que os advogados de uma das partes n\u00e3o foram intimados com a anteced\u00eancia prevista em lei sobre a realiza\u00e7\u00e3o da sess\u00e3o virtual de julgamento.<\/p><p>O colegiado aplicou o entendimento segundo o qual a falta de&nbsp;intima\u00e7\u00e3o&nbsp;para a sess\u00e3o de julgamento e, consequentemente, a inviabiliza\u00e7\u00e3o da&nbsp;sustenta\u00e7\u00e3o oral&nbsp;n\u00e3o s\u00e3o quest\u00f5es meramente formais que se resolvem com a republica\u00e7\u00e3o do&nbsp;ac\u00f3rd\u00e3o. Para a turma julgadora, os tribunais t\u00eam o dever de evitar essa irregularidade e proteger os princ\u00edpios constitucionais do contradit\u00f3rio, da ampla defesa e do devido processo legal.<\/p><p>Na origem, um casal ajuizou a\u00e7\u00e3o por danos morais e materiais contra a construtora que lhes vendeu um apartamento. O TJSP, em julgamento de&nbsp;apela\u00e7\u00e3o, descartou a ocorr\u00eancia de danos morais. Em&nbsp;embargos de declara\u00e7\u00e3o, os autores da a\u00e7\u00e3o apontaram que o julgamento \u2013 realizado em sess\u00e3o virtual \u2013 deveria ser anulado por falta de&nbsp;intima\u00e7\u00e3o&nbsp;das partes.<\/p><p>Com a rejei\u00e7\u00e3o dos embargos, o casal reiterou a tese da nulidade em recurso ao STJ, argumentando que o julgamento ocorreu no dia seguinte \u00e0 distribui\u00e7\u00e3o do processo, sem chance de manifesta\u00e7\u00e3o. Citando regra prevista em resolu\u00e7\u00e3o do pr\u00f3prio TJSP, os recorrentes afirmaram que o tribunal desrespeitou o prazo de cinco dias \u00fateis, contados da publica\u00e7\u00e3o da distribui\u00e7\u00e3o, para que as partes pudessem se opor ao julgamento em sess\u00e3o virtual.<\/p><p><strong>Contradit\u00f3rio n\u00e3o pode ser afastado em nome da rapidez<\/strong><\/p><p>O relator do caso, ministro Ricardo Villas B\u00f4as Cueva, apontou dispositivos de resolu\u00e7\u00f5es do Conselho Nacional de Justi\u00e7a (CNJ) que, desde 2020, em raz\u00e3o da pandemia da Covid-19, ampliaram as hip\u00f3teses de julgamento por meio eletr\u00f4nico e asseguraram a&nbsp;sustenta\u00e7\u00e3o oral&nbsp;em sess\u00f5es virtuais. Um exemplo citado foi o&nbsp;<a href=\"https:\/\/atos.cnj.jus.br\/files\/original231335202410236719831fd991a.pdf\">artigo 4\u00ba da Resolu\u00e7\u00e3o CNJ 591\/2024<\/a>.<\/p><p>O ministro acrescentou que o&nbsp;<a href=\"https:\/\/www.planalto.gov.br\/ccivil_03\/_ato2015-2018\/2015\/lei\/l13105.htm#art935\">artigo 935 do C\u00f3digo de Processo Civil<\/a>&nbsp;estabelece o prazo m\u00ednimo de cinco dias entre a publica\u00e7\u00e3o da pauta e a realiza\u00e7\u00e3o da sess\u00e3o de julgamento \u2013 regra que tamb\u00e9m se aplica ao julgamento virtual.<\/p><p>&#8220;Com efeito, conforme se colhe dos autos, o processo foi distribu\u00eddo ao relator no tribunal de origem em 22\/9\/2020, e o recurso de&nbsp;apela\u00e7\u00e3o&nbsp;foi julgado em 23\/9\/2020, sem que tenha havido&nbsp;intima\u00e7\u00e3o&nbsp;das partes acerca da sess\u00e3o de julgamento&#8221;, observou o relator. Segundo ele, as regras que garantem o direito ao contradit\u00f3rio n\u00e3o podem ser afastadas em nome da celeridade processual.<\/p><p>&#8220;Diversamente do afirmado pela corte de origem nos&nbsp;aclarat\u00f3rios, n\u00e3o h\u00e1 como afastar a exist\u00eancia de preju\u00edzo para os recorrentes, mormente tendo sido provido o recurso da recorrida, sem que lhes fossem oportunizadas a devida&nbsp;sustenta\u00e7\u00e3o oral&nbsp;e a entrega de memoriais&#8221;, concluiu Villas B\u00f4as Cueva ao prover o&nbsp;recurso especial, determinando a anula\u00e7\u00e3o do&nbsp;ac\u00f3rd\u00e3o&nbsp;de segundo grau e a realiza\u00e7\u00e3o de novo julgamento.<\/p><p><a href=\"https:\/\/processo.stj.jus.br\/processo\/julgamento\/eletronico\/documento\/mediado\/?documento_tipo=integra&amp;documento_sequencial=317579267&amp;registro_numero=202102211960&amp;peticao_numero=&amp;publicacao_data=20250606&amp;formato=PDF\">Leia o ac\u00f3rd\u00e3o no REsp 2.136.836<\/a>.<\/p><p><strong>Esta not\u00edcia refere-se ao(s)&nbsp;processo(s): <a href=\"https:\/\/ww2.stj.jus.br\/processo\/pesquisa\/?aplicacao=processos.ea&amp;tipoPesquisa=tipoPesquisaGenerica&amp;termo=REsp%202136836\">REsp 2136836<\/a><\/strong><\/p><p><strong>Fonte: STJ<\/strong><\/p>\n    <div class=\"xs_social_share_widget xs_share_url after_content \t\tmain_content  wslu-style-1 wslu-share-box-shaped wslu-fill-colored wslu-none wslu-share-horizontal wslu-theme-font-no wslu-main_content\">\n\n\t\t\n        <ul>\n\t\t\t        <\/ul>\n    <\/div> \n","protected":false},"excerpt":{"rendered":"<p>A Terceira Turma do Superior Tribunal de Justi\u00e7a (STJ) anulou um\u00a0ac\u00f3rd\u00e3o\u00a0do Tribunal de Justi\u00e7a de S\u00e3o Paulo (TJSP) ao verificar que os advogados de uma das partes n\u00e3o foram intimados com a anteced\u00eancia prevista em lei sobre a realiza\u00e7\u00e3o da sess\u00e3o virtual de julgamento.<\/p>\n","protected":false},"author":5,"featured_media":0,"comment_status":"open","ping_status":"open","sticky":false,"template":"","format":"standard","meta":{"postBodyCss":"","postBodyMargin":[],"postBodyPadding":[],"postBodyBackground":{"backgroundType":"classic","gradient":""},"_price":"","_stock":"","_tribe_ticket_header":"","_tribe_default_ticket_provider":"","_tribe_ticket_capacity":"0","_ticket_start_date":"","_ticket_end_date":"","_tribe_ticket_show_description":"","_tribe_ticket_show_not_going":false,"_tribe_ticket_use_global_stock":"","_tribe_ticket_global_stock_level":"","_global_stock_mode":"","_global_stock_cap":"","_tribe_rsvp_for_event":"","_tribe_ticket_going_count":"","_tribe_ticket_not_going_count":"","_tribe_tickets_list":"[]","_tribe_ticket_has_attendee_info_fields":false,"footnotes":""},"categories":[46],"tags":[664,7389,13187,13188,2001,13186,229,230,2685,2502,2248],"class_list":["post-13069","post","type-post","status-publish","format-standard","hentry","category-noticias","tag-acordao","tag-advogados","tag-anulado","tag-intimacao","tag-julgamento","tag-sessao-virtual","tag-stj","tag-superior-tribunal-de-justica","tag-terceira-turma","tag-tjsp","tag-tribunal-de-justica-de-sao-paulo"],"acf":[],"_links":{"self":[{"href":"https:\/\/sgpsolucoes.com.br\/site\/wp-json\/wp\/v2\/posts\/13069"}],"collection":[{"href":"https:\/\/sgpsolucoes.com.br\/site\/wp-json\/wp\/v2\/posts"}],"about":[{"href":"https:\/\/sgpsolucoes.com.br\/site\/wp-json\/wp\/v2\/types\/post"}],"author":[{"embeddable":true,"href":"https:\/\/sgpsolucoes.com.br\/site\/wp-json\/wp\/v2\/users\/5"}],"replies":[{"embeddable":true,"href":"https:\/\/sgpsolucoes.com.br\/site\/wp-json\/wp\/v2\/comments?post=13069"}],"version-history":[{"count":0,"href":"https:\/\/sgpsolucoes.com.br\/site\/wp-json\/wp\/v2\/posts\/13069\/revisions"}],"wp:attachment":[{"href":"https:\/\/sgpsolucoes.com.br\/site\/wp-json\/wp\/v2\/media?parent=13069"}],"wp:term":[{"taxonomy":"category","embeddable":true,"href":"https:\/\/sgpsolucoes.com.br\/site\/wp-json\/wp\/v2\/categories?post=13069"},{"taxonomy":"post_tag","embeddable":true,"href":"https:\/\/sgpsolucoes.com.br\/site\/wp-json\/wp\/v2\/tags?post=13069"}],"curies":[{"name":"wp","href":"https:\/\/api.w.org\/{rel}","templated":true}]}}