{"id":13145,"date":"2025-07-22T13:57:39","date_gmt":"2025-07-22T16:57:39","guid":{"rendered":"https:\/\/sgpsolucoes.com.br\/site\/?p=13145"},"modified":"2025-07-22T13:57:40","modified_gmt":"2025-07-22T16:57:40","slug":"stf-restabelece-extincao-de-mandato-de-prefeito-condenado-de-embu-guacu-sp","status":"publish","type":"post","link":"https:\/\/sgpsolucoes.com.br\/site\/stf-restabelece-extincao-de-mandato-de-prefeito-condenado-de-embu-guacu-sp\/","title":{"rendered":"STF restabelece extin\u00e7\u00e3o de mandato de prefeito condenado de Embu-Gua\u00e7u (SP)"},"content":{"rendered":"<p><em><strong>Em an\u00e1lise preliminar do caso, ministro Alexandre de Moraes considerou que decis\u00e3o da Justi\u00e7a paulista que manteve prefeito no cargo est\u00e1 em desacordo com entendimento do STF<\/strong><\/em><\/p><p>O ministro Alexandre de Moraes, do Supremo Tribunal Federal (STF), restabeleceu o ato da C\u00e2mara Municipal de Embu-Gua\u00e7u (SP) que havia decretado a extin\u00e7\u00e3o do mandato do prefeito Andr\u00e9 George Neres de Farias, ap\u00f3s sua condena\u00e7\u00e3o criminal definitiva por viola\u00e7\u00e3o de medida protetiva. A liminar do ministro foi concedida na Reclama\u00e7\u00e3o&nbsp;<strong><a href=\"https:\/\/portal.stf.jus.br\/processos\/detalhe.asp?incidente=7315379\" target=\"_blank\" rel=\"noreferrer noopener\">(RCL) 82075<\/a><\/strong>, apresentada pelo vice-prefeito do munic\u00edpio, Francisco Jos\u00e9 do Nascimento.<\/p><figure class=\"wp-block-image size-large\"><img decoding=\"async\" src=\"https:\/\/sgpsolucoes.com.br\/site\/wp-content\/uploads\/2025\/07\/image-8-1024x544.png\" alt=\"\" class=\"wp-image-13146\"\/><figcaption class=\"wp-element-caption\"><em>Foto: Gustavo Moreno\/STF<\/em><\/figcaption><\/figure><p>Na a\u00e7\u00e3o, o vice-prefeito questiona decis\u00f5es tomadas pelo ju\u00edzo da Vara \u00danica de Embu-Gua\u00e7u e pelo Tribunal de Justi\u00e7a do Estado de S\u00e3o Paulo (TJ-SP). A Justi\u00e7a local havia suspendido a medida do Legislativo municipal sob o argumento de que a C\u00e2mara n\u00e3o teria respeitado o prazo para defesa do ent\u00e3o prefeito. No STF, o vice-prefeito sustentou que as decis\u00f5es questionadas \u201cmant\u00eam no poder um agente pol\u00edtico destitu\u00eddo da condi\u00e7\u00e3o essencial para o exerc\u00edcio da fun\u00e7\u00e3o p\u00fablica: o gozo dos direitos pol\u00edticos\u201d.<\/p><h5 class=\"wp-block-heading\"><strong>Jurisprud\u00eancia<\/strong><\/h5><p>Ao afastar as decis\u00f5es, o ministro Alexandre de Moraes ressaltou que, segundo o entendimento do STF, a regra da Constitui\u00e7\u00e3o Federal que prev\u00ea a suspens\u00e3o dos direitos pol\u00edticos \u00e9 uma medida autoaplic\u00e1vel, consequ\u00eancia imediata do tr\u00e2nsito em julgado de condena\u00e7\u00e3o criminal (quando n\u00e3o h\u00e1 mais possibilidade de recursos).&nbsp;<\/p><h5 class=\"wp-block-heading\"><strong>Suspens\u00e3o dos direitos pol\u00edticos<\/strong><\/h5><p>Eleito em 2024, Andr\u00e9 George Neres de Farias foi condenado por viola\u00e7\u00e3o de medida protetiva. A senten\u00e7a tornou-se definitiva no final de setembro de 2024. A suspens\u00e3o dos direitos pol\u00edticos decorrente dessa condena\u00e7\u00e3o foi confirmada pela Justi\u00e7a Eleitoral em 2 de julho de 2025 e, no dia seguinte, a C\u00e2mara Municipal decretou a extin\u00e7\u00e3o do mandato. Farias, contudo, havia obtido a revers\u00e3o tempor\u00e1ria da decis\u00e3o por meio de liminar concedida pela Justi\u00e7a paulista.<\/p><p>Leia a&nbsp;<strong><a href=\"https:\/\/portal.stf.jus.br\/processos\/downloadPeca.asp?id=15378544815&amp;ext=.pdf\">\u00edntegra da decis\u00e3o<\/a><\/strong>.<\/p><p><strong>Fonte: STF<\/strong><\/p>\n    <div class=\"xs_social_share_widget xs_share_url after_content \t\tmain_content  wslu-style-1 wslu-share-box-shaped wslu-fill-colored wslu-none wslu-share-horizontal wslu-theme-font-no wslu-main_content\">\n\n\t\t\n        <ul>\n\t\t\t        <\/ul>\n    <\/div> \n","protected":false},"excerpt":{"rendered":"<p>O ministro Alexandre de Moraes, do Supremo Tribunal Federal (STF), restabeleceu o ato da C\u00e2mara Municipal de Embu-Gua\u00e7u (SP) que havia decretado a extin\u00e7\u00e3o do mandato do prefeito Andr\u00e9 George Neres de Farias, ap\u00f3s sua condena\u00e7\u00e3o criminal definitiva por viola\u00e7\u00e3o de medida protetiva. A liminar do ministro foi concedida na Reclama\u00e7\u00e3o\u00a0(RCL) 82075, apresentada pelo vice-prefeito do munic\u00edpio, Francisco Jos\u00e9 do Nascimento.<\/p>\n","protected":false},"author":5,"featured_media":0,"comment_status":"open","ping_status":"open","sticky":false,"template":"","format":"standard","meta":{"postBodyCss":"","postBodyMargin":[],"postBodyPadding":[],"postBodyBackground":{"backgroundType":"classic","gradient":""},"_price":"","_stock":"","_tribe_ticket_header":"","_tribe_default_ticket_provider":"","_tribe_ticket_capacity":"0","_ticket_start_date":"","_ticket_end_date":"","_tribe_ticket_show_description":"","_tribe_ticket_show_not_going":false,"_tribe_ticket_use_global_stock":"","_tribe_ticket_global_stock_level":"","_global_stock_mode":"","_global_stock_cap":"","_tribe_rsvp_for_event":"","_tribe_ticket_going_count":"","_tribe_ticket_not_going_count":"","_tribe_tickets_list":"[]","_tribe_ticket_has_attendee_info_fields":false,"footnotes":""},"categories":[46],"tags":[13214,13217,13215,13212,13211,312,13216,4011,9439,13213,347,348,13218],"class_list":["post-13145","post","type-post","status-publish","format-standard","hentry","category-noticias","tag-andre-george-neres-de-farias","tag-camara-municipal-de-embu-guacu","tag-condenacao-criminal-definitiva","tag-embu-guacu","tag-entendimento-do-stf","tag-extincao","tag-extincao-do-mandato","tag-mandato","tag-ministro-alexandre-de-moraes","tag-prefeito-condenado","tag-stf","tag-supremo-tribunal-federal","tag-violacao-de-medida-protetiva"],"acf":[],"_links":{"self":[{"href":"https:\/\/sgpsolucoes.com.br\/site\/wp-json\/wp\/v2\/posts\/13145"}],"collection":[{"href":"https:\/\/sgpsolucoes.com.br\/site\/wp-json\/wp\/v2\/posts"}],"about":[{"href":"https:\/\/sgpsolucoes.com.br\/site\/wp-json\/wp\/v2\/types\/post"}],"author":[{"embeddable":true,"href":"https:\/\/sgpsolucoes.com.br\/site\/wp-json\/wp\/v2\/users\/5"}],"replies":[{"embeddable":true,"href":"https:\/\/sgpsolucoes.com.br\/site\/wp-json\/wp\/v2\/comments?post=13145"}],"version-history":[{"count":0,"href":"https:\/\/sgpsolucoes.com.br\/site\/wp-json\/wp\/v2\/posts\/13145\/revisions"}],"wp:attachment":[{"href":"https:\/\/sgpsolucoes.com.br\/site\/wp-json\/wp\/v2\/media?parent=13145"}],"wp:term":[{"taxonomy":"category","embeddable":true,"href":"https:\/\/sgpsolucoes.com.br\/site\/wp-json\/wp\/v2\/categories?post=13145"},{"taxonomy":"post_tag","embeddable":true,"href":"https:\/\/sgpsolucoes.com.br\/site\/wp-json\/wp\/v2\/tags?post=13145"}],"curies":[{"name":"wp","href":"https:\/\/api.w.org\/{rel}","templated":true}]}}