{"id":13150,"date":"2025-07-22T14:01:02","date_gmt":"2025-07-22T17:01:02","guid":{"rendered":"https:\/\/sgpsolucoes.com.br\/site\/?p=13150"},"modified":"2025-07-22T14:01:02","modified_gmt":"2025-07-22T17:01:02","slug":"stf-confirma-medidas-cautelares-impostas-ao-ex-presidente-jair-bolsonaro","status":"publish","type":"post","link":"https:\/\/sgpsolucoes.com.br\/site\/stf-confirma-medidas-cautelares-impostas-ao-ex-presidente-jair-bolsonaro\/","title":{"rendered":"STF confirma medidas cautelares impostas ao ex-presidente Jair Bolsonaro"},"content":{"rendered":"<p><em><strong>Decis\u00e3o do ministro Alexandre de Moraes foi submetida a referendo da Primeira Turma<\/strong><\/em><\/p><p>A Primeira Turma do Supremo Tribunal Federal (STF) referendou, nesta segunda-feira (21), as medidas cautelares impostas ao ex-presidente Jair Bolsonaro (PL) na Peti\u00e7\u00e3o&nbsp;<strong><a href=\"https:\/\/portal.stf.jus.br\/processos\/detalhe.asp?incidente=7312731\" target=\"_blank\" rel=\"noreferrer noopener\">(Pet) 14129<\/a><\/strong>, sob a relatoria do ministro Alexandre de Moraes. A ministra C\u00e1rmen L\u00facia e os ministros Fl\u00e1vio Dino e Cristiano Zanin, presidente da Turma, seguiram o relator. O ministro Luiz Fux divergiu.<\/p><p>Bolsonaro tem de cumprir recolhimento domiciliar com tornozeleira eletr\u00f4nica, n\u00e3o pode falar com autoridades ou embaixadores estrangeiros nem se aproximar de embaixadas e consulados. Segundo o ministro Alexandre, a decis\u00e3o se baseia em atos recentes do ex-presidente que podem configurar coa\u00e7\u00e3o, obstru\u00e7\u00e3o de investiga\u00e7\u00f5es e tentativa de abolir o Estado Democr\u00e1tico de Direito.<\/p><p>Em seu voto, o relator assinalou que, ao longo dos \u00faltimos meses, Bolsonaro e o filho, o deputado federal licenciado Eduardo Bolsonaro (PL-RJ), v\u00eam atuando junto a autoridades governamentais dos Estados Unidos com o intuito de obter san\u00e7\u00f5es contra agentes p\u00fablicos do Estado Brasileiro. A alega\u00e7\u00e3o \u00e9 a de que a A\u00e7\u00e3o Penal(AP) 2668, na qual Bolsonaro \u00e9 r\u00e9u por tentativa de golpe de Estado, se trata de persegui\u00e7\u00e3o.&nbsp;<\/p><h5 class=\"wp-block-heading\"><strong>Diverg\u00eancia<\/strong><\/h5><p>Ao votar contra o referendo da decis\u00e3o, o ministro Luiz Fux entendeu que as medidas impostas restringem de forma desproporcional direitos fundamentais, como a liberdade de ir e vir e a liberdade de express\u00e3o e comunica\u00e7\u00e3o. \u201cMesmo para a imposi\u00e7\u00e3o de cautelares penais diversas da pris\u00e3o, \u00e9 indispens\u00e1vel a demonstra\u00e7\u00e3o concreta da necessidade da medida para a aplica\u00e7\u00e3o da lei penal e sua consequente adequa\u00e7\u00e3o aos fins pretendidos. \u00c0 luz desses requisitos legais, n\u00e3o se vislumbra nesse momento a necessidade, em concreto, das medidas cautelares impostas\u201d, afirmou.<\/p><p><strong>Fonte: STF<\/strong><\/p>\n    <div class=\"xs_social_share_widget xs_share_url after_content \t\tmain_content  wslu-style-1 wslu-share-box-shaped wslu-fill-colored wslu-none wslu-share-horizontal wslu-theme-font-no wslu-main_content\">\n\n\t\t\n        <ul>\n\t\t\t        <\/ul>\n    <\/div> \n","protected":false},"excerpt":{"rendered":"<p>A Primeira Turma do Supremo Tribunal Federal (STF) referendou, nesta segunda-feira (21), as medidas cautelares impostas ao ex-presidente Jair Bolsonaro (PL) na Peti\u00e7\u00e3o\u00a0(Pet) 14129, sob a relatoria do ministro Alexandre de Moraes. A ministra C\u00e1rmen L\u00facia e os ministros Fl\u00e1vio Dino e Cristiano Zanin, presidente da Turma, seguiram o relator. O ministro Luiz Fux divergiu.<\/p>\n","protected":false},"author":5,"featured_media":0,"comment_status":"open","ping_status":"open","sticky":false,"template":"","format":"standard","meta":{"postBodyCss":"","postBodyMargin":[],"postBodyPadding":[],"postBodyBackground":{"backgroundType":"classic","gradient":""},"_price":"","_stock":"","_tribe_ticket_header":"","_tribe_default_ticket_provider":"","_tribe_ticket_capacity":"0","_ticket_start_date":"","_ticket_end_date":"","_tribe_ticket_show_description":"","_tribe_ticket_show_not_going":false,"_tribe_ticket_use_global_stock":"","_tribe_ticket_global_stock_level":"","_global_stock_mode":"","_global_stock_cap":"","_tribe_rsvp_for_event":"","_tribe_ticket_going_count":"","_tribe_ticket_not_going_count":"","_tribe_tickets_list":"[]","_tribe_ticket_has_attendee_info_fields":false,"footnotes":""},"categories":[46],"tags":[7578,7725,3947,9439,2178,13104,347,348],"class_list":["post-13150","post","type-post","status-publish","format-standard","hentry","category-noticias","tag-ex-presidente-jair-bolsonaro","tag-jair-bolsonaro","tag-medidas-cautelares","tag-ministro-alexandre-de-moraes","tag-primeira-turma","tag-referendo","tag-stf","tag-supremo-tribunal-federal"],"acf":[],"_links":{"self":[{"href":"https:\/\/sgpsolucoes.com.br\/site\/wp-json\/wp\/v2\/posts\/13150"}],"collection":[{"href":"https:\/\/sgpsolucoes.com.br\/site\/wp-json\/wp\/v2\/posts"}],"about":[{"href":"https:\/\/sgpsolucoes.com.br\/site\/wp-json\/wp\/v2\/types\/post"}],"author":[{"embeddable":true,"href":"https:\/\/sgpsolucoes.com.br\/site\/wp-json\/wp\/v2\/users\/5"}],"replies":[{"embeddable":true,"href":"https:\/\/sgpsolucoes.com.br\/site\/wp-json\/wp\/v2\/comments?post=13150"}],"version-history":[{"count":0,"href":"https:\/\/sgpsolucoes.com.br\/site\/wp-json\/wp\/v2\/posts\/13150\/revisions"}],"wp:attachment":[{"href":"https:\/\/sgpsolucoes.com.br\/site\/wp-json\/wp\/v2\/media?parent=13150"}],"wp:term":[{"taxonomy":"category","embeddable":true,"href":"https:\/\/sgpsolucoes.com.br\/site\/wp-json\/wp\/v2\/categories?post=13150"},{"taxonomy":"post_tag","embeddable":true,"href":"https:\/\/sgpsolucoes.com.br\/site\/wp-json\/wp\/v2\/tags?post=13150"}],"curies":[{"name":"wp","href":"https:\/\/api.w.org\/{rel}","templated":true}]}}