{"id":13211,"date":"2025-07-24T17:34:27","date_gmt":"2025-07-24T20:34:27","guid":{"rendered":"https:\/\/sgpsolucoes.com.br\/site\/?p=13211"},"modified":"2025-07-24T17:34:28","modified_gmt":"2025-07-24T20:34:28","slug":"entendeu-o-tce-sp-que-para-fins-de-selecao-de-os-sao-indevidas-eventuais-exigencias-de-inscricao-da-licitante-e-de-seu-responsavel-tecnico-no-cremesp-bem-como-apresentacao-de-certificado-de-entidad","status":"publish","type":"post","link":"https:\/\/sgpsolucoes.com.br\/site\/entendeu-o-tce-sp-que-para-fins-de-selecao-de-os-sao-indevidas-eventuais-exigencias-de-inscricao-da-licitante-e-de-seu-responsavel-tecnico-no-cremesp-bem-como-apresentacao-de-certificado-de-entidad\/","title":{"rendered":"Entendeu o TCE-SP que, para fins de sele\u00e7\u00e3o de OS, s\u00e3o indevidas eventuais exig\u00eancias de inscri\u00e7\u00e3o da licitante e de seu respons\u00e1vel t\u00e9cnico no CREMESP, bem como apresenta\u00e7\u00e3o de Certificado de Entidade Beneficente de Assist\u00eancia Social na \u00c1rea de Sa\u00fade (CEBAS) como requisito para habilita\u00e7\u00e3o"},"content":{"rendered":"<p>Em sess\u00e3o de 16\/07\/2025, sob a relatoria do Conselheiro Sidney Estanislau Beraldo, o Tribunal Pleno do Tribunal de Contas do Estado de S\u00e3o Paulo julgou parcialmente procedentes as impugna\u00e7\u00f5es em face da contrata\u00e7\u00e3o no \u00e2mbito do edital de Sele\u00e7\u00e3o n\u00ba 01\/2025, do tipo t\u00e9cnica e pre\u00e7o, promovido pela PREFEITURA MUNICIPAL DE APARECIDA, objetivando selecionar \u201centidade de direito privado sem fins lucrativos, qualificada como Organiza\u00e7\u00e3o Social na \u00e1rea da sa\u00fade, no \u00e2mbito do Munic\u00edpio, para gest\u00e3o, operacionaliza\u00e7\u00e3o, gerenciamento, manuten\u00e7\u00e3o e execu\u00e7\u00e3o das atividades nas Unidades de Sa\u00fade que comp\u00f5em a rede de aten\u00e7\u00e3o \u00e0 sa\u00fade da Secretaria Municipal de Sa\u00fade\u201d.<\/p><p>A Corte de Contas solicitou a ado\u00e7\u00e3o das seguintes medidas, caso a Administra\u00e7\u00e3o pretenda prosseguir com o certame: a) reavaliar o excesso de formalismo para fins de habilita\u00e7\u00e3o econ\u00f4mico-financeira; b) suprimir a requisi\u00e7\u00e3o de que o atestado de capacidade t\u00e9cnica seja acompanhado do respectivo contrato; c) excluir a obrigatoriedade de que a inscri\u00e7\u00e3o da licitante e de seu respons\u00e1vel t\u00e9cnico seja necessariamente no CREMESP, e d) eliminar a exig\u00eancia do CEBAS das regras de habilita\u00e7\u00e3o.<\/p><p><strong>__________________________<\/strong><\/p><p><strong>PROCESSOS:<\/strong> TC-010388.989.25-3 e TC-010657.989.25-7<\/p><p><strong>EMENTA:<\/strong> &nbsp;CAUTELAR EM PROCEDIMENTO DE CONTRATA\u00c7\u00c3O. LICITA\u00c7\u00c3O. SELE\u00c7\u00c3O DE ORGANIZA\u00c7\u00c3O SOCIAL. T\u00c9CNICA E PRE\u00c7O. GEST\u00c3O E OPERACIONALIZA\u00c7\u00c3O DAS UNIDADES DE SA\u00daDE DO MUNIC\u00cdPIO. EXIG\u00caNCIA DE REGISTRO NO CREMESP. INDEVIDA LIMITA\u00c7\u00c3O GEOGR\u00c1FICA. HABILITA\u00c7\u00c3O ECON\u00d4MICO-FINANCEIRA. EXCESSO DE FORMALISMOS N\u00c3O PREVISTOS EM LEI. INDEVIDA IMPOSI\u00c7\u00c3O DE ATESTADOS ACOMPANHADOS DO RESPECTIVO CONTRATO. HABILITA\u00c7\u00c3O JUR\u00cdDICA CONDICIONADA \u00c0 APRESENTA\u00c7\u00c3O DO CERTIFICADO DE ENTIDADE BENEFICENTE DE ASSIST\u00caNCIA SOCIAL &#8211; CEBAS. DOCUMENTO QUE EXCEDE O ROL PREVISTO NO ARTIGO 66 DA LEI N\u00ba 14.133\/21. PARCIALMENTE PROCEDENTE. MULTA.<\/p><p><strong>__________________________<\/strong><\/p><p><strong>Acesse a \u00edntegra desta Decis\u00e3o no link abaixo:<\/strong><\/p><p><a href=\"https:\/\/jurisprudencia.tce.sp.gov.br\/arqs_juri\/pdf\/0\/4\/6\/972640.pdf\">https:\/\/jurisprudencia.tce.sp.gov.br\/arqs_juri\/pdf\/0\/4\/6\/972640.pdf<\/a><\/p><p><strong>Fonte: TCE-SP<\/strong><\/p>\n    <div class=\"xs_social_share_widget xs_share_url after_content \t\tmain_content  wslu-style-1 wslu-share-box-shaped wslu-fill-colored wslu-none wslu-share-horizontal wslu-theme-font-no wslu-main_content\">\n\n\t\t\n        <ul>\n\t\t\t        <\/ul>\n    <\/div> \n","protected":false},"excerpt":{"rendered":"<p>Em sess\u00e3o de 16\/07\/2025, sob a relatoria do Conselheiro Sidney Estanislau Beraldo, o Tribunal Pleno do Tribunal de Contas do Estado de S\u00e3o Paulo julgou parcialmente procedentes as impugna\u00e7\u00f5es em face da contrata\u00e7\u00e3o no \u00e2mbito do edital de Sele\u00e7\u00e3o n\u00ba 01\/2025, do tipo t\u00e9cnica e pre\u00e7o, promovido pela PREFEITURA MUNICIPAL DE APARECIDA, objetivando selecionar \u201centidade de direito privado sem fins lucrativos, qualificada como Organiza\u00e7\u00e3o Social na \u00e1rea da sa\u00fade, no \u00e2mbito do Munic\u00edpio, para gest\u00e3o, operacionaliza\u00e7\u00e3o, gerenciamento, manuten\u00e7\u00e3o e execu\u00e7\u00e3o das atividades nas Unidades de Sa\u00fade que comp\u00f5em a rede de aten\u00e7\u00e3o \u00e0 sa\u00fade da Secretaria Municipal de Sa\u00fade\u201d.<\/p>\n","protected":false},"author":5,"featured_media":0,"comment_status":"open","ping_status":"open","sticky":false,"template":"","format":"standard","meta":{"postBodyCss":"","postBodyMargin":[],"postBodyPadding":[],"postBodyBackground":{"backgroundType":"classic","gradient":""},"_price":"","_stock":"","_tribe_ticket_header":"","_tribe_default_ticket_provider":"","_tribe_ticket_capacity":"0","_ticket_start_date":"","_ticket_end_date":"","_tribe_ticket_show_description":"","_tribe_ticket_show_not_going":false,"_tribe_ticket_use_global_stock":"","_tribe_ticket_global_stock_level":"","_global_stock_mode":"","_global_stock_cap":"","_tribe_rsvp_for_event":"","_tribe_ticket_going_count":"","_tribe_ticket_not_going_count":"","_tribe_tickets_list":"[]","_tribe_ticket_has_attendee_info_fields":false,"footnotes":""},"categories":[46],"tags":[13303,13301,13302,3781,6148,1103,7643,1295,3229,10135,1420],"class_list":["post-13211","post","type-post","status-publish","format-standard","hentry","category-noticias","tag-area-de-saude","tag-cebas","tag-certificado-de-entidade-beneficente-de-assistencia-social","tag-cremesp","tag-exigencias","tag-habilitacao","tag-inscricao","tag-licitante","tag-os","tag-responsavel-tecnico","tag-tce-sp"],"acf":[],"_links":{"self":[{"href":"https:\/\/sgpsolucoes.com.br\/site\/wp-json\/wp\/v2\/posts\/13211"}],"collection":[{"href":"https:\/\/sgpsolucoes.com.br\/site\/wp-json\/wp\/v2\/posts"}],"about":[{"href":"https:\/\/sgpsolucoes.com.br\/site\/wp-json\/wp\/v2\/types\/post"}],"author":[{"embeddable":true,"href":"https:\/\/sgpsolucoes.com.br\/site\/wp-json\/wp\/v2\/users\/5"}],"replies":[{"embeddable":true,"href":"https:\/\/sgpsolucoes.com.br\/site\/wp-json\/wp\/v2\/comments?post=13211"}],"version-history":[{"count":0,"href":"https:\/\/sgpsolucoes.com.br\/site\/wp-json\/wp\/v2\/posts\/13211\/revisions"}],"wp:attachment":[{"href":"https:\/\/sgpsolucoes.com.br\/site\/wp-json\/wp\/v2\/media?parent=13211"}],"wp:term":[{"taxonomy":"category","embeddable":true,"href":"https:\/\/sgpsolucoes.com.br\/site\/wp-json\/wp\/v2\/categories?post=13211"},{"taxonomy":"post_tag","embeddable":true,"href":"https:\/\/sgpsolucoes.com.br\/site\/wp-json\/wp\/v2\/tags?post=13211"}],"curies":[{"name":"wp","href":"https:\/\/api.w.org\/{rel}","templated":true}]}}