{"id":13214,"date":"2025-07-24T17:41:16","date_gmt":"2025-07-24T20:41:16","guid":{"rendered":"https:\/\/sgpsolucoes.com.br\/site\/?p=13214"},"modified":"2025-07-24T17:41:17","modified_gmt":"2025-07-24T20:41:17","slug":"tce-es-decide-que-aumento-salarial-a-vereadores-de-bom-jesus-do-norte-em-2023-foi-inconstitucional","status":"publish","type":"post","link":"https:\/\/sgpsolucoes.com.br\/site\/tce-es-decide-que-aumento-salarial-a-vereadores-de-bom-jesus-do-norte-em-2023-foi-inconstitucional\/","title":{"rendered":"TCE-ES decide que aumento salarial a vereadores de Bom Jesus do Norte em 2023 foi inconstitucional"},"content":{"rendered":"<p>O Plen\u00e1rio do TCE-ES decidiu que a\u00a0<mark>C\u00e2mara Municipal de Bom Jesus do Norte<\/mark>\u00a0n\u00e3o poder\u00e1 aplicar um dispositivo da Lei Municipal de 2023 que concedeu\u00a0<mark>aumento salarial aos vereadores.<\/mark>\u00a0<\/p><p>A decis\u00e3o fez parte do processo de Presta\u00e7\u00e3o de Contas Anual da C\u00e2mara de Bom Jesus do Norte, relativa ao exerc\u00edcio de 2023. O processo foi apreciado na sess\u00e3o do Plen\u00e1rio, do \u00faltimo dia 17, conforme o voto do relator, conselheiro Rodrigo Chamoun. Ao analisar o processo, a \u00e1rea t\u00e9cnica do TCE-ES identificou que naquele ano&nbsp;<mark>foi concedido aumento salarial aos subs\u00eddios dos vereadores, que foi inconstitucional.<\/mark>&nbsp;Essa avalia\u00e7\u00e3o ocorreu em meio ao Incidente de Inconstitucionalidade, proposto nesse processo. O processo ainda receber\u00e1 decis\u00e3o sobre o m\u00e9rito da Presta\u00e7\u00e3o de Contas Anual.&nbsp;<\/p><p>O aumento foi previsto no artigo 2\u00b0, da Lei Municipal n\u00b0 737\/2023, que disp\u00f4s: \u201cFica concedido Reposi\u00e7\u00e3o Salarial aos Agentes Pol\u00edticos da C\u00e2mara Municipal de Bom Jesus do Norte, referentes aos exerc\u00edcios de 2021 e 2022, na propor\u00e7\u00e3o de 16,09%\u201d. Assim, os sal\u00e1rios passaram a ser de R$ 5.279,44.<\/p><h5 class=\"wp-block-heading\">Termo<\/h5><p>Ao analisar o caso, o relator pontuou que a lei municipal usou a express\u00e3o&nbsp;<mark>\u201creposi\u00e7\u00e3o salarial\u201d<\/mark>, induzindo \u00e0 cren\u00e7a de que seria instituto diverso da \u201crevis\u00e3o geral\u201d e do \u201creajuste\u201d, ambos vedados, na forma descrita na hip\u00f3tese de incid\u00eancia normativa, em particular para incrementar os subs\u00eddios dos vereadores.<\/p><p>\u201cNo universo espec\u00edfico dos subs\u00eddios de vereadores, ou se tem&nbsp;<mark>revis\u00e3o geral anual<\/mark>&nbsp;ou se tem&nbsp;<mark>reajuste.<\/mark>&nbsp;A primeira poss\u00edvel mediante&nbsp;<mark>condicionantes,<\/mark>&nbsp;a segunda vedada durante o curso da legislatura\u201d, afirmou o relator.<\/p><p>Ele explicou que o caso n\u00e3o pode ser enquadrado como \u201cRevis\u00e3o Geral Anual\u201d, o qual possui como ponto a modifica\u00e7\u00e3o salarial frente a corros\u00e3o da moeda, ou seja, deprecia\u00e7\u00e3o salarial em raz\u00e3o da infla\u00e7\u00e3o, e que cumpre crit\u00e9rios. Entre eles, ser concedida sempre na mesma data, sem distin\u00e7\u00e3o de \u00edndices e com abrang\u00eancia geral para todos os servidores, regida por lei espec\u00edfica e de iniciativa privativa do chefe do Executivo.<\/p><p>O relator acrescentou que n\u00e3o h\u00e1 como enquadrar como \u201cReajuste Salarial\u201d, em raz\u00e3o do artigo 29, VI da Constitui\u00e7\u00e3o Federal, o qual afirma que o subs\u00eddio dos parlamentares ser\u00e1 fixado pelas respectivas C\u00e2maras Municipais em cada legislatura para a subsequente e, como foi analisado, n\u00e3o foi o que ocorreu.<\/p><p>O conselheiro tamb\u00e9m citou a Instru\u00e7\u00e3o Normativa n\u00b0 26\/2010 do TCE-ES, a qual afirma que s\u00f3 haver\u00e1 altera\u00e7\u00e3o do subs\u00eddio dos Vereadores no curso da legislatura, com ressalva para a revis\u00e3o geral anual, aplicando-se aos edis o mesmo \u00edndice de reajustamento dos servidores municipais. Ao observar o caso concreto, extrai-se que o Munic\u00edpio n\u00e3o cumpriu com as particularidades descritas, uma vez que concedeu aumento salarial no curso da legislatura.<\/p><p>\u201cDessa forma, n\u00e3o h\u00e1 como abarcar nenhuma tese de aplicabilidade da norma, seja \u2018Revis\u00e3o Geral Anual\u2019 seja \u2018Reajuste salarial\u2019, uma vez que em ambas as proposituras h\u00e1 flagrantes desaven\u00e7as e inadequa\u00e7\u00f5es com os contornos da norma fundamental, no que concerne a modifica\u00e7\u00e3o salarial de agentes pol\u00edticos \u2013 no caso, vereadores\u201d, pontuou.<\/p><p>De acordo com o parecer da \u00e1rea t\u00e9cnica, dessa forma, os subs\u00eddios dos vereadores do munic\u00edpio de Bom Jesus do Norte para o exerc\u00edcio 2023 deveriam observar o disposto na Lei Municipal 21\/2012.<\/p><p>Na decis\u00e3o, o relator tamb\u00e9m refor\u00e7ou a&nbsp;<mark>compet\u00eancia do Tribunal de Contas para, em car\u00e1ter excepcional, afastar a aplica\u00e7\u00e3o de norma<\/mark>&nbsp;cujo cumprimento enseja resultado inconstitucional. A instaura\u00e7\u00e3o do incidente de inconstitucionalidade \u00e9 meio para avalia\u00e7\u00e3o da conformidade da legisla\u00e7\u00e3o local com a ordem constitucional.<\/p><p>Assim, o Plen\u00e1rio acolheu o incidente de Inconstitucionalidade, e negou a aplicabilidade do artigo de lei municipal que concedeu a \u201creposi\u00e7\u00e3o salarial\u201d aos vereadores. A Procuradoria Jur\u00eddica da C\u00e2mara Municipal de Bom Jesus do Norte foi notificada sobre a decis\u00e3o, para, julgando necess\u00e1rio, promover a defesa do ato de constitucionalidade, no prazo de 30 dias.<\/p><p><strong><a href=\"https:\/\/www.tcees.tc.br\/consultas\/processo\/detalhar-processo?numero=4307&amp;ano=2024&amp;key=78e438d5e29e745542fb4d44a41845e5f4820dd898ff06e8cc4cc2eccca475a3cc2afa85c9389320b0c2ca41504f1967a9b28ec76a6da8499e4d45b2fdb7b194\" target=\"_blank\" rel=\"noreferrer noopener\">Processo TC 4307\/2024<\/a><\/strong><\/p><figure class=\"wp-block-table\"><table class=\"has-fixed-layout\"><tbody><tr><td><strong>Resumo em t\u00f3picos <br><\/strong><br><strong>Aumento inconstitucional<\/strong>: O TCE-ES decidiu que o reajuste salarial concedido aos vereadores de Bom Jesus do Norte em 2023 \u00e9 inconstitucional e n\u00e3o poder\u00e1 ser aplicado.<br><br><strong>Valor anterior deve ser mantido<\/strong>: Com a decis\u00e3o, os subs\u00eddios devem continuar no valor da lei de 2012, ou seja, R$ 3.960,00, e n\u00e3o os R$ 5.279,44 previstos na nova lei.<br><br><strong>Fundamento jur\u00eddico da decis\u00e3o<\/strong>: O relator apontou que a chamada \u201creposi\u00e7\u00e3o salarial\u201d n\u00e3o atende aos crit\u00e9rios da revis\u00e3o geral anual nem se enquadra como reajuste permitido pela Constitui\u00e7\u00e3o.<br><br><strong>Viola\u00e7\u00e3o da norma constitucional<\/strong>: O aumento foi concedido durante a legislatura, o que \u00e9 vedado, e n\u00e3o seguiu as exig\u00eancias legais como data-base, abrang\u00eancia geral e iniciativa do Executivo.<br><br><strong>A\u00e7\u00e3o do TCE e consequ\u00eancias<\/strong>: O Plen\u00e1rio acolheu o incidente de inconstitucionalidade e notificou a Procuradoria Jur\u00eddica da C\u00e2mara, que tem 30 dias para contestar ou defender a constitucionalidade da norma.<\/td><\/tr><\/tbody><\/table><\/figure><p><strong>Fonte: <\/strong><strong>TCE-ES<\/strong><\/p>\n    <div class=\"xs_social_share_widget xs_share_url after_content \t\tmain_content  wslu-style-1 wslu-share-box-shaped wslu-fill-colored wslu-none wslu-share-horizontal wslu-theme-font-no wslu-main_content\">\n\n\t\t\n        <ul>\n\t\t\t        <\/ul>\n    <\/div> \n","protected":false},"excerpt":{"rendered":"<p>O Plen\u00e1rio do TCE-ES decidiu que a\u00a0C\u00e2mara Municipal de Bom Jesus do Norte\u00a0n\u00e3o poder\u00e1 aplicar um dispositivo da Lei Municipal de 2023 que concedeu\u00a0aumento salarial aos vereadores.\u00a0<\/p>\n","protected":false},"author":5,"featured_media":0,"comment_status":"open","ping_status":"open","sticky":false,"template":"","format":"standard","meta":{"postBodyCss":"","postBodyMargin":[],"postBodyPadding":[],"postBodyBackground":{"backgroundType":"classic","gradient":""},"_price":"","_stock":"","_tribe_ticket_header":"","_tribe_default_ticket_provider":"","_tribe_ticket_capacity":"0","_ticket_start_date":"","_ticket_end_date":"","_tribe_ticket_show_description":"","_tribe_ticket_show_not_going":false,"_tribe_ticket_use_global_stock":"","_tribe_ticket_global_stock_level":"","_global_stock_mode":"","_global_stock_cap":"","_tribe_rsvp_for_event":"","_tribe_ticket_going_count":"","_tribe_ticket_not_going_count":"","_tribe_tickets_list":"[]","_tribe_ticket_has_attendee_info_fields":false,"footnotes":""},"categories":[46],"tags":[13305,13307,13304,13306,2075,950,351,4849,4702,6567],"class_list":["post-13214","post","type-post","status-publish","format-standard","hentry","category-noticias","tag-aumento-salarial","tag-aumento-salarial-aos-vereadores","tag-bom-jesus-do-norte","tag-camara-municipal-de-bom-jesus-do-norte","tag-inconstitucional","tag-lei-municipal","tag-plenario","tag-prestacao-de-contas-anual","tag-tce-es","tag-vereadores"],"acf":[],"_links":{"self":[{"href":"https:\/\/sgpsolucoes.com.br\/site\/wp-json\/wp\/v2\/posts\/13214"}],"collection":[{"href":"https:\/\/sgpsolucoes.com.br\/site\/wp-json\/wp\/v2\/posts"}],"about":[{"href":"https:\/\/sgpsolucoes.com.br\/site\/wp-json\/wp\/v2\/types\/post"}],"author":[{"embeddable":true,"href":"https:\/\/sgpsolucoes.com.br\/site\/wp-json\/wp\/v2\/users\/5"}],"replies":[{"embeddable":true,"href":"https:\/\/sgpsolucoes.com.br\/site\/wp-json\/wp\/v2\/comments?post=13214"}],"version-history":[{"count":0,"href":"https:\/\/sgpsolucoes.com.br\/site\/wp-json\/wp\/v2\/posts\/13214\/revisions"}],"wp:attachment":[{"href":"https:\/\/sgpsolucoes.com.br\/site\/wp-json\/wp\/v2\/media?parent=13214"}],"wp:term":[{"taxonomy":"category","embeddable":true,"href":"https:\/\/sgpsolucoes.com.br\/site\/wp-json\/wp\/v2\/categories?post=13214"},{"taxonomy":"post_tag","embeddable":true,"href":"https:\/\/sgpsolucoes.com.br\/site\/wp-json\/wp\/v2\/tags?post=13214"}],"curies":[{"name":"wp","href":"https:\/\/api.w.org\/{rel}","templated":true}]}}