{"id":13217,"date":"2025-07-24T17:44:57","date_gmt":"2025-07-24T20:44:57","guid":{"rendered":"https:\/\/sgpsolucoes.com.br\/site\/?p=13217"},"modified":"2025-07-24T17:44:58","modified_gmt":"2025-07-24T20:44:58","slug":"tce-es-emite-parecer-pela-rejeicao-das-contas-de-2023-do-ex-prefeito-de-conceicao-da-barra","status":"publish","type":"post","link":"https:\/\/sgpsolucoes.com.br\/site\/tce-es-emite-parecer-pela-rejeicao-das-contas-de-2023-do-ex-prefeito-de-conceicao-da-barra\/","title":{"rendered":"TCE-ES emite parecer pela rejei\u00e7\u00e3o das contas de 2023 do ex-prefeito de Concei\u00e7\u00e3o da Barra"},"content":{"rendered":"<p>Os conselheiros que comp\u00f5em a&nbsp;<strong>Segunda C\u00e2mara<\/strong>&nbsp;do&nbsp;<mark>Tribunal de Contas do Estado do Esp\u00edrito Santo (TCE-ES)<\/mark>&nbsp;emitiram parecer pr\u00e9vio recomendando a rejei\u00e7\u00e3o das&nbsp;<strong>contas de 2023<\/strong>&nbsp;do ex-prefeito de&nbsp;<strong><a href=\"https:\/\/conceicaodabarra.es.gov.br\/\" target=\"_blank\" rel=\"noreferrer noopener\">Concei\u00e7\u00e3o da Barra<\/a><\/strong>, Walyson Jos\u00e9 Santos Vasconcelos. Entre outros problemas, foi verificada a abertura de cr\u00e9ditos suplementares sem autoriza\u00e7\u00e3o legislativa, d\u00e9ficit or\u00e7ament\u00e1rio e pagamento a menor das contribui\u00e7\u00f5es patronais ao INSS.&nbsp;<\/p><p>O voto do relator do processo, conselheiro&nbsp;<strong>Luiz Carlos Ciciliotti<\/strong>, foi seguido pelos demais componentes da Segunda C\u00e2mara. No Parecer, Ciciliotti determina que o atual gestor do munic\u00edpio tome medidas administrativas para apurar a responsabilidade e os valores pagos de encargos financeiros em raz\u00e3o dos atrasos na quita\u00e7\u00e3o dos d\u00e9bitos previdenci\u00e1rios.&nbsp;<\/p><p>Tamb\u00e9m foram dados 11 alertas com o intuito de comunicar \u00e0 atual gest\u00e3o sobre os problemas encontrados\u202fde forma que eles n\u00e3o voltem a se repetir nas pr\u00f3ximas presta\u00e7\u00f5es de contas.&nbsp;<\/p><h5 class=\"wp-block-heading\">Os problemas&nbsp;<\/h5><p>Ao todo, foram observados oito problemas que, juntos, acarretaram no parecer pela rejei\u00e7\u00e3o das contas. Confira quais s\u00e3o:&nbsp;<\/p><p><strong>1 \u2013<\/strong>&nbsp;Aus\u00eancia de indica\u00e7\u00e3o dos programas priorit\u00e1rios de governo no PPA e na LDO: Consta no voto que a Lei de Diretrizes Or\u00e7ament\u00e1rios (LDO) do munic\u00edpio apresentou 36 programas, sendo 36 definidos como priorit\u00e1rios na execu\u00e7\u00e3o or\u00e7ament\u00e1ria \u2013 logo, n\u00e3o houve uma prioriza\u00e7\u00e3o dos programas.&nbsp;<\/p><p><strong>2 \u2013<\/strong>&nbsp;Abertura de cr\u00e9ditos adicionais suplementares ou especiais sem pr\u00e9via autoriza\u00e7\u00e3o legislativa: As informa\u00e7\u00f5es enviadas pela prefeitura de Concei\u00e7\u00e3o da Barra apontam que houve autoriza\u00e7\u00e3o legal para a abertura de cr\u00e9dito adicional no valor de R$ 129,3 milh\u00f5es. Contudo, a efetiva abertura foi de R$ 168,8 milh\u00f5es. Dessa forma, segundo o relator constata-se o descumprimento \u00e0 autoriza\u00e7\u00e3o estipulada na LOA para abertura de cr\u00e9ditos adicionais suplementares.&nbsp;<\/p><p><strong>3 \u2013<\/strong>&nbsp;D\u00e9ficit or\u00e7ament\u00e1rio consolidado: Desconsiderando os recursos do Regime Pr\u00f3prio de Previd\u00eancia Social (RPPS), o munic\u00edpio apresentou d\u00e9ficit de R$ 3 milh\u00f5es. Com base no lan\u00e7amento patrimonial, o munic\u00edpio tinha em caixa R$ 2,4 milh\u00f5es \u2013 valor insuficiente para cobrir o d\u00e9ficit or\u00e7ament\u00e1rio apontado.&nbsp;<\/p><p><strong>4 \u2013<\/strong>&nbsp;Pagamento a menor das contribui\u00e7\u00f5es patronais devidas ao RGPS: Dados disponibilizados pela prefeitura apontam que, em 2023, o munic\u00edpio deveria ter pago R$ 12,8 milh\u00f5es ao Regime Geral. No entanto, foi registrado o pagamento de R$ 7,5 milh\u00f5es \u2013 restando como \u2018n\u00e3o pago\u2019 o total de R$ 5,3 milh\u00f5es.&nbsp;<\/p><p><strong>5 \u2013<\/strong>&nbsp;D\u00e9ficit financeiro evidenciando desequil\u00edbrio das contas p\u00fablicas: Da an\u00e1lise do resultado financeiro evidenciado no Anexo ao Balan\u00e7o Patrimonial, h\u00e1 evid\u00eancias de desequil\u00edbrio financeiro por fontes de recursos, visto que se observa d\u00e9ficit financeiro, reconhecido contabilmente no exerc\u00edcio, nas fontes especificadas a seguir, sem que a fonte de recursos ordin\u00e1rios possu\u00edsse lastro suficiente para cobertura.\u202f&nbsp;<\/p><p><strong>6 \u2013<\/strong>&nbsp;Descumprimento da complementa\u00e7\u00e3o da aplica\u00e7\u00e3o na manuten\u00e7\u00e3o e desenvolvimento do ensino: Ainda que tenha cumprido os percentuais de aplica\u00e7\u00e3o definidos para o ano de 2023 (27,22%, quando o m\u00ednimo seria 25%), o munic\u00edpio deixou de recompor o d\u00e9ficit apurado nos exerc\u00edcios de 2020 e 2021. Consta no processo que faltou ser aplicado um total de R$ 1,2 milh\u00f5es pelo munic\u00edpio.&nbsp;<\/p><p><strong>7 \u2013<\/strong>&nbsp;Inscri\u00e7\u00e3o de restos a pagar processados e n\u00e3o processados sem suficiente disponibilidade de caixa: Segundo a Lei de Responsabilidade Fiscal (LRF) \u00e9 permitido que um gestor deixe certos valores para serem pagos no ano seguinte. Para isso, por\u00e9m, \u00e9 preciso ter recursos em caixa. O que se observou, no entanto, foi uma \u201cdisponibilidade de caixa l\u00edquida negativa\u201d. \u201cPodemos afirmar que n\u00e3o havia saldo suficiente nas fontes de recursos n\u00e3o vinculados para cobrir a disponibilidade de caixa l\u00edquida total negativa das fontes de recursos vinculados\u201d, apontou o relator seguindo a \u00e1rea t\u00e9cnica do Tribunal.&nbsp;<\/p><p><strong>8 \u2013<\/strong>&nbsp;Diverg\u00eancia entre os valores evidenciados no invent\u00e1rio de bens im\u00f3veis e o saldo registrado no balan\u00e7o patrimonial: Foi observada uma diverg\u00eancia de R$ 12,4 milh\u00f5es entre bens im\u00f3veis registrados no Balan\u00e7o Patrimonial e o que foi registrado nos invent\u00e1rios municipais.&nbsp;<\/p><p>Segundo o Regimento Interno do Tribunal de Contas, cabe recurso das delibera\u00e7\u00f5es tomadas nos pareceres pr\u00e9vios dos chefes do Poder Executivo. O julgamento das contas de governo \u00e9 de compet\u00eancia do Poder Legislativo, ap\u00f3s o recebimento do parecer pr\u00e9vio do Tribunal de Contas.\u202f&nbsp;<\/p><p><strong><a href=\"https:\/\/www.tcees.tc.br\/consultas\/processo\/detalhar-processo?numero=3955&amp;ano=2024&amp;key=47eb5d019fe2151169b9f8c740c2f7c0a500d2258d9701793e045a5d7282a0e6eb2f5542c5c5b84d0af1714da5c8b2fa3fe650e478bdbeefbd82323911b90360\" target=\"_blank\" rel=\"noreferrer noopener\">Processo TC 3955\/2024<\/a><\/strong>&nbsp;<\/p><figure class=\"wp-block-table\"><table class=\"has-fixed-layout\"><tbody><tr><td><strong>Resumo em t\u00f3picos<\/strong> <br><br><strong>Parecer<\/strong>: O TCE-ES recomendou a rejei\u00e7\u00e3o das contas de 2023 do ex-prefeito de Concei\u00e7\u00e3o da Barra,\u00a0Walyson\u00a0Vasconcelos, por irregularidades como abertura de cr\u00e9ditos sem autoriza\u00e7\u00e3o e d\u00e9ficit or\u00e7ament\u00e1rio.<br><br><strong>Irregularidades<\/strong>: Foram apontados oito problemas, incluindo pagamento insuficiente ao INSS, desequil\u00edbrio financeiro, diverg\u00eancias patrimoniais e falhas na aplica\u00e7\u00e3o de recursos da educa\u00e7\u00e3o.<br><br><strong>Alertas<\/strong>: O relator determinou que o atual gestor apure responsabilidades e valores pagos em encargos financeiros, al\u00e9m de emitir 11 alertas para evitar reincid\u00eancia das falhas.<br><br><strong>Compet\u00eancia<\/strong>: A decis\u00e3o do TCE-ES ainda pode ser contestada por recurso, e o julgamento final das contas cabe ao Poder Legislativo municipal, conforme previsto em lei.<\/td><\/tr><\/tbody><\/table><\/figure><p><strong>Fonte<\/strong><strong>:<\/strong> <strong>TCE-ES<\/strong><\/p>\n    <div class=\"xs_social_share_widget xs_share_url after_content \t\tmain_content  wslu-style-1 wslu-share-box-shaped wslu-fill-colored wslu-none wslu-share-horizontal wslu-theme-font-no wslu-main_content\">\n\n\t\t\n        <ul>\n\t\t\t        <\/ul>\n    <\/div> \n","protected":false},"excerpt":{"rendered":"<p>Os conselheiros que comp\u00f5em a\u00a0Segunda C\u00e2mara\u00a0do\u00a0Tribunal de Contas do Estado do Esp\u00edrito Santo (TCE-ES)\u00a0emitiram parecer pr\u00e9vio recomendando a rejei\u00e7\u00e3o das\u00a0contas de 2023\u00a0do ex-prefeito de\u00a0Concei\u00e7\u00e3o da Barra, Walyson Jos\u00e9 Santos Vasconcelos. Entre outros problemas, foi verificada a abertura de cr\u00e9ditos suplementares sem autoriza\u00e7\u00e3o legislativa, d\u00e9ficit or\u00e7ament\u00e1rio e pagamento a menor das contribui\u00e7\u00f5es patronais ao INSS.\u00a0<\/p>\n","protected":false},"author":5,"featured_media":0,"comment_status":"open","ping_status":"open","sticky":false,"template":"","format":"standard","meta":{"postBodyCss":"","postBodyMargin":[],"postBodyPadding":[],"postBodyBackground":{"backgroundType":"classic","gradient":""},"_price":"","_stock":"","_tribe_ticket_header":"","_tribe_default_ticket_provider":"","_tribe_ticket_capacity":"0","_ticket_start_date":"","_ticket_end_date":"","_tribe_ticket_show_description":"","_tribe_ticket_show_not_going":false,"_tribe_ticket_use_global_stock":"","_tribe_ticket_global_stock_level":"","_global_stock_mode":"","_global_stock_cap":"","_tribe_rsvp_for_event":"","_tribe_ticket_going_count":"","_tribe_ticket_not_going_count":"","_tribe_tickets_list":"[]","_tribe_ticket_has_attendee_info_fields":false,"footnotes":""},"categories":[46],"tags":[9513,3404,9870,13310,9510,13309,494,2654,13311,1616,3410,3405,9508,372,4702,4707,13308],"class_list":["post-13217","post","type-post","status-publish","format-standard","hentry","category-noticias","tag-abertura","tag-autorizacao-legislativa","tag-conceicao-da-barra","tag-contribuicoes-patronais","tag-creditos-suplementares","tag-deficit-orcamentario","tag-ex-prefeito","tag-inss","tag-pagamento-a-menor","tag-parecer","tag-parecer-previo","tag-rejeicao","tag-rejeicao-das-contas","tag-segunda-camara","tag-tce-es","tag-tribunal-de-contas-do-estado-do-espirito-santo","tag-walyson-jose-santos-vasconcelos"],"acf":[],"_links":{"self":[{"href":"https:\/\/sgpsolucoes.com.br\/site\/wp-json\/wp\/v2\/posts\/13217"}],"collection":[{"href":"https:\/\/sgpsolucoes.com.br\/site\/wp-json\/wp\/v2\/posts"}],"about":[{"href":"https:\/\/sgpsolucoes.com.br\/site\/wp-json\/wp\/v2\/types\/post"}],"author":[{"embeddable":true,"href":"https:\/\/sgpsolucoes.com.br\/site\/wp-json\/wp\/v2\/users\/5"}],"replies":[{"embeddable":true,"href":"https:\/\/sgpsolucoes.com.br\/site\/wp-json\/wp\/v2\/comments?post=13217"}],"version-history":[{"count":0,"href":"https:\/\/sgpsolucoes.com.br\/site\/wp-json\/wp\/v2\/posts\/13217\/revisions"}],"wp:attachment":[{"href":"https:\/\/sgpsolucoes.com.br\/site\/wp-json\/wp\/v2\/media?parent=13217"}],"wp:term":[{"taxonomy":"category","embeddable":true,"href":"https:\/\/sgpsolucoes.com.br\/site\/wp-json\/wp\/v2\/categories?post=13217"},{"taxonomy":"post_tag","embeddable":true,"href":"https:\/\/sgpsolucoes.com.br\/site\/wp-json\/wp\/v2\/tags?post=13217"}],"curies":[{"name":"wp","href":"https:\/\/api.w.org\/{rel}","templated":true}]}}