{"id":13232,"date":"2025-07-24T18:15:02","date_gmt":"2025-07-24T21:15:02","guid":{"rendered":"https:\/\/sgpsolucoes.com.br\/site\/?p=13232"},"modified":"2025-07-24T18:15:10","modified_gmt":"2025-07-24T21:15:10","slug":"formacao-de-subcomissao-em-licitacoes-de-publicidade-exige-chamamento-publico","status":"publish","type":"post","link":"https:\/\/sgpsolucoes.com.br\/site\/formacao-de-subcomissao-em-licitacoes-de-publicidade-exige-chamamento-publico\/","title":{"rendered":"Forma\u00e7\u00e3o de subcomiss\u00e3o em licita\u00e7\u00f5es de publicidade exige chamamento p\u00fablico"},"content":{"rendered":"<p>Para a forma\u00e7\u00e3o da subcomiss\u00e3o t\u00e9cnica nas licita\u00e7\u00f5es de servi\u00e7os de publicidade institucional, realizadas por meio de ag\u00eancias de propaganda, os \u00f3rg\u00e3os p\u00fablicos devem, obrigatoriamente, realizar chamamento p\u00fablico para a sele\u00e7\u00e3o de seus membros, conforme exige a Lei Federal n\u00ba 12.232\/2010, a qual regula especificamente as contrata\u00e7\u00f5es dessa natureza no \u00e2mbito da administra\u00e7\u00e3o p\u00fablica.<\/p><p>Essa regra foi refor\u00e7ada pelo Pleno do Tribunal de Contas do Estado do Paran\u00e1 na forma de determina\u00e7\u00e3o emitida ao Munic\u00edpio de Campo Mour\u00e3o, que deve ser seguida em seus futuros procedimentos licitat\u00f3rios. A decis\u00e3o foi proferida pela Corte ao julgar parcialmente procedente Representa\u00e7\u00e3o da Lei de Licita\u00e7\u00f5es formulada pela NTV Imagem e Propaganda Ltda., em face da Concorr\u00eancia P\u00fablica n\u00ba 5\/2023 lan\u00e7ada por esse munic\u00edpio da Regi\u00e3o Centro-Oeste do estado para a contrata\u00e7\u00e3o de ag\u00eancia especializada em servi\u00e7os de publicidade no per\u00edodo de um ano, pelo valor de R$ 1.900.000,00.<\/p><p>De acordo com a representante, entre outras supostas irregularidades, o munic\u00edpio teria deixado de realizar o chamamento p\u00fablico necess\u00e1rio para a sele\u00e7\u00e3o dos membros da subcomiss\u00e3o t\u00e9cnica encarregada de avaliar as propostas apresentadas pelas licitantes no certame. Em sua defesa, a administra\u00e7\u00e3o municipal justificou a aus\u00eancia do chamamento pelo fato de que a &#8220;forma\u00e7\u00e3o de comiss\u00f5es ? em especial no caso de licita\u00e7\u00f5es ? na administra\u00e7\u00e3o p\u00fablica n\u00e3o atrai muitos simpatizantes, tendo eles v\u00ednculo ou n\u00e3o com a administra\u00e7\u00e3o.&#8221;&nbsp;<\/p><p><strong>Decis\u00e3o<\/strong><\/p><p>Em seu voto, o relator do processo, conselheiro Ivan Bonilha, seguiu o entendimento manifestado na instru\u00e7\u00e3o elaborada pela ent\u00e3o Coordenadoria de Gest\u00e3o Municipal (CGM) e no parecer apresentado pelo Minist\u00e9rio P\u00fablico de Contas (MPC-PR) a respeito do caso.<\/p><p>Bonilha destacou que a indica\u00e7\u00e3o direta dos membros da subcomiss\u00e3o t\u00e9cnica pela administra\u00e7\u00e3o p\u00fablica contraria o disposto no artigo 10, par\u00e1grafo 1\u00ba, da Lei n\u00ba 12.232\/10, o qual determina que, no m\u00ednimo, &#8220;um ter\u00e7o dos profissionais integrantes da subcomiss\u00e3o n\u00e3o deve ter v\u00ednculo com a administra\u00e7\u00e3o p\u00fablica, nem mesmo em sua indica\u00e7\u00e3o.&#8221;<\/p><p>Ainda segundo o relator, a sele\u00e7\u00e3o dos profissionais interessados em compor a subcomiss\u00e3o t\u00e9cnica deveria ter sido realizada por meio de chamamento p\u00fablico, cabendo ao munic\u00edpio apenas organizar o processo, abstendo-se de indicar diretamente os nomes que integrariam a referida lista.<\/p><p>O conselheiro tamb\u00e9m ressaltou que &#8220;o munic\u00edpio sequer buscou demonstrar a eventual realiza\u00e7\u00e3o de processos que tenham se revelado infrut\u00edferos, n\u00e3o sendo suficiente a mera alega\u00e7\u00e3o de que a forma\u00e7\u00e3o da subcomiss\u00e3o n\u00e3o atrai simpatizantes.&#8221;<\/p><p>Os demais membros do \u00f3rg\u00e3o colegiado do TCE-PR acompanharam, de forma un\u00e2nime, o voto do relator, na Sess\u00e3o de Plen\u00e1rio Virtual n\u00ba 12\/2025, conclu\u00edda em 3 de julho. Cabe recurso contra o Ac\u00f3rd\u00e3o n\u00ba 1673\/25 &#8211; Tribunal Pleno, veiculado no dia 11 de julho, na&nbsp;edi\u00e7\u00e3o n\u00ba 3.481 do Di\u00e1rio Eletr\u00f4nico do TCE-PR.<\/p><p><strong><u>Servi\u00e7o<\/u><\/strong><\/p><figure class=\"wp-block-table\"><table class=\"has-fixed-layout\"><tbody><tr><td><strong>Processo<\/strong>&nbsp;<strong>n\u00ba<\/strong>:<\/td><td>482617\/24<\/td><\/tr><tr><td><strong>Ac\u00f3rd\u00e3o n\u00ba:<\/strong><\/td><td>1673\/25 &#8211; Tribunal Pleno<\/td><\/tr><tr><td><strong>Assunto<\/strong>:<\/td><td>Representa\u00e7\u00e3o da Lei de Licita\u00e7\u00f5es<\/td><\/tr><tr><td><strong>Entidade<\/strong>:<\/td><td>Munic\u00edpio de Campo Mour\u00e3o<\/td><\/tr><tr><td><strong>Interessados:<\/strong><\/td><td>Halan Kiosh Miahira de Lima, NTV Imagem e Propaganda Ltda. e Tauillo Tezelli<\/td><\/tr><tr><td><strong>Relator<\/strong>:<\/td><td>Conselheiro Ivan Lelis Bonilha<\/td><\/tr><\/tbody><\/table><\/figure><p><strong>Fonte:&nbsp;TCE\/PR<\/strong><\/p>\n    <div class=\"xs_social_share_widget xs_share_url after_content \t\tmain_content  wslu-style-1 wslu-share-box-shaped wslu-fill-colored wslu-none wslu-share-horizontal wslu-theme-font-no wslu-main_content\">\n\n\t\t\n        <ul>\n\t\t\t        <\/ul>\n    <\/div> \n","protected":false},"excerpt":{"rendered":"<p>Para a forma\u00e7\u00e3o da subcomiss\u00e3o t\u00e9cnica nas licita\u00e7\u00f5es de servi\u00e7os de publicidade institucional, realizadas por meio de ag\u00eancias de propaganda, os \u00f3rg\u00e3os p\u00fablicos devem, obrigatoriamente, realizar chamamento p\u00fablico para a sele\u00e7\u00e3o de seus membros, conforme exige a Lei Federal n\u00ba 12.232\/2010, a qual regula especificamente as contrata\u00e7\u00f5es dessa natureza no \u00e2mbito da administra\u00e7\u00e3o p\u00fablica.<\/p>\n","protected":false},"author":5,"featured_media":0,"comment_status":"open","ping_status":"open","sticky":false,"template":"","format":"standard","meta":{"postBodyCss":"","postBodyMargin":[],"postBodyPadding":[],"postBodyBackground":{"backgroundType":"classic","gradient":""},"_price":"","_stock":"","_tribe_ticket_header":"","_tribe_default_ticket_provider":"","_tribe_ticket_capacity":"0","_ticket_start_date":"","_ticket_end_date":"","_tribe_ticket_show_description":"","_tribe_ticket_show_not_going":false,"_tribe_ticket_use_global_stock":"","_tribe_ticket_global_stock_level":"","_global_stock_mode":"","_global_stock_cap":"","_tribe_rsvp_for_event":"","_tribe_ticket_going_count":"","_tribe_ticket_not_going_count":"","_tribe_tickets_list":"[]","_tribe_ticket_has_attendee_info_fields":false,"footnotes":""},"categories":[46],"tags":[129,7792,4732,6256,7794,260,3694,4101,2571,1199,6382,672,1703,500,13334,13335,356],"class_list":["post-13232","post","type-post","status-publish","format-standard","hentry","category-noticias","tag-administracao-publica","tag-agencias-de-propaganda","tag-chamamento-publico","tag-formacao","tag-lei-no-12-232-2010","tag-licitacoes-3","tag-membros","tag-municipio-de-campo-mourao","tag-orgaos-publicos","tag-pleno","tag-procedimentos-licitatorios","tag-publicidade","tag-publicidade-institucional","tag-servicos-2","tag-subcomissao","tag-subcomissao-tecnica","tag-tribunal-de-contas-do-estado-do-parana"],"acf":[],"_links":{"self":[{"href":"https:\/\/sgpsolucoes.com.br\/site\/wp-json\/wp\/v2\/posts\/13232"}],"collection":[{"href":"https:\/\/sgpsolucoes.com.br\/site\/wp-json\/wp\/v2\/posts"}],"about":[{"href":"https:\/\/sgpsolucoes.com.br\/site\/wp-json\/wp\/v2\/types\/post"}],"author":[{"embeddable":true,"href":"https:\/\/sgpsolucoes.com.br\/site\/wp-json\/wp\/v2\/users\/5"}],"replies":[{"embeddable":true,"href":"https:\/\/sgpsolucoes.com.br\/site\/wp-json\/wp\/v2\/comments?post=13232"}],"version-history":[{"count":0,"href":"https:\/\/sgpsolucoes.com.br\/site\/wp-json\/wp\/v2\/posts\/13232\/revisions"}],"wp:attachment":[{"href":"https:\/\/sgpsolucoes.com.br\/site\/wp-json\/wp\/v2\/media?parent=13232"}],"wp:term":[{"taxonomy":"category","embeddable":true,"href":"https:\/\/sgpsolucoes.com.br\/site\/wp-json\/wp\/v2\/categories?post=13232"},{"taxonomy":"post_tag","embeddable":true,"href":"https:\/\/sgpsolucoes.com.br\/site\/wp-json\/wp\/v2\/tags?post=13232"}],"curies":[{"name":"wp","href":"https:\/\/api.w.org\/{rel}","templated":true}]}}