{"id":13236,"date":"2025-07-24T18:20:34","date_gmt":"2025-07-24T21:20:34","guid":{"rendered":"https:\/\/sgpsolucoes.com.br\/site\/?p=13236"},"modified":"2025-07-24T18:20:44","modified_gmt":"2025-07-24T21:20:44","slug":"tce-pr-tamandare-deve-anular-parcialmente-chamamento-publico-para-gestao-de-upa-por-conta-da-utilizacao-do-termo-generico-unidade-de-saude","status":"publish","type":"post","link":"https:\/\/sgpsolucoes.com.br\/site\/tce-pr-tamandare-deve-anular-parcialmente-chamamento-publico-para-gestao-de-upa-por-conta-da-utilizacao-do-termo-generico-unidade-de-saude\/","title":{"rendered":"TCE-PR: Tamandar\u00e9 deve anular parcialmente chamamento p\u00fablico para gest\u00e3o de UPA, por conta da utiliza\u00e7\u00e3o do termo gen\u00e9rico &#8220;unidade de sa\u00fade&#8221;"},"content":{"rendered":"<p>O Munic\u00edpio de Almirante Tamandar\u00e9, na Regi\u00e3o Metropolitana de Curitiba, dever\u00e1 anular parte do Chamamento P\u00fablico n\u00ba 14\/2023, em raz\u00e3o de irregularidades durante a fase de contagem de pontos para fins de habilita\u00e7\u00e3o t\u00e9cnica das entidades interessadas no processo.<\/p><p>A decis\u00e3o \u00e9 do Pleno do Tribunal de Contas do Estado do Paran\u00e1 (TCE-PR), que julgou procedente Den\u00fancia apresentada por uma das participantes do procedimento, que teve como objetivo identificar organiza\u00e7\u00f5es sociais com experi\u00eancia na \u00e1rea da sa\u00fade interessadas em celebrar contrato de gest\u00e3o com a prefeitura, no valor m\u00e1ximo de R$ 25 milh\u00f5es durante 12 meses, para administrar uma unidade de pronto atendimento (UPA) 24 horas.<\/p><p><strong>Den\u00fancia<\/strong><\/p><p>Toda a pol\u00eamica foi causada pela utiliza\u00e7\u00e3o do termo gen\u00e9rico &#8220;unidade de sa\u00fade&#8221; no item 13.3 do edital do chamamento para atribuir pontua\u00e7\u00e3o \u00e0s organiza\u00e7\u00f5es sociais que comprovassem experi\u00eancia no gerenciamento desse tipo de estabelecimento.<\/p><p>Entretanto, o documento n\u00e3o especificou qual seria o n\u00edvel de complexidade do atendimento oferecido por essas &#8220;unidades de sa\u00fade&#8221; &#8211; se b\u00e1sico ou intermedi\u00e1rio, por exemplo. Conforme classifica\u00e7\u00e3o do Minist\u00e9rio da Sa\u00fade, as UPAs 24 horas s\u00e3o unidades de atendimento de m\u00e9dia complexidade.<\/p><p>O Instituto de Desenvolvimento, Ensino e Assist\u00eancia \u00e0 Sa\u00fade (Ideas), entidade autora da Den\u00fancia, apresentou documenta\u00e7\u00e3o comprovando sua experi\u00eancia pr\u00e9via na gest\u00e3o de unidades de sa\u00fade &#8211; inclusive aquelas com funcionamento 24 horas, como hospitais -, por\u00e9m nenhuma pontua\u00e7\u00e3o foi atribu\u00edda \u00e0 interessada pela comiss\u00e3o especial de sele\u00e7\u00e3o.<\/p><p>Em resposta a recurso administrativo formulado pela denunciante, o colegiado argumentou que o termo &#8220;unidade de sa\u00fade&#8221;, previsto em edital, na verdade deveria ser interpretado como &#8220;unidade b\u00e1sica de sa\u00fade&#8221;. Ou seja, somente seria v\u00e1lida a experi\u00eancia comprovada pelas candidatas na gest\u00e3o de unidades de sa\u00fade de baixa complexidade.<\/p><p>Inconformado com a decis\u00e3o, o instituto ingressou com processo de Den\u00fancia junto ao TCE-PR, pedindo a suspens\u00e3o cautelar do chamamento p\u00fablico e do contrato firmado com a vencedora do certame, a qual, segundo a peticion\u00e1ria, tamb\u00e9m apresentou atestados comprovando a gest\u00e3o de unidades de sa\u00fade de m\u00e9dia e alta complexidade, recebendo, no entanto, pontua\u00e7\u00e3o por tais documentos &#8211; o que implicaria em poss\u00edvel tratamento desigual \u00e0s participantes por parte do munic\u00edpio.<\/p><p><strong>Princ\u00edpio<\/strong><\/p><p>De acordo com o relator do processo, conselheiro Ivan Bonilha, se a cl\u00e1usula 13.3 do edital n\u00e3o estabeleceu que a comprova\u00e7\u00e3o de gest\u00e3o se limitava \u00e0s unidades b\u00e1sicas de sa\u00fade, \u00e9 indevida a interpreta\u00e7\u00e3o posterior dada pela administra\u00e7\u00e3o ao exigir das licitantes o cumprimento desse requisito.<\/p><p>&#8220;Ora, a utiliza\u00e7\u00e3o do termo ?unidade de sa\u00fade&#8217; possibilita a demonstra\u00e7\u00e3o de experi\u00eancia de maneira ampla, por englobar diversos estabelecimentos que prestam servi\u00e7os na \u00e1rea de sa\u00fade. Sendo assim, evidente que a imposi\u00e7\u00e3o de exig\u00eancia que n\u00e3o consta expressamente no edital viola o princ\u00edpio da vincula\u00e7\u00e3o ao instrumento convocat\u00f3rio&#8221;, afirmou o relator em seu voto.<\/p><p>Para o conselheiro, ainda que a exig\u00eancia de experi\u00eancia na gest\u00e3o de unidades b\u00e1sicas de sa\u00fade estivesse expl\u00edcita, ainda assim seria question\u00e1vel, pois tal imposi\u00e7\u00e3o seria capaz de gerar restritividade \u00e0 competi\u00e7\u00e3o, podendo impor \u00e0 administra\u00e7\u00e3o uma contrata\u00e7\u00e3o prejudicial \u00e0 vantajosidade econ\u00f4mica e ao interesse p\u00fablico.<\/p><p>&#8220;Nesse norte, sendo o objeto da contrata\u00e7\u00e3o a gest\u00e3o de UPA, n\u00e3o se mostra plaus\u00edvel restringir a comprova\u00e7\u00e3o de experi\u00eancia apenas em gest\u00e3o de unidades b\u00e1sicas de sa\u00fade, de menor complexidade, deixando de admitir a comprova\u00e7\u00e3o de experi\u00eancia em gest\u00e3o de servi\u00e7os de sa\u00fade de maior complexidade&#8221;, observou Bonilha, ao afirmar que a licita\u00e7\u00e3o a partir da fase de pontua\u00e7\u00e3o est\u00e1 eivada de v\u00edcios.<\/p><p><strong>Decis\u00e3o<\/strong><\/p><p>Assim, o relator manifestou-se pela expedi\u00e7\u00e3o de determina\u00e7\u00e3o ao munic\u00edpio para que proceda \u00e0 anula\u00e7\u00e3o parcial, em at\u00e9 30 dias ap\u00f3s o tr\u00e2nsito em julgado da decis\u00e3o do Pleno do TCE-PR, do Chamamento P\u00fablico n\u00ba 14\/2023.<\/p><p>Al\u00e9m disso, no caso de a administra\u00e7\u00e3o local definir-se pela retomada do certame, Bonilha defendeu a emiss\u00e3o de determina\u00e7\u00e3o para que o procedimento seja retomado \u00e0 fase de julgamento e classifica\u00e7\u00e3o das propostas, bem como que n\u00e3o seja dada interpreta\u00e7\u00e3o restritiva \u00e0 express\u00e3o &#8220;unidade de sa\u00fade&#8221; para fins de avalia\u00e7\u00e3o da comprova\u00e7\u00e3o da experi\u00eancia das entidades interessadas.<\/p><p>Em seu voto, o conselheiro seguiu o mesmo entendimento manifestado na instru\u00e7\u00e3o da ent\u00e3o Coordenadoria de Gest\u00e3o Municipal (CGM) do TCE-PR e no parecer do Minist\u00e9rio P\u00fablico de Contas (MPC-PR) a respeito do caso.<\/p><p>Os demais membros do \u00f3rg\u00e3o colegiado da Corte acompanharam, de forma un\u00e2nime, o voto do relator na Sess\u00e3o de Plen\u00e1rio Virtual n\u00ba 12\/2025, conclu\u00edda em 3 de julho. Cabe recurso contra a decis\u00e3o contida no Acord\u00e3o n\u00ba 1667\/25 &#8211; Tribunal Pleno, publicado no dia 11 do mesmo m\u00eas na&nbsp;<a href=\"https:\/\/www1.tce.pr.gov.br\/conteudo\/diario-eletronico-3481-2025-de-11-de-julho-de-2025\/363837\/area\/10\">edi\u00e7\u00e3o n\u00ba 3.481 do Di\u00e1rio Eletr\u00f4nico do TCE-PR<\/a>.<\/p><p>&nbsp;<strong>Servi\u00e7o<\/strong><\/p><figure class=\"wp-block-table\"><table class=\"has-fixed-layout\"><tbody><tr><td><strong>Processo<\/strong>&nbsp;<strong>n\u00ba<\/strong>:<\/td><td>343935\/24<\/td><\/tr><tr><td><strong>Ac\u00f3rd\u00e3o n\u00ba<\/strong><\/td><td>1667\/25 &#8211; Tribunal Pleno<\/td><\/tr><tr><td><strong>Assunto<\/strong>:<\/td><td>Den\u00fancia<\/td><\/tr><tr><td><strong>Entidade<\/strong>:<\/td><td>Munic\u00edpio de Almirante Tamandar\u00e9<\/td><\/tr><tr><td><strong>Interessados<\/strong>:<\/td><td>Gerson Denilson Colodel, Instituto de Desenvolvimento, Ensino e Assist\u00eancia \u00e0 Sa\u00fade de Arauc\u00e1ria, Jo\u00e3o Gustavo Kepes Noronha, Marcelo Czaikowski e Viva Rio<\/td><\/tr><tr><td><strong>Relator<\/strong>:<\/td><td>Conselheiro Ivan Lelis Bonilha<\/td><\/tr><\/tbody><\/table><\/figure><p><strong>Fonte:&nbsp;TCE\/PR<\/strong><\/p>\n    <div class=\"xs_social_share_widget xs_share_url after_content \t\tmain_content  wslu-style-1 wslu-share-box-shaped wslu-fill-colored wslu-none wslu-share-horizontal wslu-theme-font-no wslu-main_content\">\n\n\t\t\n        <ul>\n\t\t\t        <\/ul>\n    <\/div> \n","protected":false},"excerpt":{"rendered":"<p>O Munic\u00edpio de Almirante Tamandar\u00e9, na Regi\u00e3o Metropolitana de Curitiba, dever\u00e1 anular parte do Chamamento P\u00fablico n\u00ba 14\/2023, em raz\u00e3o de irregularidades durante a fase de contagem de pontos para fins de habilita\u00e7\u00e3o t\u00e9cnica das entidades interessadas no processo.<\/p>\n","protected":false},"author":5,"featured_media":0,"comment_status":"open","ping_status":"open","sticky":false,"template":"","format":"standard","meta":{"postBodyCss":"","postBodyMargin":[],"postBodyPadding":[],"postBodyBackground":{"backgroundType":"classic","gradient":""},"_price":"","_stock":"","_tribe_ticket_header":"","_tribe_default_ticket_provider":"","_tribe_ticket_capacity":"0","_ticket_start_date":"","_ticket_end_date":"","_tribe_ticket_show_description":"","_tribe_ticket_show_not_going":false,"_tribe_ticket_use_global_stock":"","_tribe_ticket_global_stock_level":"","_global_stock_mode":"","_global_stock_cap":"","_tribe_rsvp_for_event":"","_tribe_ticket_going_count":"","_tribe_ticket_not_going_count":"","_tribe_tickets_list":"[]","_tribe_ticket_has_attendee_info_fields":false,"footnotes":""},"categories":[46],"tags":[13336,3230,4732,5542,726,1631,13342,13338,4861,13339,489,13337,4789,4177,4053,1199,1502,8542,354,13340,356,4864,13341,3236],"class_list":["post-13236","post","type-post","status-publish","format-standard","hentry","category-noticias","tag-anular-parcialmente","tag-area-da-saude","tag-chamamento-publico","tag-contrato-de-gestao","tag-denuncia","tag-entidades","tag-experiencia","tag-fase-de-contagem-de-pontos","tag-gestao-de-upa","tag-habilitacao-tecnica","tag-irregularidades","tag-municipio-de-almirante-tamandare","tag-objetivo","tag-organizacoes-sociais","tag-participantes","tag-pleno","tag-procedimento","tag-tamandare","tag-tce-pr","tag-termo-generico","tag-tribunal-de-contas-do-estado-do-parana","tag-unidade-de-pronto-atendimento","tag-unidade-de-saude","tag-upa"],"acf":[],"_links":{"self":[{"href":"https:\/\/sgpsolucoes.com.br\/site\/wp-json\/wp\/v2\/posts\/13236"}],"collection":[{"href":"https:\/\/sgpsolucoes.com.br\/site\/wp-json\/wp\/v2\/posts"}],"about":[{"href":"https:\/\/sgpsolucoes.com.br\/site\/wp-json\/wp\/v2\/types\/post"}],"author":[{"embeddable":true,"href":"https:\/\/sgpsolucoes.com.br\/site\/wp-json\/wp\/v2\/users\/5"}],"replies":[{"embeddable":true,"href":"https:\/\/sgpsolucoes.com.br\/site\/wp-json\/wp\/v2\/comments?post=13236"}],"version-history":[{"count":0,"href":"https:\/\/sgpsolucoes.com.br\/site\/wp-json\/wp\/v2\/posts\/13236\/revisions"}],"wp:attachment":[{"href":"https:\/\/sgpsolucoes.com.br\/site\/wp-json\/wp\/v2\/media?parent=13236"}],"wp:term":[{"taxonomy":"category","embeddable":true,"href":"https:\/\/sgpsolucoes.com.br\/site\/wp-json\/wp\/v2\/categories?post=13236"},{"taxonomy":"post_tag","embeddable":true,"href":"https:\/\/sgpsolucoes.com.br\/site\/wp-json\/wp\/v2\/tags?post=13236"}],"curies":[{"name":"wp","href":"https:\/\/api.w.org\/{rel}","templated":true}]}}