{"id":13245,"date":"2025-07-25T16:17:23","date_gmt":"2025-07-25T19:17:23","guid":{"rendered":"https:\/\/sgpsolucoes.com.br\/site\/?p=13245"},"modified":"2025-07-25T16:17:39","modified_gmt":"2025-07-25T19:17:39","slug":"associacoes-acionam-stf-contra-lei-que-limita-ensino-sobre-genero-em-escolas-do-espirito-santo","status":"publish","type":"post","link":"https:\/\/sgpsolucoes.com.br\/site\/associacoes-acionam-stf-contra-lei-que-limita-ensino-sobre-genero-em-escolas-do-espirito-santo\/","title":{"rendered":"Associa\u00e7\u00f5es acionam STF contra lei que limita ensino sobre g\u00eanero em escolas do Esp\u00edrito Santo"},"content":{"rendered":"<p><em>Para organiza\u00e7\u00f5es LGBTQIAPN+, a norma invade compet\u00eancia privativa da Uni\u00e3o e imp\u00f5e limita\u00e7\u00e3o \u00e0s atividades de docentes<\/em><\/p><p>Tr\u00eas organiza\u00e7\u00f5es defensoras dos direitos das pessoas LGBTQIAPN+ ingressaram com uma a\u00e7\u00e3o no Supremo Tribunal Federal (STF) contra uma lei do Esp\u00edrito Santo que autoriza pais ou respons\u00e1veis a proibirem seus filhos ou tutelados de participarem de aulas sobre identidade de g\u00eanero, orienta\u00e7\u00e3o sexual, diversidade sexual, igualdade de g\u00eanero e temas semelhantes. O processo foi distribu\u00eddo \u00e0 ministra C\u00e1rmen L\u00facia.<\/p><p>Na A\u00e7\u00e3o Direta de Inconstitucionalidade&nbsp;<strong><a href=\"https:\/\/portal.stf.jus.br\/processos\/detalhe.asp?incidente=7319173\" target=\"_blank\" rel=\"noreferrer noopener\">(ADI) 7847<\/a><\/strong>, as entidades argumentam que a Lei estadual 12.479\/2025 viola a Constitui\u00e7\u00e3o por invadir compet\u00eancia exclusiva da Uni\u00e3o para legislar sobre diretrizes e bases da educa\u00e7\u00e3o nacional, al\u00e9m de afrontar direitos fundamentais como a liberdade de express\u00e3o e a liberdade de c\u00e1tedra.<\/p><p>As organiza\u00e7\u00f5es tamb\u00e9m sustentam que a lei provoca uma situa\u00e7\u00e3o de anormalidade no ambiente escolar, pois os docentes podem ser obrigados a silenciar diante de perguntas de alunos devido \u00e0 proibi\u00e7\u00e3o imposta por alguns pais que n\u00e3o desejam que determinados temas sejam debatidos em sala de aula.<\/p><p>A ADI 7847 foi proposta conjuntamente pela Alian\u00e7a Nacional LGBTI+ (Alian\u00e7a), pela Associa\u00e7\u00e3o Brasileira de Fam\u00edlias Homotransafetivas (Abrafh) e pela Associa\u00e7\u00e3o Comunit\u00e1ria, Cultural e de Apoio Social \u2013 F\u00f3rum Nacional de Travestis e Transexuais Negras e Negros (Fonatrans).<\/p><p><strong>Fonte: STF<\/strong><\/p><p><\/p>\n    <div class=\"xs_social_share_widget xs_share_url after_content \t\tmain_content  wslu-style-1 wslu-share-box-shaped wslu-fill-colored wslu-none wslu-share-horizontal wslu-theme-font-no wslu-main_content\">\n\n\t\t\n        <ul>\n\t\t\t        <\/ul>\n    <\/div> \n","protected":false},"excerpt":{"rendered":"<p>Tr\u00eas organiza\u00e7\u00f5es defensoras dos direitos das pessoas LGBTQIAPN+ ingressaram com uma a\u00e7\u00e3o no Supremo Tribunal Federal (STF) contra uma lei do Esp\u00edrito Santo que autoriza pais ou respons\u00e1veis a proibirem seus filhos ou tutelados de participarem de aulas sobre identidade de g\u00eanero, orienta\u00e7\u00e3o sexual, diversidade sexual, igualdade de g\u00eanero e temas semelhantes. O processo foi distribu\u00eddo \u00e0 ministra C\u00e1rmen L\u00facia.<\/p>\n","protected":false},"author":5,"featured_media":0,"comment_status":"open","ping_status":"open","sticky":false,"template":"","format":"standard","meta":{"postBodyCss":"","postBodyMargin":[],"postBodyPadding":[],"postBodyBackground":{"backgroundType":"classic","gradient":""},"_price":"","_stock":"","_tribe_ticket_header":"","_tribe_default_ticket_provider":"","_tribe_ticket_capacity":"0","_ticket_start_date":"","_ticket_end_date":"","_tribe_ticket_show_description":"","_tribe_ticket_show_not_going":false,"_tribe_ticket_use_global_stock":"","_tribe_ticket_global_stock_level":"","_global_stock_mode":"","_global_stock_cap":"","_tribe_rsvp_for_event":"","_tribe_ticket_going_count":"","_tribe_ticket_not_going_count":"","_tribe_tickets_list":"[]","_tribe_ticket_has_attendee_info_fields":false,"footnotes":""},"categories":[46],"tags":[1054,13353,10284,13351,3431,13354,2252,2840,1363,2440,527,13360,13350,13359,1208,4866,1839,3368,6939,2323,6942,1563,13352,1465,13358,7535,13349,13356,5181,13357,1686,1681,347,348,11528,13355],"class_list":["post-13245","post","type-post","status-publish","format-standard","hentry","category-noticias","tag-acao-direta-de-inconstitucionalidade","tag-adi-7847","tag-associacoes","tag-aulas","tag-autoriza","tag-bases","tag-competencia-exclusiva-da-uniao","tag-competencia-privativa-da-uniao","tag-constituicao","tag-direitos-fundamentais","tag-diretrizes","tag-diversidade-sexual","tag-docentes","tag-educacao-nacional","tag-ensino","tag-escolas","tag-espirito-santo","tag-filhos","tag-genero","tag-identidade","tag-igualdade-de-genero","tag-lei","tag-lei-estadual-12-479-2025","tag-lgbtqiapn","tag-liberdade-de-catedra","tag-liberdade-de-expressao","tag-limitacao","tag-ministra-carmen-lucia","tag-organizacoes","tag-orientacao-sexual","tag-pais","tag-responsaveis","tag-stf","tag-supremo-tribunal-federal","tag-temas","tag-tutelados"],"acf":[],"_links":{"self":[{"href":"https:\/\/sgpsolucoes.com.br\/site\/wp-json\/wp\/v2\/posts\/13245"}],"collection":[{"href":"https:\/\/sgpsolucoes.com.br\/site\/wp-json\/wp\/v2\/posts"}],"about":[{"href":"https:\/\/sgpsolucoes.com.br\/site\/wp-json\/wp\/v2\/types\/post"}],"author":[{"embeddable":true,"href":"https:\/\/sgpsolucoes.com.br\/site\/wp-json\/wp\/v2\/users\/5"}],"replies":[{"embeddable":true,"href":"https:\/\/sgpsolucoes.com.br\/site\/wp-json\/wp\/v2\/comments?post=13245"}],"version-history":[{"count":0,"href":"https:\/\/sgpsolucoes.com.br\/site\/wp-json\/wp\/v2\/posts\/13245\/revisions"}],"wp:attachment":[{"href":"https:\/\/sgpsolucoes.com.br\/site\/wp-json\/wp\/v2\/media?parent=13245"}],"wp:term":[{"taxonomy":"category","embeddable":true,"href":"https:\/\/sgpsolucoes.com.br\/site\/wp-json\/wp\/v2\/categories?post=13245"},{"taxonomy":"post_tag","embeddable":true,"href":"https:\/\/sgpsolucoes.com.br\/site\/wp-json\/wp\/v2\/tags?post=13245"}],"curies":[{"name":"wp","href":"https:\/\/api.w.org\/{rel}","templated":true}]}}