{"id":13298,"date":"2025-07-28T14:36:17","date_gmt":"2025-07-28T17:36:17","guid":{"rendered":"https:\/\/sgpsolucoes.com.br\/site\/?p=13298"},"modified":"2025-07-28T14:36:18","modified_gmt":"2025-07-28T17:36:18","slug":"stf-mantem-transferencia-de-empregados-de-extinta-estatal-de-energia-aos-quadros-do-executivo-de-roraima","status":"publish","type":"post","link":"https:\/\/sgpsolucoes.com.br\/site\/stf-mantem-transferencia-de-empregados-de-extinta-estatal-de-energia-aos-quadros-do-executivo-de-roraima\/","title":{"rendered":"STF mant\u00e9m transfer\u00eancia de empregados de extinta estatal de energia aos quadros do Executivo de Roraima"},"content":{"rendered":"<p><em><strong>Para o ministro Fl\u00e1vio Dino, a lei estadual que prev\u00ea a transfer\u00eancia obedece ao entendimento do STF sobre a mat\u00e9ria<\/strong><\/em><\/p><p>O ministro Fl\u00e1vio Dino, do Supremo Tribunal Federal (STF), manteve a lei de Roraima que transfere para os quadros do Executivo estadual os empregados p\u00fablicos da extinta Companhia Energ\u00e9tica do Estado de Roraima (CERR). A liminar foi concedida na A\u00e7\u00e3o Direta de Inconstitucionalidade&nbsp;<a href=\"https:\/\/portal.stf.jus.br\/processos\/detalhe.asp?incidente=7292546\" target=\"_blank\" rel=\"noreferrer noopener\"><strong>(ADI) 7832<\/strong><\/a>&nbsp;.<\/p><p>Na decis\u00e3o, Dino levou em conta que a legisla\u00e7\u00e3o local parece ter respeitado todas as diretrizes do STF em rela\u00e7\u00e3o ao tema. Ele ressaltou que o aproveitamento dos trabalhadores p\u00fablicos deve ocorrer para o exerc\u00edcio de atividades t\u00e9cnicas, operacionais e de apoio administrativo, sendo vedada a transfer\u00eancia para cargas efetivas estatut\u00e1rias.&nbsp;&nbsp;<\/p><h5 class=\"wp-block-heading\"><strong>Iniciativa&nbsp;&nbsp;<\/strong><\/h5><p>A a\u00e7\u00e3o foi movida pelo governador de Roraima, Antonio Denarium, contra duas emendas \u00e0 Constitui\u00e7\u00e3o estadual, promulgadas em 2017 e 2020, e a Lei local 1.666\/2022. O governador alega que as emendas deveriam ter sido propostas pelo Executivo. J\u00e1 a lei, embora de iniciativa do Executivo, teve seu teor \u201calterado vantajoso\u201d durante a tramita\u00e7\u00e3o na Assembleia Legislativa.<\/p><p>Entre outros pontos, as emendas obrigam o governo a aproveitar em seus quadros os empregados p\u00fablicos de todas as empresas estaduais extintas. J\u00e1 a lei trata especificamente da redistribui\u00e7\u00e3o dos funcion\u00e1rios do CERR, que encerraram suas atividades em 2016.<\/p><h5 class=\"wp-block-heading\"><strong>Aproveitamento&nbsp;<\/strong><\/h5><p>Na an\u00e1lise preliminar do caso, o ministro Fl\u00e1vio Dino entendeu que as emendas violavam a prerrogativa do governador de propor medidas relativas ao regime jur\u00eddico dos servidores e \u00e0 organiza\u00e7\u00e3o da administra\u00e7\u00e3o p\u00fablica. Nesse ponto, a decis\u00e3o acolhe o pedido do governador e suspende a efic\u00e1cia das regras questionadas.<\/p><p>J\u00e1 em rela\u00e7\u00e3o \u00e0 Lei 1.666\/2022, o relator n\u00e3o constatou irregularidades, pois, a seu ver, foram impostas todas as diretrizes firmadas pelas disposi\u00e7\u00f5es do Supremo. Dino testemunhou que a norma estadual mant\u00e9m o v\u00ednculo celetista (regido pela Consolida\u00e7\u00e3o das Leis do Trabalho \u2013 CLT), estabelece que o reaproveitamento deve respeitar a natureza e a complexidade das fun\u00e7\u00f5es exercidas antes e s\u00f3 vale para empregados concursados.&nbsp;&nbsp;<\/p><h5 class=\"wp-block-heading\"><strong>V\u00ednculo jur\u00eddico<\/strong><\/h5><p>O ministro tamb\u00e9m observou que n\u00e3o h\u00e1 mais a obrigatoriedade de todos os servidores p\u00fablicos serem enquadrados como estatut\u00e1rios (vinculados ao estatuto de servidores p\u00fablicos). A mudan\u00e7a foi adotada pela Emenda Constitucional 20\/1998, validada pelo STF em novembro de 2024. Agora, tanto o regime estatut\u00e1rio quanto o celetista podem ser adotados, ao mesmo tempo, na administra\u00e7\u00e3o p\u00fablica direta, autarquias e funda\u00e7\u00f5es.<\/p><p>Leia a&nbsp;<a href=\"https:\/\/portal.stf.jus.br\/processos\/downloadPeca.asp?id=15378602028&amp;ext=.pdf\" target=\"_blank\" rel=\"noreferrer noopener\"><strong>\u00edntegra da decis\u00e3o<\/strong><\/a>&nbsp;.&nbsp;<\/p><p><strong>Fonte: STF<\/strong><\/p>\n    <div class=\"xs_social_share_widget xs_share_url after_content \t\tmain_content  wslu-style-1 wslu-share-box-shaped wslu-fill-colored wslu-none wslu-share-horizontal wslu-theme-font-no wslu-main_content\">\n\n\t\t\n        <ul>\n\t\t\t        <\/ul>\n    <\/div> \n","protected":false},"excerpt":{"rendered":"<p>O ministro Fl\u00e1vio Dino, do Supremo Tribunal Federal (STF), manteve a lei de Roraima que transfere para os quadros do Executivo estadual os empregados p\u00fablicos da extinta Companhia Energ\u00e9tica do Estado de Roraima (CERR). A liminar foi concedida na A\u00e7\u00e3o Direta de Inconstitucionalidade\u00a0(ADI) 7832\u00a0.<\/p>\n","protected":false},"author":5,"featured_media":0,"comment_status":"open","ping_status":"open","sticky":false,"template":"","format":"standard","meta":{"postBodyCss":"","postBodyMargin":[],"postBodyPadding":[],"postBodyBackground":{"backgroundType":"classic","gradient":""},"_price":"","_stock":"","_tribe_ticket_header":"","_tribe_default_ticket_provider":"","_tribe_ticket_capacity":"0","_ticket_start_date":"","_ticket_end_date":"","_tribe_ticket_show_description":"","_tribe_ticket_show_not_going":false,"_tribe_ticket_use_global_stock":"","_tribe_ticket_global_stock_level":"","_global_stock_mode":"","_global_stock_cap":"","_tribe_rsvp_for_event":"","_tribe_ticket_going_count":"","_tribe_ticket_not_going_count":"","_tribe_tickets_list":"[]","_tribe_ticket_has_attendee_info_fields":false,"footnotes":""},"categories":[46],"tags":[1054,13460,13461,13459,4535,6367,13457,13458,13456,1646,7019,1837,347,348,10310],"class_list":["post-13298","post","type-post","status-publish","format-standard","hentry","category-noticias","tag-acao-direta-de-inconstitucionalidade","tag-adi-7832","tag-cerr","tag-companhia-energetica-do-estado-de-roraima","tag-empregados","tag-empregados-publicos","tag-estatal-de-energia","tag-executivo-de-roraima","tag-extinta","tag-lei-de-roraima","tag-lei-estadual","tag-ministro-flavio-dino","tag-stf","tag-supremo-tribunal-federal","tag-transferencia"],"acf":[],"_links":{"self":[{"href":"https:\/\/sgpsolucoes.com.br\/site\/wp-json\/wp\/v2\/posts\/13298"}],"collection":[{"href":"https:\/\/sgpsolucoes.com.br\/site\/wp-json\/wp\/v2\/posts"}],"about":[{"href":"https:\/\/sgpsolucoes.com.br\/site\/wp-json\/wp\/v2\/types\/post"}],"author":[{"embeddable":true,"href":"https:\/\/sgpsolucoes.com.br\/site\/wp-json\/wp\/v2\/users\/5"}],"replies":[{"embeddable":true,"href":"https:\/\/sgpsolucoes.com.br\/site\/wp-json\/wp\/v2\/comments?post=13298"}],"version-history":[{"count":0,"href":"https:\/\/sgpsolucoes.com.br\/site\/wp-json\/wp\/v2\/posts\/13298\/revisions"}],"wp:attachment":[{"href":"https:\/\/sgpsolucoes.com.br\/site\/wp-json\/wp\/v2\/media?parent=13298"}],"wp:term":[{"taxonomy":"category","embeddable":true,"href":"https:\/\/sgpsolucoes.com.br\/site\/wp-json\/wp\/v2\/categories?post=13298"},{"taxonomy":"post_tag","embeddable":true,"href":"https:\/\/sgpsolucoes.com.br\/site\/wp-json\/wp\/v2\/tags?post=13298"}],"curies":[{"name":"wp","href":"https:\/\/api.w.org\/{rel}","templated":true}]}}