{"id":13302,"date":"2025-07-28T14:43:51","date_gmt":"2025-07-28T17:43:51","guid":{"rendered":"https:\/\/sgpsolucoes.com.br\/site\/?p=13302"},"modified":"2025-07-28T14:43:52","modified_gmt":"2025-07-28T17:43:52","slug":"terceira-turma-do-stj-mantem-direito-de-resposta-para-clinica-que-apontou-informacoes-falsas-em-reportagens-de-tv","status":"publish","type":"post","link":"https:\/\/sgpsolucoes.com.br\/site\/terceira-turma-do-stj-mantem-direito-de-resposta-para-clinica-que-apontou-informacoes-falsas-em-reportagens-de-tv\/","title":{"rendered":"Terceira Turma do STJ mant\u00e9m direito de resposta para cl\u00ednica que apontou informa\u00e7\u00f5es falsas em reportagens de TV"},"content":{"rendered":"<p>A Terceira Turma do Superior Tribunal de Justi\u00e7a (STJ), com base nos artigos 2\u00ba, 5\u00ba, par\u00e1grafo 2\u00ba, e 8\u00ba da&nbsp;<a href=\"https:\/\/www.planalto.gov.br\/ccivil_03\/_Ato2015-2018\/2015\/Lei\/L13188.htm\">Lei 13.188\/2015<\/a>, manteve o direito de resposta concedido em segunda inst\u00e2ncia a uma cl\u00ednica do Rio de Janeiro que acusou a Rede Globo de divulgar duas reportagens com informa\u00e7\u00f5es inver\u00eddicas a seu respeito.<\/p><p>Em primeira inst\u00e2ncia, o ju\u00edzo considerou improcedente o pedido de direito de resposta, por n\u00e3o ter vislumbrado abuso no exerc\u00edcio da liberdade de imprensa. Por outro lado, o Tribunal de Justi\u00e7a do Rio de Janeiro (TJRJ) determinou a publica\u00e7\u00e3o da resposta.<\/p><p>No STJ, sustentando que o direito concedido \u00e0 cl\u00ednica n\u00e3o teria respeitado os limites e par\u00e2metros fixados em lei, a emissora requereu que a resposta fosse limitada a texto, a ser exibido ou lido durante a programa\u00e7\u00e3o.<\/p><h2 class=\"wp-block-heading\">Direito de resposta reduz desigualdade entre ve\u00edculo de comunica\u00e7\u00e3o e ofendido<\/h2><p>O relator, ministro Ricardo Villas B\u00f4as Cueva, observou que o direito de resposta est\u00e1 previsto tanto na Constitui\u00e7\u00e3o Federal, em seu&nbsp;<a href=\"https:\/\/www.planalto.gov.br\/ccivil_03\/Constituicao\/Constituicao.htm#art5v\">artigo 5\u00ba, inciso V<\/a>, quanto no&nbsp;<a href=\"https:\/\/www.planalto.gov.br\/ccivil_03\/decreto\/D0678.htm\">Pacto de S\u00e3o Jos\u00e9 da Costa Rica<\/a>&nbsp;e na Lei 13.188\/2015.<\/p><p>Segundo ele, os direitos constitucionais de liberdade de express\u00e3o e de imprensa n\u00e3o s\u00e3o absolutos. &#8220;O exerc\u00edcio da liberdade informativa bem como o direito \u00e0 liberdade de express\u00e3o n\u00e3o podem ser usados como pretexto para a dissemina\u00e7\u00e3o de informa\u00e7\u00f5es falsas&#8221;, declarou.<\/p><p>O relator ressaltou tamb\u00e9m que o direito de resposta n\u00e3o deve ser confundido com retrata\u00e7\u00e3o do autor do conte\u00fado jornal\u00edstico. Conforme explicou, a resposta \u00e9 justificada pela desigualdade entre o ofendido e o ofensor, apresentando-se como fator limitante da liberdade de imprensa. &#8220;O&nbsp;direito de resposta corresponde \u00e0 garantia de paridade de armas entre os cidad\u00e3os e os ve\u00edculos de comunica\u00e7\u00e3o social&#8221;, disse.<\/p><h2 class=\"wp-block-heading\">Ofendido tem autonomia para responder de acordo com o dano sofrido<\/h2><p>Villas B\u00f4as Cueva esclareceu que a legisla\u00e7\u00e3o n\u00e3o estabelece restri\u00e7\u00f5es ao exerc\u00edcio do direito de resposta e que o ofendido tem autonomia para responder de acordo com sua avalia\u00e7\u00e3o do dano, e n\u00e3o conforme par\u00e2metros do ve\u00edculo de comunica\u00e7\u00e3o.<\/p><p>O relator reconheceu que, mesmo ap\u00f3s a retrata\u00e7\u00e3o ou retifica\u00e7\u00e3o espont\u00e2nea da informa\u00e7\u00e3o, permanece para o ofendido a possibilidade de exercer, em nome pr\u00f3prio, o direito de resposta, conforme disp\u00f5e a Lei 13.188\/2015. De acordo com o magistrado, o texto legal tamb\u00e9m determina limites para evitar o abuso no exerc\u00edcio do direito de resposta.<\/p><p>No entendimento do ministro, para gerar os efeitos desejados, o direito de resposta deve ser exercido com base nos princ\u00edpios da equival\u00eancia e da imediatidade, n\u00e3o cabendo a an\u00e1lise pr\u00e9via de seu conte\u00fado pelo Poder Judici\u00e1rio, tampouco a concord\u00e2ncia do ofensor.<\/p><p>&#8220;Em situa\u00e7\u00f5es evidentemente desproporcionais, quando se puder verificar de pronto o abuso do direito de resposta para com os fatos ocorridos, caber\u00e1 ao Judici\u00e1rio coibir&nbsp;pontualmente eventuais distor\u00e7\u00f5es e excessos&#8221;, concluiu o relator.<\/p><p><a href=\"https:\/\/processo.stj.jus.br\/processo\/julgamento\/eletronico\/documento\/mediado\/?documento_tipo=integra&amp;documento_sequencial=309161578&amp;registro_numero=202203704766&amp;peticao_numero=&amp;publicacao_data=20250425&amp;formato=PDF\">Leia o ac\u00f3rd\u00e3o no REsp 2.040.329<\/a>.<\/p><p><strong>Esta not\u00edcia refere-se ao(s)&nbsp;<\/strong><strong>processo(s):<\/strong><strong> <\/strong><strong><a href=\"https:\/\/ww2.stj.jus.br\/processo\/pesquisa\/?aplicacao=processos.ea&amp;tipoPesquisa=tipoPesquisaGenerica&amp;termo=REsp%202040329\">REsp 2040329<\/a><\/strong><strong><\/strong><\/p><p><strong>Fonte: STJ<\/strong><\/p>\n    <div class=\"xs_social_share_widget xs_share_url after_content \t\tmain_content  wslu-style-1 wslu-share-box-shaped wslu-fill-colored wslu-none wslu-share-horizontal wslu-theme-font-no wslu-main_content\">\n\n\t\t\n        <ul>\n\t\t\t        <\/ul>\n    <\/div> \n","protected":false},"excerpt":{"rendered":"<p>A Terceira Turma do Superior Tribunal de Justi\u00e7a (STJ), com base nos artigos 2\u00ba, 5\u00ba, par\u00e1grafo 2\u00ba, e 8\u00ba da\u00a0Lei 13.188\/2015, manteve o direito de resposta concedido em segunda inst\u00e2ncia a uma cl\u00ednica do Rio de Janeiro que acusou a Rede Globo de divulgar duas reportagens com informa\u00e7\u00f5es inver\u00eddicas a seu respeito.<\/p>\n","protected":false},"author":5,"featured_media":0,"comment_status":"open","ping_status":"open","sticky":false,"template":"","format":"standard","meta":{"postBodyCss":"","postBodyMargin":[],"postBodyPadding":[],"postBodyBackground":{"backgroundType":"classic","gradient":""},"_price":"","_stock":"","_tribe_ticket_header":"","_tribe_default_ticket_provider":"","_tribe_ticket_capacity":"0","_ticket_start_date":"","_ticket_end_date":"","_tribe_ticket_show_description":"","_tribe_ticket_show_not_going":false,"_tribe_ticket_use_global_stock":"","_tribe_ticket_global_stock_level":"","_global_stock_mode":"","_global_stock_cap":"","_tribe_rsvp_for_event":"","_tribe_ticket_going_count":"","_tribe_ticket_not_going_count":"","_tribe_tickets_list":"[]","_tribe_ticket_has_attendee_info_fields":false,"footnotes":""},"categories":[46],"tags":[3280,7397,11832,13466,13465,13462,13464,13463,2905,4366,229,230,2685],"class_list":["post-13302","post","type-post","status-publish","format-standard","hentry","category-noticias","tag-clinica","tag-direito-de-resposta","tag-informacoes-falsas","tag-informacoes-inveridicas","tag-lei-13-188-2015","tag-rede-globo","tag-reportagens","tag-reportagens-de-tv","tag-rio-de-janeiro","tag-segunda-instancia","tag-stj","tag-superior-tribunal-de-justica","tag-terceira-turma"],"acf":[],"_links":{"self":[{"href":"https:\/\/sgpsolucoes.com.br\/site\/wp-json\/wp\/v2\/posts\/13302"}],"collection":[{"href":"https:\/\/sgpsolucoes.com.br\/site\/wp-json\/wp\/v2\/posts"}],"about":[{"href":"https:\/\/sgpsolucoes.com.br\/site\/wp-json\/wp\/v2\/types\/post"}],"author":[{"embeddable":true,"href":"https:\/\/sgpsolucoes.com.br\/site\/wp-json\/wp\/v2\/users\/5"}],"replies":[{"embeddable":true,"href":"https:\/\/sgpsolucoes.com.br\/site\/wp-json\/wp\/v2\/comments?post=13302"}],"version-history":[{"count":0,"href":"https:\/\/sgpsolucoes.com.br\/site\/wp-json\/wp\/v2\/posts\/13302\/revisions"}],"wp:attachment":[{"href":"https:\/\/sgpsolucoes.com.br\/site\/wp-json\/wp\/v2\/media?parent=13302"}],"wp:term":[{"taxonomy":"category","embeddable":true,"href":"https:\/\/sgpsolucoes.com.br\/site\/wp-json\/wp\/v2\/categories?post=13302"},{"taxonomy":"post_tag","embeddable":true,"href":"https:\/\/sgpsolucoes.com.br\/site\/wp-json\/wp\/v2\/tags?post=13302"}],"curies":[{"name":"wp","href":"https:\/\/api.w.org\/{rel}","templated":true}]}}