{"id":13323,"date":"2025-07-28T16:55:13","date_gmt":"2025-07-28T19:55:13","guid":{"rendered":"https:\/\/sgpsolucoes.com.br\/site\/?p=13323"},"modified":"2025-07-28T16:55:14","modified_gmt":"2025-07-28T19:55:14","slug":"tce-pr-recomenda-que-secretaria-estadual-da-saude-aprimore-licitacoes-e-contratos","status":"publish","type":"post","link":"https:\/\/sgpsolucoes.com.br\/site\/tce-pr-recomenda-que-secretaria-estadual-da-saude-aprimore-licitacoes-e-contratos\/","title":{"rendered":"TCE-PR recomenda que Secretaria Estadual da Sa\u00fade aprimore licita\u00e7\u00f5es e contratos"},"content":{"rendered":"<p>O Tribunal de Contas recomendou que a Secretaria de Estado da Sa\u00fade do Paran\u00e1 (Sesa-PR) tome medidas para aprimorar os procedimentos relativos \u00e0s pr\u00f3ximas licita\u00e7\u00f5es e contrata\u00e7\u00f5es, como submeter o termo de refer\u00eancia ou documento correspondente \u00e0 aprova\u00e7\u00e3o da autoridade competente, al\u00e9m de observar os requisitos de habilita\u00e7\u00e3o previstos nele e exigir o seu cumprimento.<\/p><p>O Tribunal de Contas do Estado do Paran\u00e1 (TCE-PR) recomendou que a secretaria observe o disposto na legisla\u00e7\u00e3o espec\u00edfica e submeta os futuros processos de aquisi\u00e7\u00e3o, contrata\u00e7\u00e3o e processos de transfer\u00eancias, doa\u00e7\u00f5es e loca\u00e7\u00e3o de bens e servi\u00e7os da \u00e1rea da Tecnologia da Informa\u00e7\u00e3o e Telecomunica\u00e7\u00f5es (TIC) \u00e0 aprecia\u00e7\u00e3o do Conselho Estadual de Tecnologia da Informa\u00e7\u00e3o e Telecomunica\u00e7\u00f5es&nbsp;(Cosit).<\/p><p>O TCE-PR tamb\u00e9m recomendou que a pasta observe o princ\u00edpio da vincula\u00e7\u00e3o ao instrumento convocat\u00f3rio, conforme a legisla\u00e7\u00e3o, e elabore o contrato nos estritos termos do projeto b\u00e1sico ou termo de refer\u00eancia; especifique o objeto da licita\u00e7\u00e3o de forma clara e direta, sem utilizar termos gen\u00e9ricos e confusos que venham a prejudicar a identifica\u00e7\u00e3o do real objetivo da contrata\u00e7\u00e3o a ser efetivada; e exija, nos termos de refer\u00eancia, a elabora\u00e7\u00e3o de or\u00e7amentos estimados em planilhas de quantitativos e de pre\u00e7os unit\u00e1rios quando do lan\u00e7amento das licita\u00e7\u00f5es, a fim de balizar o julgamento das propostas com os pre\u00e7os vigentes no mercado e de possibilitar a sele\u00e7\u00e3o da proposta mais vantajosa.<\/p><p>Os conselheiros recomendaram, ainda, que a Sesa-PR realize pesquisa de pre\u00e7os praticados no mercado, incluindo consultas a diversas fontes de informa\u00e7\u00e3o e a \u00f3rg\u00e3os p\u00fablicos, de modo a demonstrar, no caso das contrata\u00e7\u00f5es diretas, a compatibilidade do pre\u00e7o contratado com os valores de mercado; e que o governo estadual, por seu N\u00facleo de Inform\u00e1tica e Informa\u00e7\u00f5es, em aten\u00e7\u00e3o ao disposto na Constitui\u00e7\u00e3o Federal, artigo 37 &#8211; princ\u00edpio da efici\u00eancia -; no artigo 19, VI, do Decreto n\u00ba 7.874\/10; e no artigo 21, VI, do Decreto n\u00ba 9.921\/14, elabore e consolide Plano de A\u00e7\u00e3o para a \u00e1rea da TIC, no \u00e2mbito da Sesa-PR, caso ainda n\u00e3o o tenha feito.<\/p><p><strong>Tomada de Contas Extraordin\u00e1ria<\/strong><\/p><p>A decis\u00e3o foi tomada no processo em que o TCE-PR julgou parcialmente procedente Tomada de Contas Extraordin\u00e1ria referente a irregularidades na contrata\u00e7\u00e3o direta da empresa MV Sistemas Ltda. pela Sesa-PR para a presta\u00e7\u00e3o de servi\u00e7os na \u00e1rea de TIC, consistente na elabora\u00e7\u00e3o e operacionaliza\u00e7\u00e3o do Sistema de Regula\u00e7\u00e3o Assistencial.<\/p><p>Em 2017, a S\u00e9tima Inspetoria de Controle Externo (7\u00aa ICE) do TCE-PR informara, em Comunica\u00e7\u00e3o de Irregularidade, que houve a celebra\u00e7\u00e3o de tr\u00eas contratos entre a Sesa e a MV Sistemas: Contrato n\u00ba 2220-59\/12, que foi aditivado cinco vezes; Contrato n\u00ba 2220-220\/16, com um aditivo, e Contrato n\u00ba 2220-249\/18, que resultaram no desembolso de R$ 114.985.531,50 entre 2012 e 2019.<\/p><p>Ao receber a comunica\u00e7\u00e3o da 7\u00aa ICE, o conselheiro Ivan Bonilha a converteu em processo de Tomada de Contas, expedindo medida cautelar, homologada pelo Ac\u00f3rd\u00e3o n\u00ba 4521\/17 &#8211; Tribunal Pleno do TCE-PR, para que, sem preju\u00edzo \u00e0 continuidade dos servi\u00e7os, a Sesa-PR n\u00e3o realizasse eventuais pagamentos pendentes em favor da contratada, MV Sistemas Ltda., apenas no que excedesse ao indicado pela Companhia de Tecnologia da Informa\u00e7\u00e3o e Comunica\u00e7\u00e3o do Paran\u00e1 (Celepar), em rela\u00e7\u00e3o ao Contrato n\u00ba 2220-220\/16, adotando, de imediato, provid\u00eancias para readequar os valores contratados \u00e0queles indicados pela Celepar.<\/p><p>Esse contrato refere-se aos servi\u00e7os de treinamento, de suporte t\u00e9cnico em hor\u00e1rio comercial e em regime de sobreaviso e de garantia de manuten\u00e7\u00e3o tecnol\u00f3gica e atualiza\u00e7\u00f5es legais.<\/p><p><strong>Decis\u00e3o<\/strong><\/p><p>Ao fundamentar seu voto, o conselheiro Bonilha, concordou com o posicionamento da 7\u00aa ICE e do Minist\u00e9rio P\u00fablico de Contas do Paran\u00e1 (MPC-PR), que opinaram pela proced\u00eancia parcial da Tomada de Contas Extraordin\u00e1ria.<\/p><p>No entanto, o relator ressalvou, em raz\u00e3o das medidas tomadas para sua regulariza\u00e7\u00e3o e dos documentos apresentados como justificativa, as falhas relativas \u00e0 falta de aprova\u00e7\u00e3o formal do termo de refer\u00eancia pela autoridade competente; \u00e0 aus\u00eancia de atendimento \u00e0s exig\u00eancias para a habilita\u00e7\u00e3o da contratada; \u00e0 falta de autoriza\u00e7\u00e3o do Cosit para a celebra\u00e7\u00e3o do contrato; \u00e0 desconformidade entre o termo de refer\u00eancia e o contrato em rela\u00e7\u00e3o ao objeto; \u00e0 falta de descri\u00e7\u00e3o adequada do objeto: \u00e0 aus\u00eancia de planilha de custos e de justificativa de pre\u00e7o e consulta aos pre\u00e7os de mercado; e ao superfaturamento decorrente de sobrepre\u00e7o na contrata\u00e7\u00e3o dos servi\u00e7os.<\/p><p>O conselheiro ressaltou que a medida cautelar foi cumprida pela Sesa-PR, pois o \u00f3rg\u00e3o se certificou acerca dos valores a serem pagos, saldando os valores conforme determinado pelo TCE-PR. Al\u00e9m disso, a documenta\u00e7\u00e3o anexada ao processo demonstra, segundo o relator, que a pasta agiu com o cuidado necess\u00e1rio, sem m\u00e1-f\u00e9, culpa grave ou dolo, e que as dificuldades enfrentadas foram superadas.<\/p><p>O relator destacou que as assessorias t\u00e9cnicas da Sesa-PR e da Celepar confirmaram que os valores foram readequados e que a medida cautelar foi integralmente cumprida pelos interessados. Os gestores, por sua vez, &#8220;agiram com imparcialidade, n\u00e3o desconsiderando as orienta\u00e7\u00f5es t\u00e9cnicas e saldando os valores em conformidade com a medida cautelar&#8221;.<\/p><p>Bonilha lembrou que a Sesa-PR autorizou os pagamentos pendentes e os futuros, considerando as orienta\u00e7\u00f5es t\u00e9cnicas. Os documentos juntados aos autos demonstraram que os gestores agiram com o cuidado objetivo necess\u00e1rio, n\u00e3o desconsiderando as orienta\u00e7\u00f5es t\u00e9cnicas e saldando os valores conforme determinado pelo TCE-PR.<\/p><p>Os conselheiros aprovaram por maioria absoluta o voto do relator, ap\u00f3s a apresenta\u00e7\u00e3o de voto divergente do conselheiro Ivens Linhares, atual presidente do TCE-PR. A decis\u00e3o, tomada na Sess\u00e3o Ordin\u00e1ria n\u00ba 24\/25 do Tribunal Pleno do TCE-PR, realizada presencialmente em 9 de julho, contra a qual cabe recurso, est\u00e1 expressa no Ac\u00f3rd\u00e3o n\u00ba 1708\/25 &#8211; Tribunal Pleno, disponibilizado em 16 de julho, na&nbsp;<a href=\"https:\/\/www1.tce.pr.gov.br\/multimidia\/2025\/7\/pdf\/00396305.pdf\">edi\u00e7\u00e3o n\u00ba 3.488 do&nbsp;Di\u00e1rio Eletr\u00f4nico&nbsp;do TCE-PR (DETC)<\/a>.<\/p><p><strong>Servi\u00e7o<\/strong><\/p><figure class=\"wp-block-table\"><table class=\"has-fixed-layout\"><tbody><tr><td><strong>Processo<\/strong>&nbsp;<strong>n\u00ba<\/strong>:<\/td><td>574234\/17<\/td><\/tr><tr><td><strong>Ac\u00f3rd\u00e3o n\u00ba<\/strong><\/td><td>1708\/25 &#8211; Tribunal Pleno<\/td><\/tr><tr><td><strong>Assunto<\/strong>:<\/td><td>Tomada de Contas Extraordin\u00e1ria<\/td><\/tr><tr><td><strong>Entidade<\/strong>:<\/td><td>Secretaria de Estado da Sa\u00fade<\/td><\/tr><tr><td><strong>Interessados<\/strong>:<\/td><td>MV Sistemas Ltda. e outros<\/td><\/tr><tr><td><strong>Relator<\/strong>:<\/td><td>Conselheiro Ivan Lelis Bonilha<\/td><\/tr><\/tbody><\/table><\/figure><p><strong>Fonte:&nbsp;TCE\/PR<\/strong><\/p>\n    <div class=\"xs_social_share_widget xs_share_url after_content \t\tmain_content  wslu-style-1 wslu-share-box-shaped wslu-fill-colored wslu-none wslu-share-horizontal wslu-theme-font-no wslu-main_content\">\n\n\t\t\n        <ul>\n\t\t\t        <\/ul>\n    <\/div> \n","protected":false},"excerpt":{"rendered":"<p>O Tribunal de Contas recomendou que a Secretaria de Estado da Sa\u00fade do Paran\u00e1 (Sesa-PR) tome medidas para aprimorar os procedimentos relativos \u00e0s pr\u00f3ximas licita\u00e7\u00f5es e contrata\u00e7\u00f5es, como submeter o termo de refer\u00eancia ou documento correspondente \u00e0 aprova\u00e7\u00e3o da autoridade competente, al\u00e9m de observar os requisitos de habilita\u00e7\u00e3o previstos nele e exigir o seu cumprimento.<\/p>\n","protected":false},"author":5,"featured_media":0,"comment_status":"open","ping_status":"open","sticky":false,"template":"","format":"standard","meta":{"postBodyCss":"","postBodyMargin":[],"postBodyPadding":[],"postBodyBackground":{"backgroundType":"classic","gradient":""},"_price":"","_stock":"","_tribe_ticket_header":"","_tribe_default_ticket_provider":"","_tribe_ticket_capacity":"0","_ticket_start_date":"","_ticket_end_date":"","_tribe_ticket_show_description":"","_tribe_ticket_show_not_going":false,"_tribe_ticket_use_global_stock":"","_tribe_ticket_global_stock_level":"","_global_stock_mode":"","_global_stock_cap":"","_tribe_rsvp_for_event":"","_tribe_ticket_going_count":"","_tribe_ticket_not_going_count":"","_tribe_tickets_list":"[]","_tribe_ticket_has_attendee_info_fields":false,"footnotes":""},"categories":[46],"tags":[1138,13506,111,13513,2679,1404,75,13511,13510,13507,260,9813,2813,4853,13509,13504,13505,500,12930,354,13508,2055,13512,1216,451,356],"class_list":["post-13323","post","type-post","status-publish","format-standard","hentry","category-noticias","tag-aquisicao","tag-autoridade-competente","tag-bens","tag-conselho-estadual-de-tecnologia-da-informacao-e-telecomunicacoes","tag-contratacao","tag-contratacoes","tag-contratos","tag-cosit","tag-doacoes-2","tag-documento-correspondente","tag-licitacoes-3","tag-locacao","tag-procedimentos","tag-processos","tag-requisitos-de-habilitacao","tag-secretaria-de-estado-da-saude-do-parana","tag-secretaria-estadual-da-saude","tag-servicos-2","tag-sesa-pr","tag-tce-pr","tag-tecnologia-da-informacao-e-telecomunicacoes","tag-termo-de-referencia","tag-tic","tag-transferencias","tag-tribunal-de-contas","tag-tribunal-de-contas-do-estado-do-parana"],"acf":[],"_links":{"self":[{"href":"https:\/\/sgpsolucoes.com.br\/site\/wp-json\/wp\/v2\/posts\/13323"}],"collection":[{"href":"https:\/\/sgpsolucoes.com.br\/site\/wp-json\/wp\/v2\/posts"}],"about":[{"href":"https:\/\/sgpsolucoes.com.br\/site\/wp-json\/wp\/v2\/types\/post"}],"author":[{"embeddable":true,"href":"https:\/\/sgpsolucoes.com.br\/site\/wp-json\/wp\/v2\/users\/5"}],"replies":[{"embeddable":true,"href":"https:\/\/sgpsolucoes.com.br\/site\/wp-json\/wp\/v2\/comments?post=13323"}],"version-history":[{"count":0,"href":"https:\/\/sgpsolucoes.com.br\/site\/wp-json\/wp\/v2\/posts\/13323\/revisions"}],"wp:attachment":[{"href":"https:\/\/sgpsolucoes.com.br\/site\/wp-json\/wp\/v2\/media?parent=13323"}],"wp:term":[{"taxonomy":"category","embeddable":true,"href":"https:\/\/sgpsolucoes.com.br\/site\/wp-json\/wp\/v2\/categories?post=13323"},{"taxonomy":"post_tag","embeddable":true,"href":"https:\/\/sgpsolucoes.com.br\/site\/wp-json\/wp\/v2\/tags?post=13323"}],"curies":[{"name":"wp","href":"https:\/\/api.w.org\/{rel}","templated":true}]}}