{"id":13330,"date":"2025-07-28T19:03:55","date_gmt":"2025-07-28T22:03:55","guid":{"rendered":"https:\/\/sgpsolucoes.com.br\/site\/?p=13330"},"modified":"2025-07-28T19:03:55","modified_gmt":"2025-07-28T22:03:55","slug":"tce-am-cria-comissao-antirracista-permanente-para-promover-equidade-e-justica-social-no-ambiente-institucional","status":"publish","type":"post","link":"https:\/\/sgpsolucoes.com.br\/site\/tce-am-cria-comissao-antirracista-permanente-para-promover-equidade-e-justica-social-no-ambiente-institucional\/","title":{"rendered":"\u200bTCE-AM cria Comiss\u00e3o Antirracista Permanente para promover equidade e justi\u00e7a social no ambiente institucional"},"content":{"rendered":"<p>Em um movimento que refor\u00e7a o compromisso com os direitos humanos e a equidade racial, o Tribunal de Contas do Amazonas (TCE-AM) instituiu a Comiss\u00e3o de Assessoramento Permanente Antirracista. A medida foi oficializada pela conselheira-presidente Yara Amaz\u00f4nia Lins, para quem a cria\u00e7\u00e3o da comiss\u00e3o representa um passo necess\u00e1rio para que o Tribunal cumpra, com coer\u00eancia, seu papel institucional e social.<\/p><p>\u201cO enfrentamento ao racismo n\u00e3o pode ser uma a\u00e7\u00e3o isolada ou simb\u00f3lica. Com essa comiss\u00e3o, buscamos estruturar pol\u00edticas permanentes que promovam respeito, inclus\u00e3o e dignidade dentro e fora da nossa institui\u00e7\u00e3o\u201d, declarou.<\/p><p>A nova comiss\u00e3o, de car\u00e1ter volunt\u00e1rio e n\u00e3o remunerado, \u00e9 composta pelas servidoras Karolline de Andrade Porto, doutoranda em Antropologia Social (UFAM), pesquisadora sobre racismos no Amazonas e integrante da Coordenadoria de Equidade Racial e Diversidade (MPC); Paula Amles Ribeiro Rodrigues Barreiros, mestra em Administra\u00e7\u00e3o P\u00fablica e Pol\u00edticas P\u00fablicas (IDP); Cristiane Barbosa Rodrigues e Renata Gama Cavalcante, mestrandas em Administra\u00e7\u00e3o P\u00fablica (FGV-EBAPE).&nbsp;<\/p><p>O grupo nasce com o objetivo de auxiliar o TCE-AM na constru\u00e7\u00e3o de uma pol\u00edtica institucional antirracista. A proposta est\u00e1 alinhada \u00e0 Constitui\u00e7\u00e3o Federal, \u00e0 Conven\u00e7\u00e3o Interamericana contra o Racismo e \u00e0 Lei Estadual n\u00ba 7.070\/2024, entre outras normativas que refor\u00e7am o dever do poder p\u00fablico em promover a igualdade racial.<\/p><p>A cria\u00e7\u00e3o do colegiado tamb\u00e9m atende a um crit\u00e9rio espec\u00edfico do Marco de Medi\u00e7\u00e3o de Desempenho dos Tribunais de Contas (MMD-TC), da Atricon, voltado ao enfrentamento do racismo institucional. Entre as atribui\u00e7\u00f5es da comiss\u00e3o est\u00e3o o desenvolvimento de a\u00e7\u00f5es de letramento racial, a promo\u00e7\u00e3o do trabalho digno e saud\u00e1vel, o combate \u00e0 discrimina\u00e7\u00e3o e a elabora\u00e7\u00e3o de diretrizes voltadas \u00e0 valoriza\u00e7\u00e3o da diversidade \u00e9tnico-racial.<\/p><p>De acordo com Karolline Porto, uma das integrantes da comiss\u00e3o, os encontros t\u00eam ocorrido mensalmente na sede do TCE-AM. \u201cEstamos desenhando uma pol\u00edtica que v\u00e1 al\u00e9m da conscientiza\u00e7\u00e3o e promova, na pr\u00e1tica, um ambiente inclusivo, com preven\u00e7\u00e3o e responsabiliza\u00e7\u00e3o em casos de racismo institucional, bem como que possa subsidiar esse exame no controle externo. Essa \u00e9 uma demanda n\u00e3o s\u00f3 legal, mas \u00e9tica e hist\u00f3rica\u201d, pontua.<\/p><p>A comiss\u00e3o tamb\u00e9m contribuir\u00e1 com o cumprimento de metas j\u00e1 previstas no Plano de Log\u00edstica Sustent\u00e1vel da Corte, especialmente no eixo \u201cQualidade de vida no ambiente de trabalho\u201d, fortalecendo pr\u00e1ticas que respeitem a integridade psicossocial de servidores e colaboradores.<\/p><p>Por fim, o colegiado conclama servidoras e servidores interessados,&nbsp; especialmente os autodeclarados negros e ind\u00edgenas, a participarem das reuni\u00f5es, de modo a compor e contribuir com a elabora\u00e7\u00e3o do Plano Antirracista da Corte.<\/p><p><strong>Texto<\/strong>: Pedro Sousa<\/p><p><strong>Foto<\/strong>: Joel Arthus<\/p><p><strong>Fonte: TCE-AM<\/strong><\/p>\n    <div class=\"xs_social_share_widget xs_share_url after_content \t\tmain_content  wslu-style-1 wslu-share-box-shaped wslu-fill-colored wslu-none wslu-share-horizontal wslu-theme-font-no wslu-main_content\">\n\n\t\t\n        <ul>\n\t\t\t        <\/ul>\n    <\/div> \n","protected":false},"excerpt":{"rendered":"<p>Em um movimento que refor\u00e7a o compromisso com os direitos humanos e a equidade racial, o Tribunal de Contas do Amazonas (TCE-AM) instituiu a Comiss\u00e3o de Assessoramento Permanente Antirracista. A medida foi oficializada pela conselheira-presidente Yara Amaz\u00f4nia Lins, para quem a cria\u00e7\u00e3o da comiss\u00e3o representa um passo necess\u00e1rio para que o Tribunal cumpra, com coer\u00eancia, seu papel institucional e social.<\/p>\n","protected":false},"author":5,"featured_media":0,"comment_status":"open","ping_status":"open","sticky":false,"template":"","format":"standard","meta":{"postBodyCss":"","postBodyMargin":[],"postBodyPadding":[],"postBodyBackground":{"backgroundType":"classic","gradient":""},"_price":"","_stock":"","_tribe_ticket_header":"","_tribe_default_ticket_provider":"","_tribe_ticket_capacity":"0","_ticket_start_date":"","_ticket_end_date":"","_tribe_ticket_show_description":"","_tribe_ticket_show_not_going":false,"_tribe_ticket_use_global_stock":"","_tribe_ticket_global_stock_level":"","_global_stock_mode":"","_global_stock_cap":"","_tribe_rsvp_for_event":"","_tribe_ticket_going_count":"","_tribe_ticket_not_going_count":"","_tribe_tickets_list":"[]","_tribe_ticket_has_attendee_info_fields":false,"footnotes":""},"categories":[46],"tags":[13518,4091,13519,13520,13521,3587,3087,2425,8093,1342,3421],"class_list":["post-13330","post","type-post","status-publish","format-standard","hentry","category-noticias","tag-ambiente-institucional","tag-comissao","tag-comissao-antirracista-permanente","tag-comissao-de-assessoramento-permanente-antirracista","tag-conselheira-presidente-yara-amazonia-lins","tag-direitos-humanos","tag-equidade","tag-equidade-racial","tag-justica-social","tag-tce-am","tag-tribunal-de-contas-do-amazonas"],"acf":[],"_links":{"self":[{"href":"https:\/\/sgpsolucoes.com.br\/site\/wp-json\/wp\/v2\/posts\/13330"}],"collection":[{"href":"https:\/\/sgpsolucoes.com.br\/site\/wp-json\/wp\/v2\/posts"}],"about":[{"href":"https:\/\/sgpsolucoes.com.br\/site\/wp-json\/wp\/v2\/types\/post"}],"author":[{"embeddable":true,"href":"https:\/\/sgpsolucoes.com.br\/site\/wp-json\/wp\/v2\/users\/5"}],"replies":[{"embeddable":true,"href":"https:\/\/sgpsolucoes.com.br\/site\/wp-json\/wp\/v2\/comments?post=13330"}],"version-history":[{"count":0,"href":"https:\/\/sgpsolucoes.com.br\/site\/wp-json\/wp\/v2\/posts\/13330\/revisions"}],"wp:attachment":[{"href":"https:\/\/sgpsolucoes.com.br\/site\/wp-json\/wp\/v2\/media?parent=13330"}],"wp:term":[{"taxonomy":"category","embeddable":true,"href":"https:\/\/sgpsolucoes.com.br\/site\/wp-json\/wp\/v2\/categories?post=13330"},{"taxonomy":"post_tag","embeddable":true,"href":"https:\/\/sgpsolucoes.com.br\/site\/wp-json\/wp\/v2\/tags?post=13330"}],"curies":[{"name":"wp","href":"https:\/\/api.w.org\/{rel}","templated":true}]}}