{"id":13336,"date":"2025-07-28T19:19:07","date_gmt":"2025-07-28T22:19:07","guid":{"rendered":"https:\/\/sgpsolucoes.com.br\/site\/?p=13336"},"modified":"2025-07-28T19:19:08","modified_gmt":"2025-07-28T22:19:08","slug":"planos-de-saude-poderao-trocar-dividas-por-servicos-ao-sus","status":"publish","type":"post","link":"https:\/\/sgpsolucoes.com.br\/site\/planos-de-saude-poderao-trocar-dividas-por-servicos-ao-sus\/","title":{"rendered":"Planos de sa\u00fade poder\u00e3o trocar d\u00edvidas por servi\u00e7os ao SUS"},"content":{"rendered":"<p><em><strong>Portaria conjunta da AGU e do Minist\u00e9rio da Sa\u00fade regulamenta ressarcimento ao programa \u201cAgora Tem Especialistas\u201d por meio de atendimento especializado<\/strong><\/em><\/p><p><img fetchpriority=\"high\" decoding=\"async\" src=\"https:\/\/www.gov.br\/agu\/pt-br\/comunicacao\/noticias\/planos-de-saude-poderao-trocar-dividas-por-servicos-ao-sus\/mais-especialistas.jpg\/@@images\/389588be-d57b-41a6-b114-2a5b67cb14bd.jpeg\" alt=\"Mais especialistas.jpg\" height=\"432\" width=\"768\"><\/p><p><em>&#8211; Foto: Renato Menezes\/AscomAGU<\/em><\/p><p>A Advocacia-Geral da Uni\u00e3o (AGU) e o Minist\u00e9rio da Sa\u00fade (MS) lan\u00e7aram nesta segunda-feira (28\/7)\u00a0<a href=\"https:\/\/www.gov.br\/agu\/pt-br\/comunicacao\/noticias\/PortariaConjuntaMSAGUn7702de28.7.2025Reg.doProgAgoraTemEspecialistas.pdf\" target=\"_blank\" rel=\"noreferrer noopener\">uma portaria conjunta\u00a0<\/a>que permitir\u00e1 a troca de d\u00edvidas de operadoras de planos de sa\u00fade por ofertas de atendimento especializado ao Sistema \u00danico de Sa\u00fade (SUS). A novidade foi anunciada pelos ministros da AGU, Jorge Messias, e da Sa\u00fade, Alexandre Padilha, durante entrevista coletiva.<\/p><p>A medida integra o programa \u201cAgora Tem Especialistas\u201d, que tem como objetivo ampliar o acesso da popula\u00e7\u00e3o a servi\u00e7os especializados, reduzindo a fila de espera para consultas, exames, procedimentos diagn\u00f3sticos e terap\u00eauticos e cirurgias eletivas.<\/p><p>Inicialmente poder\u00e3o ser convertidas d\u00edvidas que somam R$ 750 milh\u00f5es, com prioridade para seis \u00e1reas em que h\u00e1 maior car\u00eancia por servi\u00e7os especializados: oncologia, oftalmologia, ortopedia, otorrinolaringologia, cardiologia e ginecologia.<\/p><p>\u201cEstamos diante de uma tremenda inova\u00e7\u00e3o institucional, um arranjo inovador para fazer frente ao desafio que \u00e9 zerar a fila de atendimento no SUS\u201d, celebrou o ministro da AGU, Jorge Messias. \u201c\u00c9 uma oportunidade hist\u00f3rica de reverter esses recursos em benef\u00edcio da sociedade brasileira, a partir de um programa moderno, muito bem desenhado pelo Minist\u00e9rio da Sa\u00fade, com o nosso apoio\u201d, completou o ministro.<\/p><p>De acordo com o ministro da Sa\u00fade, Alexandre Padilha, as d\u00edvidas que poder\u00e3o ser convertidas em servi\u00e7os s\u00e3o historicamente dif\u00edceis de serem recuperadas. \u201cAgora transformaremos isso em mais cirurgias e atendimento especializado\u201d, afirmou, lembrando que apenas 10% dos m\u00e9dicos especialistas atuantes no Pa\u00eds integram o Sistema \u00danico de Sa\u00fade. \u201cPor isso \u00e9 importante levar o paciente do SUS onde est\u00e3o os especialistas.\u201d<\/p><p>As diretrizes e o fluxo para a convers\u00e3o de obriga\u00e7\u00f5es de ressarcimento ao SUS em presta\u00e7\u00e3o de servi\u00e7os est\u00e3o estabelecidos na Portaria Conjunta MS\/AGU 7.702, de 28 de julho de 2025, que regulamenta o Componente Ressarcimento do programa \u201cAgora Tem Especialistas\u201d.<\/p><p>A ades\u00e3o das operadoras ao programa ser\u00e1 volunt\u00e1ria e dever\u00e1 atender a crit\u00e9rios pr\u00e9-estabelecidos, observando as necessidades do SUS. Os planos de sa\u00fade que aderirem n\u00e3o poder\u00e3o descumprir os prazos fixados pela Ag\u00eancia Nacional de Sa\u00fade Suplementar (ANS) para o atendimento de seus usu\u00e1rios.<\/p><p><a href=\"https:\/\/www.gov.br\/saude\/pt-br\/centrais-de-conteudo\/apresentacoes\/2025\/apresentacao-agora-tem-especialistas-mobilizacao-com-planos-de-saude-para-reduzir-tempo-de-espera-no-sus.pdf\" target=\"_blank\" rel=\"noreferrer noopener\">Clique aqui<\/a>&nbsp;para saber mais sobre o programa.<\/p><p><strong>Fonte: Assessoria Especial de Comunica\u00e7\u00e3o Social da AGU<\/strong><\/p>\n    <div class=\"xs_social_share_widget xs_share_url after_content \t\tmain_content  wslu-style-1 wslu-share-box-shaped wslu-fill-colored wslu-none wslu-share-horizontal wslu-theme-font-no wslu-main_content\">\n\n\t\t\n        <ul>\n\t\t\t        <\/ul>\n    <\/div> \n","protected":false},"excerpt":{"rendered":"<p>Portaria conjunta da AGU e do Minist\u00e9rio da Sa\u00fade regulamenta ressarcimento ao programa \u201cAgora Tem Especialistas\u201d por meio de atendimento especializado<\/p>\n","protected":false},"author":5,"featured_media":0,"comment_status":"open","ping_status":"open","sticky":false,"template":"","format":"standard","meta":{"postBodyCss":"","postBodyMargin":[],"postBodyPadding":[],"postBodyBackground":{"backgroundType":"classic","gradient":""},"_price":"","_stock":"","_tribe_ticket_header":"","_tribe_default_ticket_provider":"","_tribe_ticket_capacity":"0","_ticket_start_date":"","_ticket_end_date":"","_tribe_ticket_show_description":"","_tribe_ticket_show_not_going":false,"_tribe_ticket_use_global_stock":"","_tribe_ticket_global_stock_level":"","_global_stock_mode":"","_global_stock_cap":"","_tribe_rsvp_for_event":"","_tribe_ticket_going_count":"","_tribe_ticket_not_going_count":"","_tribe_tickets_list":"[]","_tribe_ticket_has_attendee_info_fields":false,"footnotes":""},"categories":[46],"tags":[1408,13527,79,13526,2992,10463,13528,1124,10906,4724,700,500,3284,2287,13529],"class_list":["post-13336","post","type-post","status-publish","format-standard","hentry","category-noticias","tag-advocacia-geral-da-uniao","tag-agora-tem-especialistas","tag-agu","tag-atendimento-especializado","tag-dividas","tag-ministerio-da-saude","tag-operadoras","tag-planos-de-saude","tag-portaria-conjunta","tag-programa","tag-ressarcimento","tag-servicos-2","tag-sistema-unico-de-saude","tag-sus","tag-troca-de-dividas"],"acf":[],"_links":{"self":[{"href":"https:\/\/sgpsolucoes.com.br\/site\/wp-json\/wp\/v2\/posts\/13336"}],"collection":[{"href":"https:\/\/sgpsolucoes.com.br\/site\/wp-json\/wp\/v2\/posts"}],"about":[{"href":"https:\/\/sgpsolucoes.com.br\/site\/wp-json\/wp\/v2\/types\/post"}],"author":[{"embeddable":true,"href":"https:\/\/sgpsolucoes.com.br\/site\/wp-json\/wp\/v2\/users\/5"}],"replies":[{"embeddable":true,"href":"https:\/\/sgpsolucoes.com.br\/site\/wp-json\/wp\/v2\/comments?post=13336"}],"version-history":[{"count":0,"href":"https:\/\/sgpsolucoes.com.br\/site\/wp-json\/wp\/v2\/posts\/13336\/revisions"}],"wp:attachment":[{"href":"https:\/\/sgpsolucoes.com.br\/site\/wp-json\/wp\/v2\/media?parent=13336"}],"wp:term":[{"taxonomy":"category","embeddable":true,"href":"https:\/\/sgpsolucoes.com.br\/site\/wp-json\/wp\/v2\/categories?post=13336"},{"taxonomy":"post_tag","embeddable":true,"href":"https:\/\/sgpsolucoes.com.br\/site\/wp-json\/wp\/v2\/tags?post=13336"}],"curies":[{"name":"wp","href":"https:\/\/api.w.org\/{rel}","templated":true}]}}