{"id":13343,"date":"2025-07-29T11:44:57","date_gmt":"2025-07-29T14:44:57","guid":{"rendered":"https:\/\/sgpsolucoes.com.br\/site\/?p=13343"},"modified":"2025-07-29T11:44:58","modified_gmt":"2025-07-29T14:44:58","slug":"stf-vai-julgar-se-empresa-que-vai-fechar-pode-compensar-prejuizos-fiscais-de-uma-vez","status":"publish","type":"post","link":"https:\/\/sgpsolucoes.com.br\/site\/stf-vai-julgar-se-empresa-que-vai-fechar-pode-compensar-prejuizos-fiscais-de-uma-vez\/","title":{"rendered":"STF vai julgar se empresa que vai fechar pode compensar preju\u00edzos fiscais de uma vez"},"content":{"rendered":"<p><em><strong>Mat\u00e9ria teve repercuss\u00e3o geral reconhecida, por unanimidade, em delibera\u00e7\u00e3o do Plen\u00e1rio Virtual da Corte<\/strong><\/em><\/p><p>O Supremo Tribunal Federal (STF) vai decidir se uma empresa que est\u00e1 sendo fechada pode compensar todos os seus preju\u00edzos fiscais de uma vez, sem o limite anual de 30% previsto em lei. O tema \u00e9 tratado no Recurso Extraordin\u00e1rio&nbsp;<strong><a href=\"https:\/\/portal.stf.jus.br\/processos\/detalhe.asp?incidente=6588004\" target=\"_blank\" rel=\"noreferrer noopener\">(RE) 1425640<\/a><\/strong>, que teve repercuss\u00e3o geral reconhecida (Tema 1.401) pelo Plen\u00e1rio Virtual. Ainda n\u00e3o h\u00e1 data para o julgamento do m\u00e9rito, e a tese a ser firmada ser\u00e1 aplicada em todas as inst\u00e2ncias da Justi\u00e7a.<\/p><h5 class=\"wp-block-heading\"><strong>Limita\u00e7\u00e3o<\/strong><\/h5><p>As Leis 8.981\/1995 e 9.065\/1995 limitam a 30% a compensa\u00e7\u00e3o dos preju\u00edzos fiscais do Imposto de Renda e da base de c\u00e1lculo negativa da Contribui\u00e7\u00e3o Social sobre Lucro L\u00edquido (CSLL) em cada exerc\u00edcio, a chamada \u201ctrava dos 30\u201d.<\/p><p>No caso concreto, uma empresa de abate de aves que teve seu CNPJ extinto pretende a compensa\u00e7\u00e3o integral dos preju\u00edzos fiscais apurados em anos anteriores, sem a trava de 30%. O Tribunal Regional Federal da 4\u00aa Regi\u00e3o, contudo, recha\u00e7ou a pretens\u00e3o, por entender que a lei n\u00e3o faz distin\u00e7\u00f5es ou ressalvas a pessoas jur\u00eddicas, ainda que prestes a serem extintas&nbsp;<\/p><p>No STF, a empresa argumenta que a veda\u00e7\u00e3o de compensa\u00e7\u00e3o integral no ano de extin\u00e7\u00e3o perpetua a tributa\u00e7\u00e3o sobre resultados financeiros negativos, de modo que esses tributos, em vez de incidir sobre o lucro, resultar\u00e3o em cobran\u00e7a sobre seu patrim\u00f4nio. Al\u00e9m disso, uma vez imposta a limita\u00e7\u00e3o de compensa\u00e7\u00e3o da totalidade do preju\u00edzo fiscal em caso de extin\u00e7\u00e3o, incorpora\u00e7\u00e3o, fus\u00e3o ou cis\u00e3o de sua atividade social, a empresa ficar\u00e1 impedida de faz\u00ea-lo no futuro, em flagrante tratamento n\u00e3o ison\u00f4mico.<\/p><h5 class=\"wp-block-heading\"><strong>Manifesta\u00e7\u00e3o<\/strong><\/h5><p>Ao se manifestar pela repercuss\u00e3o geral do recurso, o relator, ministro Andr\u00e9 Mendon\u00e7a, afirmou que a mat\u00e9ria tem relev\u00e2ncia social, econ\u00f4mica e jur\u00eddica, especialmente diante da frequ\u00eancia de reorganiza\u00e7\u00f5es empresariais e da necessidade de seguran\u00e7a jur\u00eddica nas regras de compensa\u00e7\u00e3o de preju\u00edzos fiscais.<\/p><p>O ministro lembrou que o Supremo, no julgamento do Tema 117 da repercuss\u00e3o geral, reconheceu a constitucionalidade da limita\u00e7\u00e3o da compensa\u00e7\u00e3o de preju\u00edzos fiscais e base de c\u00e1lculo negativa da CSLL, mas n\u00e3o tratou das hip\u00f3teses de extin\u00e7\u00e3o da pessoa jur\u00eddica. Assim, o STF deve esclarecer se \u00e9 v\u00e1lida a limita\u00e7\u00e3o da compensa\u00e7\u00e3o de preju\u00edzos fiscais em 30%, no caso de empresa em extin\u00e7\u00e3o, sendo que o restante dos cr\u00e9ditos s\u00f3 poderia ser usado em exerc\u00edcios posteriores.<\/p><p><strong>Fonte: STF<\/strong><\/p>\n    <div class=\"xs_social_share_widget xs_share_url after_content \t\tmain_content  wslu-style-1 wslu-share-box-shaped wslu-fill-colored wslu-none wslu-share-horizontal wslu-theme-font-no wslu-main_content\">\n\n\t\t\n        <ul>\n\t\t\t        <\/ul>\n    <\/div> \n","protected":false},"excerpt":{"rendered":"<p>O Supremo Tribunal Federal (STF) vai decidir se uma empresa que est\u00e1 sendo fechada pode compensar todos os seus preju\u00edzos fiscais de uma vez, sem o limite anual de 30% previsto em lei. O tema \u00e9 tratado no Recurso Extraordin\u00e1rio\u00a0(RE) 1425640, que teve repercuss\u00e3o geral reconhecida (Tema 1.401) pelo Plen\u00e1rio Virtual. Ainda n\u00e3o h\u00e1 data para o julgamento do m\u00e9rito, e a tese a ser firmada ser\u00e1 aplicada em todas as inst\u00e2ncias da Justi\u00e7a.<\/p>\n","protected":false},"author":5,"featured_media":0,"comment_status":"open","ping_status":"open","sticky":false,"template":"","format":"standard","meta":{"postBodyCss":"","postBodyMargin":[],"postBodyPadding":[],"postBodyBackground":{"backgroundType":"classic","gradient":""},"_price":"","_stock":"","_tribe_ticket_header":"","_tribe_default_ticket_provider":"","_tribe_ticket_capacity":"0","_ticket_start_date":"","_ticket_end_date":"","_tribe_ticket_show_description":"","_tribe_ticket_show_not_going":false,"_tribe_ticket_use_global_stock":"","_tribe_ticket_global_stock_level":"","_global_stock_mode":"","_global_stock_cap":"","_tribe_rsvp_for_event":"","_tribe_ticket_going_count":"","_tribe_ticket_not_going_count":"","_tribe_tickets_list":"[]","_tribe_ticket_has_attendee_info_fields":false,"footnotes":""},"categories":[46],"tags":[13542,1113,13540,13544,13539,13543,1870,1731,347,348,13541,1043],"class_list":["post-13343","post","type-post","status-publish","format-standard","hentry","category-noticias","tag-compensar","tag-empresa","tag-limite-anual","tag-plenario-virtual","tag-prejuizos-fiscais","tag-re-1425640","tag-recurso-extraordinario","tag-repercussao-geral","tag-stf","tag-supremo-tribunal-federal","tag-tema-1-401","tag-unanimidade"],"acf":[],"_links":{"self":[{"href":"https:\/\/sgpsolucoes.com.br\/site\/wp-json\/wp\/v2\/posts\/13343"}],"collection":[{"href":"https:\/\/sgpsolucoes.com.br\/site\/wp-json\/wp\/v2\/posts"}],"about":[{"href":"https:\/\/sgpsolucoes.com.br\/site\/wp-json\/wp\/v2\/types\/post"}],"author":[{"embeddable":true,"href":"https:\/\/sgpsolucoes.com.br\/site\/wp-json\/wp\/v2\/users\/5"}],"replies":[{"embeddable":true,"href":"https:\/\/sgpsolucoes.com.br\/site\/wp-json\/wp\/v2\/comments?post=13343"}],"version-history":[{"count":0,"href":"https:\/\/sgpsolucoes.com.br\/site\/wp-json\/wp\/v2\/posts\/13343\/revisions"}],"wp:attachment":[{"href":"https:\/\/sgpsolucoes.com.br\/site\/wp-json\/wp\/v2\/media?parent=13343"}],"wp:term":[{"taxonomy":"category","embeddable":true,"href":"https:\/\/sgpsolucoes.com.br\/site\/wp-json\/wp\/v2\/categories?post=13343"},{"taxonomy":"post_tag","embeddable":true,"href":"https:\/\/sgpsolucoes.com.br\/site\/wp-json\/wp\/v2\/tags?post=13343"}],"curies":[{"name":"wp","href":"https:\/\/api.w.org\/{rel}","templated":true}]}}